{"id":262062,"date":"2025-07-12T08:42:11","date_gmt":"2025-07-12T08:42:11","guid":{"rendered":"https:\/\/www.europesays.com\/de\/262062\/"},"modified":"2025-07-12T08:42:11","modified_gmt":"2025-07-12T08:42:11","slug":"kinderlaehmung-ich-gehe-davon-aus-dass-menschen-unbemerkt-mit-polio-infiziert-sind","status":"publish","type":"post","link":"https:\/\/www.europesays.com\/de\/262062\/","title":{"rendered":"Kinderl\u00e4hmung: &#8222;Ich gehe davon aus, dass Menschen unbemerkt mit Polio infiziert sind&#8220;"},"content":{"rendered":"<p>\n                        Erneut ist das Poliovirus im Abwasser deutscher St\u00e4dte aufgetaucht. Wom\u00f6glich zirkuliert es schon unter Menschen. Das k\u00f6nnte zum Problem werden, wie Daten des RKI zeigen.\n                    <\/p>\n<p>        12. Juli 2025, 8:19 Uhr\n    <\/p>\n<p>    <a class=\"z-text-button\" href=\"#comments\" title=\"Kommentare anzeigen\" data-ct-row=\"comments\" data-ct-column=\"false\"><\/p>\n<p>            49<br \/>\n            Kommentare<br \/>\n        <\/a><br \/>\n    Zusammenfassen<\/p>\n<p>                Schlie\u00dfen<br \/>\n                Artikelzusammenfassung<\/p>\n<p>Deutschland war lange poliofrei, doch nun tauchen Polioviren im Abwasser auf. Die Funde in vier St\u00e4dten beunruhigen die Beh\u00f6rden, da viele Kinder zu sp\u00e4t geimpft werden. Die Viren stammen von impfstoffabgeleiteten Varianten, die sich durch Mutationen gef\u00e4hrlich entwickeln k\u00f6nnen. Die niedrigen Impfquoten sind besorgniserregend, da Polio hoch ansteckend ist. Experten warnen vor m\u00f6glichen Poliof\u00e4llen und appellieren an zeitgerechte Impfungen, um eine Ausbreitung zu verhindern.<\/p>\n<p>                Dies ist ein experimentelles Tool. Die Resultate k\u00f6nnen unvollst\u00e4ndig, veraltet oder sogar falsch sein.<\/p>\n<p class=\"summy__feedback-paragraph\">Fanden Sie die Zusammenfassung hilfreich? <\/p>\n<p>                        Gef\u00e4llt mir<\/p>\n<p>                        Gef\u00e4llt mir<\/p>\n<p>                        Gef\u00e4llt mir nicht<\/p>\n<p>                        Gef\u00e4llt mir nicht<\/p>\n<p>                        Send<\/p>\n<p class=\"paragraph\">Seit Mai 2021 gibt es in Deutschland ein Fr\u00fchwarnsystem f\u00fcr Polioviren. Fachleute suchen in Abwasserproben mehrerer Kl\u00e4rwerke nach den Erregern. Inzwischen beproben sie zehn St\u00e4dte. Bis Oktober 2024 fanden sie: nichts.\n<\/p>\n<p class=\"paragraph\">Doch im November 2024 tauchte das <a class=\"rtr-entity\" href=\"https:\/\/www.zeit.de\/thema\/virus\" rel=\"nofollow noopener\" target=\"_blank\">Virus<\/a> pl\u00f6tzlich auf. In neun der zehn beprobten St\u00e4dte fanden sich Polioviren im Abwasser.\n<\/p>\n<p class=\"paragraph\">Jetzt wurde bekannt: Zwischen April und Juni dieses Jahres sind in vier der untersuchten St\u00e4dte\u00a0erneut Abwasserproben positiv auf Polioviren getestet worden.\u00a0Und Beh\u00f6rden sind besorgt.<\/p>\n","protected":false},"excerpt":{"rendered":"Erneut ist das Poliovirus im Abwasser deutscher St\u00e4dte aufgetaucht. Wom\u00f6glich zirkuliert es schon unter Menschen. Das k\u00f6nnte zum&hellip;\n","protected":false},"author":2,"featured_media":262063,"comment_status":"","ping_status":"","sticky":false,"template":"","format":"standard","meta":{"footnotes":""},"categories":[5],"tags":[11235,141,13,755,993,23666,14,15,16256,12,10,8,9,11,637],"class_list":{"0":"post-262062","1":"post","2":"type-post","3":"status-publish","4":"format-standard","5":"has-post-thumbnail","7":"category-nachrichten","8":"tag-abwasser","9":"tag-gesundheit","10":"tag-headlines","11":"tag-impfung","12":"tag-infektion","13":"tag-kinderlaehmung","14":"tag-nachrichten","15":"tag-news","16":"tag-rki","17":"tag-schlagzeilen","18":"tag-top-news","19":"tag-top-meldungen","20":"tag-topmeldungen","21":"tag-topnews","22":"tag-virus"},"share_on_mastodon":{"url":"https:\/\/pubeurope.com\/@de\/114839378372770577","error":""},"_links":{"self":[{"href":"https:\/\/www.europesays.com\/de\/wp-json\/wp\/v2\/posts\/262062","targetHints":{"allow":["GET"]}}],"collection":[{"href":"https:\/\/www.europesays.com\/de\/wp-json\/wp\/v2\/posts"}],"about":[{"href":"https:\/\/www.europesays.com\/de\/wp-json\/wp\/v2\/types\/post"}],"author":[{"embeddable":true,"href":"https:\/\/www.europesays.com\/de\/wp-json\/wp\/v2\/users\/2"}],"replies":[{"embeddable":true,"href":"https:\/\/www.europesays.com\/de\/wp-json\/wp\/v2\/comments?post=262062"}],"version-history":[{"count":0,"href":"https:\/\/www.europesays.com\/de\/wp-json\/wp\/v2\/posts\/262062\/revisions"}],"wp:featuredmedia":[{"embeddable":true,"href":"https:\/\/www.europesays.com\/de\/wp-json\/wp\/v2\/media\/262063"}],"wp:attachment":[{"href":"https:\/\/www.europesays.com\/de\/wp-json\/wp\/v2\/media?parent=262062"}],"wp:term":[{"taxonomy":"category","embeddable":true,"href":"https:\/\/www.europesays.com\/de\/wp-json\/wp\/v2\/categories?post=262062"},{"taxonomy":"post_tag","embeddable":true,"href":"https:\/\/www.europesays.com\/de\/wp-json\/wp\/v2\/tags?post=262062"}],"curies":[{"name":"wp","href":"https:\/\/api.w.org\/{rel}","templated":true}]}}