{"id":262064,"date":"2025-07-12T08:43:18","date_gmt":"2025-07-12T08:43:18","guid":{"rendered":"https:\/\/www.europesays.com\/de\/262064\/"},"modified":"2025-07-12T08:43:18","modified_gmt":"2025-07-12T08:43:18","slug":"hllanzeiger-eine-planetarische-geschichte-der-zukunft","status":"publish","type":"post","link":"https:\/\/www.europesays.com\/de\/262064\/","title":{"rendered":"H@llAnzeiger &#8211; Eine planetarische Geschichte der Zukunft"},"content":{"rendered":"<p><img decoding=\"async\" src=\"https:\/\/www.europesays.com\/de\/wp-content\/uploads\/2025\/07\/planetarium15-678x381.jpg\" alt=\"Planetarium Halle\" title=\"planetarium15\"\/><br \/>\n\u00a9 H@llAnzeiger<\/p>\n<p>Halle\/KstM. Der Abend des <strong>15. Juli 2025<\/strong>\u00a0widmet sich im Planetarium Halle der Schaffung von Visionen f\u00fcr die Zukunft, die das Wissen um koloniale Geschichte und ihre \u00f6kologischen Auswirkungen ein\ufb02ie\u00dfen lassen.<\/p>\n<p>Lito Kattou f\u00fchrt in \u201eRed Lake\u201c in eine digitale, in die 360\u00b0-Kuppel projizierte Landschaft. Das KI-gesteuerte Wesen \u201cSan\u201d reagiert darin auf klimatische Ver\u00e4nderungen, die durch den kolonialen Kupferabbau auf Zypern ausgel\u00f6st wurden.<\/p>\n<p>Mit Dokumenten, die die Ausbeutung von Gesteinen in Brasilien belegen, webt Mabe Beth\u00f4nico eine Erz\u00e4hlung, die gleicherma\u00dfen auf Science Fiction aufbaut. Axelle Karera (Assistant Professor of Philosophy, Emory University), die den Zusammenhang zwischen kolonialer Ausbeutung und langfristigen \u00f6kologischen Folgen analysiert, entwickelt daraus eine spekulative, planetarische Utopie.<\/p>\n<p>Die abschlie\u00dfende Diskussion, moderiert von Katerina Genidogan (Erasmus School of Philosophy, Universit\u00e4t Rotterdam, und Leuphana Universit\u00e4t L\u00fcneburg), beleuchtet das Potenzial der Verbindung von Geschichte und Fiktion in der Kunst f\u00fcr die Narrativierung des Klimawandels.<\/p>\n<p>Die Veranstaltung findet in englischer Sprache statt. Vor Ort wird eine deutsche Simultan\u00fcbersetzung angeboten.<\/p>\n<p><strong>Programm<\/strong><br \/>18.30 Uhr: \u201eExtraordinary Mineral Stories\u201c \u2013 Performance von Mabe Beth\u00f4nico<br \/>19 Uhr: \u201eRed Lake\u201c \u2013 Screening von Lito Kattou<br \/>19.30 Uhr: Vortrag von Axelle Karera<br \/>20.15 Uhr: Diskussion, Moderation: Katerina Genidogan<\/p>\n<p><strong>Ort<\/strong><br \/>Planetarium Halle (Saale)<br \/>Holzplatz 5<\/p>\n<p><strong>Kosten<\/strong><br \/>Die Teilnahme an den Veranstaltungen ist kostenfrei.<\/p>\n<p>Weitere Informationen unter <a href=\"https:\/\/planetarische-bauern.werkleitz.de\/programm\" target=\"_blank\" rel=\"noopener nofollow\">https:\/\/planetarische-bauern.werkleitz.de\/programm<\/a><\/p>\n","protected":false},"excerpt":{"rendered":"\u00a9 H@llAnzeiger Halle\/KstM. Der Abend des 15. Juli 2025\u00a0widmet sich im Planetarium Halle der Schaffung von Visionen f\u00fcr&hellip;\n","protected":false},"author":2,"featured_media":262065,"comment_status":"","ping_status":"","sticky":false,"template":"","format":"standard","meta":{"footnotes":""},"categories":[1860],"tags":[3364,29,548,663,3934,30,4062,17332,13,14,15,17331,860,12],"class_list":{"0":"post-262064","1":"post","2":"type-post","3":"status-publish","4":"format-standard","5":"has-post-thumbnail","7":"category-halle-saale","8":"tag-de","9":"tag-deutschland","10":"tag-eu","11":"tag-europa","12":"tag-europe","13":"tag-germany","14":"tag-halle","15":"tag-halle-saale","16":"tag-headlines","17":"tag-nachrichten","18":"tag-news","19":"tag-saale","20":"tag-sachsen-anhalt","21":"tag-schlagzeilen"},"share_on_mastodon":{"url":"https:\/\/pubeurope.com\/@de\/114839381794280689","error":""},"_links":{"self":[{"href":"https:\/\/www.europesays.com\/de\/wp-json\/wp\/v2\/posts\/262064","targetHints":{"allow":["GET"]}}],"collection":[{"href":"https:\/\/www.europesays.com\/de\/wp-json\/wp\/v2\/posts"}],"about":[{"href":"https:\/\/www.europesays.com\/de\/wp-json\/wp\/v2\/types\/post"}],"author":[{"embeddable":true,"href":"https:\/\/www.europesays.com\/de\/wp-json\/wp\/v2\/users\/2"}],"replies":[{"embeddable":true,"href":"https:\/\/www.europesays.com\/de\/wp-json\/wp\/v2\/comments?post=262064"}],"version-history":[{"count":0,"href":"https:\/\/www.europesays.com\/de\/wp-json\/wp\/v2\/posts\/262064\/revisions"}],"wp:featuredmedia":[{"embeddable":true,"href":"https:\/\/www.europesays.com\/de\/wp-json\/wp\/v2\/media\/262065"}],"wp:attachment":[{"href":"https:\/\/www.europesays.com\/de\/wp-json\/wp\/v2\/media?parent=262064"}],"wp:term":[{"taxonomy":"category","embeddable":true,"href":"https:\/\/www.europesays.com\/de\/wp-json\/wp\/v2\/categories?post=262064"},{"taxonomy":"post_tag","embeddable":true,"href":"https:\/\/www.europesays.com\/de\/wp-json\/wp\/v2\/tags?post=262064"}],"curies":[{"name":"wp","href":"https:\/\/api.w.org\/{rel}","templated":true}]}}