{"id":262224,"date":"2025-07-12T10:11:11","date_gmt":"2025-07-12T10:11:11","guid":{"rendered":"https:\/\/www.europesays.com\/de\/262224\/"},"modified":"2025-07-12T10:11:11","modified_gmt":"2025-07-12T10:11:11","slug":"sommerfest-der-stadttoechter-wfmg-und-ewmg","status":"publish","type":"post","link":"https:\/\/www.europesays.com\/de\/262224\/","title":{"rendered":"Sommerfest der Stadtt\u00f6chter WFMG und EWMG"},"content":{"rendered":"<p class=\"text_ohne_einzug richtext text-em-55 !leading-serif mx-6 desktop:mx-0\"> Am Tag zuvor trafen sich die Politiker zur Sitzung des Rates erstmals im Haus Erholung. Arbeiten stand da an. Am Donnerstag (10. Juli) kamen dann so viele G\u00e4ste aus Wirtschaft, Politik und Stadtgesellschaft in den <a href=\"https:\/\/rp-online.de\/thema\/biergarten\/\" target=\"_blank\" rel=\"noopener\">Biergarten<\/a> von Haus Erholung, dass der Name Programm war. Bei sch\u00f6nem Sommerwetter gab es beim <a href=\"https:\/\/rp-online.de\/thema\/sommerfest\/\" target=\"_blank\" rel=\"noopener\">Sommerfest<\/a> der st\u00e4dtischen Unternehmen WFMG und EWMG viel Zeit f\u00fcr anregende Gespr\u00e4che und auch mal einen lockeren Plausch.<\/p>\n<p class=\"richtext text-em-55 !leading-serif mx-6 desktop:mx-0\">Die beiden Stadtt\u00f6chter hatten zum geselligen Austausch geladen. Der Chef beider Unternehmen, Ulrich Sch\u00fcckhaus, war an dem Abend mit seinem Kollegen Friedhelm Lange der Gastgeber. Der Hausherr freute sich \u00fcber eine tolle Nachricht, die Oberb\u00fcrgermeister Felix Heinrichs (SPD) den G\u00e4sten im Park noch mal eindringlich verk\u00fcndete: \u201eWir haben jetzt 107.258 sozialversicherungspflichtig Besch\u00e4ftigte in der Stadt. Das ist Rekord und vor allem auch der Verdienst von ihnen allen, die heute hier sind.\u201c Die Unternehmen in M\u00f6nchengladbach h\u00e4tten f\u00fcr diese positiven Nachrichten gesorgt. Heinrichs verwies auf die \u201etollen Projekte\u201c, die man in der Zukunft noch angehen werde.<\/p>\n<p class=\"richtext text-em-55 !leading-serif mx-6 desktop:mx-0\">In der Zuneigung zu seiner Heimat wollte sich Ulrich Sch\u00fcckhaus nicht lumpen lassen. \u201eIch liebe diese Stadt\u201c, gestand der EWMG-Chef unter freundlichem Raunen des Publikums. Als geb\u00fcrtiger Wickrather habe er nach der Eingemeindung zu M\u00f6nchengladbach doch zu dieser Erkenntnis gefunden. Er erinnerte daran, wie sehr erst der Strukturwandel in der Textilindustrie die Stadt besch\u00e4ftigt habe, nun sei man im n\u00e4chsten Strukturwandel: das Ende des Tagebaus. Doch die Zeichen in der Stadt seien gesetzt: Er sehe den Wissenscampus und hoffe auf den Bau des gro\u00dfen Hockeyleistungszentrums. Nun aber sei Zeit und M\u00f6glichkeit an dem sommerlichen Abend, bei gutem Essen und Getr\u00e4nken weiter zu netzwerken. \u201eMachen Sie das zum Nutzen unserer Stadt und Wirtschaft.\u201c<\/p>\n<p class=\"richtext text-em-55 !leading-serif mx-6 desktop:mx-0\">Wer auf Entdeckungsreise gehen wollte, durfte sich an dem Abend bei auf etwas ganz Besonderes und Neues freuen: Im Gew\u00f6lbekeller von Haus Erholung lockte eine au\u00dfergew\u00f6hnliche Location, in der Menschen Tag und Nacht zusammenkommen k\u00f6nnen, um sich auszutauschen und gemeinsam ihre Leidenschaft f\u00fcr Wein zu teilen. Anfang September wird die \u201eWine-Bank\u201c er\u00f6ffnet. Da kamen dann viele G\u00e4ste einfach mal mit, wenn Bernd Nie\u00dfen, Frithjof Struye, Oliver Nicolai und Frank S\u00f6llner mit Clubmanagerin Jennifer Hauptmann und Frank Klemm (Wine-Bank Franchise) durch den Keller f\u00fchrten.<\/p>\n<p class=\"richtext text-em-55 !leading-serif mx-6 desktop:mx-0\">Unter den G\u00e4sten waren Michael Hilgers (Sparkassenpark), die Chefs von Stadtsparkasse (Antonius Bergmann) und Volksbank (Franz D. Meurers), Beate Gothe (Gothe Edelstahl), Gregor Ungricht (Immobilien Revital Estate), die Beigeordnete Silke Wehmh\u00f6rner, Minto-Chefin Andrea Eggers, Plexiphones-Frontmann Wolfgang Kemmerling, Jochen Ohligs (Metaglobe), die Makler Norbert Bienen und Frank Mund, das fr\u00fchere Prinzenpaar Kathrin und Alexander de Blois, Hochschul-Professor Tom Meuser (Cyber Security Management), Stefan Wagemanns (Der Mittelstand) und Maximilian Reisch (Nobocon) und Christina Seghorn (Sirius Facilities).<\/p>\n","protected":false},"excerpt":{"rendered":"Am Tag zuvor trafen sich die Politiker zur Sitzung des Rates erstmals im Haus Erholung. Arbeiten stand da&hellip;\n","protected":false},"author":2,"featured_media":262225,"comment_status":"","ping_status":"","sticky":false,"template":"","format":"standard","meta":{"footnotes":""},"categories":[1849],"tags":[3899,3364,29,20874,548,663,3934,19014,1221,30,1724,5213,79478,13,4455,14,15,1209,16,12,79477,32990,40142,79476,55,4786],"class_list":{"0":"post-262224","1":"post","2":"type-post","3":"status-publish","4":"format-standard","5":"has-post-thumbnail","7":"category-moenchengladbach","8":"tag-biergarten","9":"tag-de","10":"tag-deutschland","11":"tag-erholung","12":"tag-eu","13":"tag-europa","14":"tag-europe","15":"tag-ewmg","16":"tag-gaeste","17":"tag-germany","18":"tag-gesellschaft","19":"tag-haus","20":"tag-hausherr","21":"tag-headlines","22":"tag-moenchengladbach","23":"tag-nachrichten","24":"tag-news","25":"tag-nordrhein-westfalen","26":"tag-politik","27":"tag-schlagzeilen","28":"tag-schueckhaus","29":"tag-sommerfest","30":"tag-stadtgesellschaft","31":"tag-trafen","32":"tag-wirtschaft","33":"tag-wirtschaftsfoerderung"},"share_on_mastodon":{"url":"https:\/\/pubeurope.com\/@de\/114839727878056675","error":""},"_links":{"self":[{"href":"https:\/\/www.europesays.com\/de\/wp-json\/wp\/v2\/posts\/262224","targetHints":{"allow":["GET"]}}],"collection":[{"href":"https:\/\/www.europesays.com\/de\/wp-json\/wp\/v2\/posts"}],"about":[{"href":"https:\/\/www.europesays.com\/de\/wp-json\/wp\/v2\/types\/post"}],"author":[{"embeddable":true,"href":"https:\/\/www.europesays.com\/de\/wp-json\/wp\/v2\/users\/2"}],"replies":[{"embeddable":true,"href":"https:\/\/www.europesays.com\/de\/wp-json\/wp\/v2\/comments?post=262224"}],"version-history":[{"count":0,"href":"https:\/\/www.europesays.com\/de\/wp-json\/wp\/v2\/posts\/262224\/revisions"}],"wp:featuredmedia":[{"embeddable":true,"href":"https:\/\/www.europesays.com\/de\/wp-json\/wp\/v2\/media\/262225"}],"wp:attachment":[{"href":"https:\/\/www.europesays.com\/de\/wp-json\/wp\/v2\/media?parent=262224"}],"wp:term":[{"taxonomy":"category","embeddable":true,"href":"https:\/\/www.europesays.com\/de\/wp-json\/wp\/v2\/categories?post=262224"},{"taxonomy":"post_tag","embeddable":true,"href":"https:\/\/www.europesays.com\/de\/wp-json\/wp\/v2\/tags?post=262224"}],"curies":[{"name":"wp","href":"https:\/\/api.w.org\/{rel}","templated":true}]}}