{"id":262309,"date":"2025-07-12T10:56:09","date_gmt":"2025-07-12T10:56:09","guid":{"rendered":"https:\/\/www.europesays.com\/de\/262309\/"},"modified":"2025-07-12T10:56:09","modified_gmt":"2025-07-12T10:56:09","slug":"umsonst-draussen-festival-in-stuttgart-diese-bands-sind-dabei-nachrichten-aus-stuttgart","status":"publish","type":"post","link":"https:\/\/www.europesays.com\/de\/262309\/","title":{"rendered":"Umsonst &#038; Drau\u00dfen Festival in Stuttgart: Diese Bands sind dabei &#8211; Nachrichten aus Stuttgart"},"content":{"rendered":"<p><strong>Stuttgart.\u00a0<\/strong> Das Festival \u201eUmsonst &amp; Drau\u00dfen\u201c findet auch in diesem Jahr wieder in Stuttgart statt und kostet, wie der Name schon erahnen l\u00e4sst, keinen Eintritt. Wie das Programm aussieht und auf welche Bands sich Besucher freuen k\u00f6nnen, gibt es hier zusammengefasst.\u00a0<\/p>\n<p><a class=\"nfy-teaser nfy-ar-teaser\" id=\"nfy-teaser-inline\" data-upscore-url=\"\" href=\"https:\/\/www.zvw.de\/stuttgart-region\/events-am-mercedes-benz-museum-stuttgart-von-comedy-bis-rave-das-steht-an_arid-974033?utm_source=empfehlungslink&amp;utm_campaign=empfehlungslink\" data-upscore-object-id=\"974033\" target=\"_blank\" rel=\"noopener\"><img loading=\"lazy\" decoding=\"async\" src=\"\/cms_media\/module_img\/6815\/3407861_2_gridmobile_symbolbild-mercedes-benz-museum-stuttgart.jpeg\" alt=\"Symbolbild Mercedes-Benz-Museum Stuttgart\" width=\"370\" height=\"229\" class=\"lazyload\" data-tmpl=\"gridmobile\"\/><\/p>\n<p> Stuttgart &amp; RegionEvents am Mercedes-Benz-Museum Stuttgart: Von Comedy bis Rave &#8211; das steht an<\/p>\n<p><\/a><br \/>\nWo findet das Festival statt?<\/p>\n<p>Das Stuttgarter Umsonst &amp; Drau\u00dfen wird bereits zum 44. Mal gefeiert. Zum dritten Mal findet es auf dem Festplatz Krehlstra\u00dfe in Stuttgart-Vaihingen statt.<\/p>\n<p>Wann findet das Umsonst &amp; Drau\u00dfen Festival in Stuttgart statt?<\/p>\n<p>Das U&amp;D ist in diesem Jahr am zweiten Augustwochenende vom 8. bis zum 10. August. Das Programm startet am Freitag um 17.30 Uhr, am Samstag um 14 Uhr und am Sonntag um 11 Uhr.\u00a0<\/p>\n<p>Line-Up: Diese Bands sind dabei<\/p>\n<p>Auf dem Umsonst &amp; Drau\u00dfen Festival treten vorwiegend regionale Bands auf. Bekannte lokale Gr\u00f6\u00dfen sind dabei, aber auch Nachwuchsbands sollen eine Chance bekommen. Das Line Up:<\/p>\n<p><a class=\"nfy-teaser nfy-ar-teaser\" id=\"nfy-teaser-inline\" data-upscore-url=\"\" href=\"https:\/\/www.zvw.de\/stuttgart-region\/sommer-sonne-open-air-festivals-und-events-in-stuttgart-und-der-region_arid-946564?utm_source=empfehlungslink&amp;utm_campaign=empfehlungslink\" data-upscore-object-id=\"946564\" target=\"_blank\" rel=\"noopener\"><img loading=\"lazy\" decoding=\"async\" src=\"\/cms_media\/module_img\/6771\/3385991_1_gridmobile_63584666.jpeg\" alt=\"Festival Open Air Symbolbild\" width=\"370\" height=\"229\" class=\"lazyload\" data-tmpl=\"gridmobile\"\/><\/p>\n<p> Stuttgart &amp; RegionSommer, Sonne, Open Air: Festivals und Events in Stuttgart und der Region<\/p>\n<p><\/a><\/p>\n<p><strong>Freitag, 8. August<\/strong><\/p>\n<p>Am Freitag k\u00f6nnen sich Besucher unter anderem auf Singer und Songwriter des Feierabendkollektivs freuen, au\u00dferdem ist der Soundt\u00fcftler Phil Haydt sowie die Dark-Wave-Synthie-Formation vague phonique vor Ort. Das sind die K\u00fcnstler am Freitag:<\/p>\n<ul>\n<li>Pale Heart<\/li>\n<li>Phil Haydt<\/li>\n<li>Vague Phonique<\/li>\n<li>Feierabendkollektiv<\/li>\n<li>Rona Mai<\/li>\n<li>Oli Donnerztag<\/li>\n<li>Friederike<\/li>\n<li>Alexis Dalas<\/li>\n<\/ul>\n<p><strong>Samstag, 9. August<\/strong><\/p>\n<p>Am Samstag bringen die Brassmaniacs aus Ulm jede Menge Gebl\u00e4se auf die B\u00fchne. Au\u00dferdem mit dabei Eight Rounds Rapid aus England und Ahead to the Sea mit Folk-Punk aus Freiburg. Das vollst\u00e4ndige Line-Up f\u00fcr Samstag sieht so aus:<\/p>\n<ul>\n<li>Long Shirt Dudes<\/li>\n<li>Brassmaniacs<\/li>\n<li>KIOSK<\/li>\n<li>Hidebound Garden<\/li>\n<li>Eight Rounds Rapid<\/li>\n<li>Dumb Bats<\/li>\n<li>Ahead to the Sea<\/li>\n<\/ul>\n<p><strong>Sonntag, 10. August<\/strong><\/p>\n<p>Am Sonntag kommt die <a href=\"https:\/\/www.zvw.de\/stuttgart-region\/stuttgarter-s%C3%A4nger-vincent-varus-%C3%BCber-seine-musik-anf%C3%A4nge-und-das-kessel-festival_arid-869965\" rel=\"noopener\" target=\"_blank\">Stuttgarter Newcomerin Jules<\/a> sowie das Hiphop-Doppelpack Yele und Bobby Sayyar. Den Abschluss macht italienischer Ska-Punk aus Ferrara mit LE IENE. Das gesamte Line-Up f\u00fcr Sonntag:<\/p>\n<ul>\n<li>Suitcase Memory<\/li>\n<li>Jules<\/li>\n<li>Yele<\/li>\n<li>Bobby Sayyar<\/li>\n<li>Crimson Delight<\/li>\n<li>Poetry Slam<\/li>\n<li>Zystem<\/li>\n<li>Nachbardach<\/li>\n<li>LE IENE<\/li>\n<\/ul>\n<p><a class=\"nfy-teaser nfy-ar-teaser\" id=\"nfy-teaser-inline\" data-upscore-url=\"\" href=\"https:\/\/www.zvw.de\/stuttgart-region\/ab-oktober-2025-in-stuttgart-queen-musical-we-will-rock-you-kehrt-zur%C3%BCck_arid-938266?utm_source=empfehlungslink&amp;utm_campaign=empfehlungslink\" data-upscore-object-id=\"938266\" target=\"_blank\" rel=\"noopener\"><img loading=\"lazy\" decoding=\"async\" src=\"\/cms_media\/module_img\/6638\/3319450_8_gridmobile_we-will-rock-you.jpeg\" alt=\"WE WILL ROCK YOU\" width=\"370\" height=\"229\" class=\"lazyload\" data-tmpl=\"gridmobile\"\/><\/p>\n<p> Stuttgart &amp; RegionAb Oktober 2025 in Stuttgart: Queen-Musical \u201eWe Will Rock You\u201c kehrt zur\u00fcck<\/p>\n<p><\/a><br \/>\nUmsonst &amp; Drau\u00dfen Festival in Stuttgart: Das Programm<\/p>\n<p>Neben viel Live-Musik ist noch einiges mehr geboten. So gibt es unter anderem Infost\u00e4nde von politisch oder gesellschaftlich aktiven Gruppen und Initiativen sowie Beitr\u00e4ge von SoLaWiS (Solidarische Landwirtschaft Stuttgart), Uhlbacher Allmende, Sexpositive Community, Netzwerk gegen Rechts, Fl\u00fcchtlingsrat BW und eine Buchlesung. Am Samstag und Sonntag k\u00f6nnen Kinder von 14 bis 18 Uhr in der Kinderwerkstatt basteln und schminken, im Zirkuszelt gibt es Kindertheater. Au\u00dferdem gastiert am Samstag der Stuttgarter Circus Circuli.<\/p>\n<p>F\u00fcr Essen und Getr\u00e4nke ist auch gesorgt. Das komplette Programm mit weiterf\u00fchrenden Infos findet man unter <a href=\"https:\/\/Im%20Kinderprogramm%20gibt%20es%20Samstag%20und%20Sonntag%20jeweils%2014-18h%20die%20Kinderwerkstatt%20mit%20basteln%20und%20schminken%20sowie%20jeweils%20ein%20Kindertheater%20im%20Zirkuszelt.%20Am%20Samstag%20das%20Figurentheater%20von%20Oliver%20K%C3%B6hler,%20am%20Sonntag%20ein%20St%C3%BCck%20von%20Lokstoff!,%20gespielt%20von%20Simon%20Kubat.%20Au%C3%9Ferdem%20tritt%20gastiert%20am%20Samstag%20nachmittag%20der%20Stuttgarter%20Circus%20Circuli%20beim%20U&amp;D%20zusammen%20mit%20seinem%20Partnerzirkus%20Circus%20Harmony%20aus%20St.%20Louis%20\/%20USA.%20Das%20komplette%20Programm%20mit%20weiterf%C3%BChrenden%20Infos%20finden%20Sie%20unter%20https:\/\/www.ud-stuttgart.de\/programm\/\" rel=\"noopener\" target=\"_blank\">https:\/\/www.ud-stuttgart.de\/programm\/<\/a>.<\/p>\n","protected":false},"excerpt":{"rendered":"Stuttgart.\u00a0 Das Festival \u201eUmsonst &amp; Drau\u00dfen\u201c findet auch in diesem Jahr wieder in Stuttgart statt und kostet, wie&hellip;\n","protected":false},"author":2,"featured_media":262310,"comment_status":"","ping_status":"","sticky":false,"template":"","format":"standard","meta":{"footnotes":""},"categories":[1830],"tags":[1634,3364,29,4115,5561,30,23596,1441,79495,3699],"class_list":{"0":"post-262309","1":"post","2":"type-post","3":"status-publish","4":"format-standard","5":"has-post-thumbnail","7":"category-stuttgart","8":"tag-baden-wuerttemberg","9":"tag-de","10":"tag-deutschland","11":"tag-event","12":"tag-festival","13":"tag-germany","14":"tag-open-air","15":"tag-stuttgart","16":"tag-umsonst-draussen","17":"tag-veranstaltung"},"share_on_mastodon":{"url":"","error":""},"_links":{"self":[{"href":"https:\/\/www.europesays.com\/de\/wp-json\/wp\/v2\/posts\/262309","targetHints":{"allow":["GET"]}}],"collection":[{"href":"https:\/\/www.europesays.com\/de\/wp-json\/wp\/v2\/posts"}],"about":[{"href":"https:\/\/www.europesays.com\/de\/wp-json\/wp\/v2\/types\/post"}],"author":[{"embeddable":true,"href":"https:\/\/www.europesays.com\/de\/wp-json\/wp\/v2\/users\/2"}],"replies":[{"embeddable":true,"href":"https:\/\/www.europesays.com\/de\/wp-json\/wp\/v2\/comments?post=262309"}],"version-history":[{"count":0,"href":"https:\/\/www.europesays.com\/de\/wp-json\/wp\/v2\/posts\/262309\/revisions"}],"wp:featuredmedia":[{"embeddable":true,"href":"https:\/\/www.europesays.com\/de\/wp-json\/wp\/v2\/media\/262310"}],"wp:attachment":[{"href":"https:\/\/www.europesays.com\/de\/wp-json\/wp\/v2\/media?parent=262309"}],"wp:term":[{"taxonomy":"category","embeddable":true,"href":"https:\/\/www.europesays.com\/de\/wp-json\/wp\/v2\/categories?post=262309"},{"taxonomy":"post_tag","embeddable":true,"href":"https:\/\/www.europesays.com\/de\/wp-json\/wp\/v2\/tags?post=262309"}],"curies":[{"name":"wp","href":"https:\/\/api.w.org\/{rel}","templated":true}]}}