{"id":262329,"date":"2025-07-12T11:07:11","date_gmt":"2025-07-12T11:07:11","guid":{"rendered":"https:\/\/www.europesays.com\/de\/262329\/"},"modified":"2025-07-12T11:07:11","modified_gmt":"2025-07-12T11:07:11","slug":"berlin-news-eisbaeren-verpflichten-bruder-von-gestorbenem-tobias-eder","status":"publish","type":"post","link":"https:\/\/www.europesays.com\/de\/262329\/","title":{"rendered":"Berlin News: Eisb\u00e4ren verpflichten Bruder von gestorbenem Tobias Eder"},"content":{"rendered":"<p>Die Eisb\u00e4ren <a href=\"https:\/\/www.news.de\/thema\/berlin\/1\/\" rel=\"nofollow noopener\" target=\"_blank\"><strong>Berlin<\/strong><\/a> haben eine wichtige und emotionale Personalie f\u00fcr die neue Saison verk\u00fcndet. Andreas Eder, Bruder des im Januar nach einer Krebserkrankung gestorbenen Eisb\u00e4ren-St\u00fcrmers Tobias Eder, wird k\u00fcnftig f\u00fcr den deutschen <a href=\"https:\/\/www.news.de\/thema\/eishockey\/1\/\" rel=\"nofollow noopener\" target=\"_blank\"><strong>Eishockey<\/strong><\/a>-Meister auflaufen.  <\/p>\n<p>Der 29 Jahre alte Angreifer kommt vom Liga-Konkurrenten EHC Red Bull M\u00fcnchen und erh\u00e4lt einen Vertrag bis 2027, wie die Berliner mitteilten. Er wird f\u00fcr die Eisb\u00e4ren mit der R\u00fcckennummer 43 spielen.  <\/p>\n<p>Besonderes Datum f\u00fcr Bekanntgabe<\/p>\n<p>&#8222;Als er krank geworden ist, haben wir auch gesagt, dass wir auf jeden Fall noch mal miteinander spielen wollen und dass er das packt&#8220;, sagte Andreas Eder der &#8222;Berliner Morgenpost&#8220;. &#8222;Ich denke, ich k\u00f6nnte nirgends mehr mit Tobi zusammenspielen als hier in Berlin.&#8220; Einigkeit \u00fcber den Wechsel gab es dem Bericht zufolge schon vor dem Tod von Tobias Eder.  <\/p>\n<p>Der Tag der Verk\u00fcndung des Wechsels am Samstag ist nicht zuf\u00e4llig gew\u00e4hlt. Eigentlich wollte Tobias Eder an diesem Datum heiraten. &#8222;Damit wenigstens irgendetwas Positives an diesem Tag passiert, haben wir gesagt, dass wir es da mitteilen&#8220;, sagte sein Bruder der Zeitung.  <\/p>\n<p>Andreas Eder bedankte sich bei seinem neuen Club f\u00fcr gro\u00dfe Unterst\u00fctzung. &#8222;Alles, was die Eisb\u00e4ren bis jetzt gemacht haben, ist unglaublich. F\u00fcr uns als Familie ist das nicht selbstverst\u00e4ndlich, wir sind sehr dankbar&#8220;, sagte er.  <\/p>\n<p>&#8222;Andy hat seine Klasse bereits mehrfach unter Beweis gestellt und wird eine wichtige Rolle in unserer Offensive einnehmen. Er ist vielseitig einsetzbar und durchsetzungsstark&#8220;, sagte Eisb\u00e4ren-Sportdirektor St\u00e9phane Richer.  <\/p>\n<p>Tobias Eder starb mit nur 26 Jahren<\/p>\n<p>Der Club hatte Tobias Eder, der im Januar im Alter von nur 26 Jahren starb, den Titelgewinn in der vergangenen Saison gewidmet. Die Erinnerung an den ehemaligen Mitspieler pr\u00e4gte die Feierlichkeiten. Eders Verlobte nahm stellvertretend die Goldmedaille entgegen. Die Spieler posierten unter anderem mit einem Trikot von Eder. Eders Tod hatte bundesweit f\u00fcr Best\u00fcrzen gesorgt.  <\/p>\n<p>Weitere aktuelle News im Ressort &#8222;Sport&#8220;:  <\/p>\n<p>Folgen Sie <a href=\"https:\/\/news.de\/\" target=\"_blank\" rel=\"nofollow noopener\"><strong>News.de<\/strong><\/a> schon bei <a href=\"https:\/\/www.facebook.com\/News.de\" rel=\"nofollow noopener\" target=\"_blank\"><strong>Facebook<\/strong><\/a>, <a href=\"https:\/\/www.youtube.com\/channel\/UCOzsvCb0KteNrzUboTonVYA\" rel=\"nofollow noopener\" target=\"_blank\"><strong>YouTube<\/strong><\/a> und WhatsApp? Hier finden Sie brandhei\u00dfe News, aktuelle Videos und den direkten Draht zur Redaktion.  <\/p>\n<p>+++ Redaktioneller Hinweis: Diese Meldung wurde basierend auf Material der Deutschen Presse-Agentur (dpa) erstellt. Bei Anmerkungen oder R\u00fcckfragen wenden Sie sich bitte an hinweis@news.de. +++  <\/p>\n<p><a href=\"https:\/\/www.news.de\/autor\/Sarah+Knauth\/\" rel=\"author nofollow noopener\" target=\"_blank\">kns<\/a>\/roj\/news.de<\/p>\n","protected":false},"excerpt":{"rendered":"Die Eisb\u00e4ren Berlin haben eine wichtige und emotionale Personalie f\u00fcr die neue Saison verk\u00fcndet. Andreas Eder, Bruder des&hellip;\n","protected":false},"author":2,"featured_media":262330,"comment_status":"","ping_status":"","sticky":false,"template":"","format":"standard","meta":{"footnotes":""},"categories":[1825],"tags":[1941,1939,296,1937,29,30,1940,1938,265],"class_list":{"0":"post-262329","1":"post","2":"type-post","3":"status-publish","4":"format-standard","5":"has-post-thumbnail","7":"category-berlin","8":"tag-aktuelle-nachrichten-aus-berlin","9":"tag-aktuelle-news-aus-berlin","10":"tag-berlin","11":"tag-berlin-news","12":"tag-deutschland","13":"tag-germany","14":"tag-nachrichten-aus-berlin","15":"tag-news-aus-berlin","16":"tag-sport"},"share_on_mastodon":{"url":"https:\/\/pubeurope.com\/@de\/114839948132566636","error":""},"_links":{"self":[{"href":"https:\/\/www.europesays.com\/de\/wp-json\/wp\/v2\/posts\/262329","targetHints":{"allow":["GET"]}}],"collection":[{"href":"https:\/\/www.europesays.com\/de\/wp-json\/wp\/v2\/posts"}],"about":[{"href":"https:\/\/www.europesays.com\/de\/wp-json\/wp\/v2\/types\/post"}],"author":[{"embeddable":true,"href":"https:\/\/www.europesays.com\/de\/wp-json\/wp\/v2\/users\/2"}],"replies":[{"embeddable":true,"href":"https:\/\/www.europesays.com\/de\/wp-json\/wp\/v2\/comments?post=262329"}],"version-history":[{"count":0,"href":"https:\/\/www.europesays.com\/de\/wp-json\/wp\/v2\/posts\/262329\/revisions"}],"wp:featuredmedia":[{"embeddable":true,"href":"https:\/\/www.europesays.com\/de\/wp-json\/wp\/v2\/media\/262330"}],"wp:attachment":[{"href":"https:\/\/www.europesays.com\/de\/wp-json\/wp\/v2\/media?parent=262329"}],"wp:term":[{"taxonomy":"category","embeddable":true,"href":"https:\/\/www.europesays.com\/de\/wp-json\/wp\/v2\/categories?post=262329"},{"taxonomy":"post_tag","embeddable":true,"href":"https:\/\/www.europesays.com\/de\/wp-json\/wp\/v2\/tags?post=262329"}],"curies":[{"name":"wp","href":"https:\/\/api.w.org\/{rel}","templated":true}]}}