{"id":262341,"date":"2025-07-12T11:13:28","date_gmt":"2025-07-12T11:13:28","guid":{"rendered":"https:\/\/www.europesays.com\/de\/262341\/"},"modified":"2025-07-12T11:13:28","modified_gmt":"2025-07-12T11:13:28","slug":"graffiti-fuer-templiner-schueler-kreativitaet-trifft-teamgeist","status":"publish","type":"post","link":"https:\/\/www.europesays.com\/de\/262341\/","title":{"rendered":"Graffiti f\u00fcr Templiner Sch\u00fcler: Kreativit\u00e4t trifft Teamgeist"},"content":{"rendered":"<p class=\"paragraph tw-mx-auto tw-mb-6\">Alle vier achten Klassen des Templiner Gymnasiums haben Spuren an <a data-li-document-ref=\"2750398\" href=\"https:\/\/www.nordkurier.de\/regional\/uckermark\/hort-kinder-bringen-bei-graffiti-aktion-farbe-ins-spiel-2750398\" rel=\"nofollow noopener\" target=\"_blank\">den legalen Graffiti-W\u00e4nden an der Kurmeile<\/a> hinterlassen: ein Projekt im Kunstunterricht, begleitet und geplant von den Lehrerinnen Anja Walter und Kristin Schenk.<\/p>\n<p>Von Tags bis zu Farbverl\u00e4ufen<\/p>\n<p class=\"paragraph tw-mx-auto tw-mb-6\">\u201eZuerst ging es im Unterricht um Theorie\u201c, so Kristin Schenk. \u201eIn einer eigens eingerichteten \u201aGraffiti-Werkstatt\u201b besch\u00e4ftigten sich die Sch\u00fclerinnen und Sch\u00fcler mit grundlegenden Gestaltungstechniken: Tags, Schriftz\u00fcge, Buchstabenformen und Farbverl\u00e4ufe wurden ausprobiert und ge\u00fcbt \u2013 alles auf Papier.\u201c<\/p>\n<p class=\"paragraph tw-mx-auto tw-mb-6\">Dann sei ein Profi mit ins Boot geholt worden. Jacob Schnaak, Leiter der Offenen Kinder- und Jugendarbeit der Stadt Templin, habe Wissen und wichtige Grundlagen zum Thema Graffiti vermittelt: \u201eEs ging um Technik, Material und rechtliche Aspekte.\u201c<\/p>\n<p class=\"paragraph tw-mx-auto tw-mb-6\">H\u00f6hepunkt des Projekts waren die beiden Praxistage an der Templiner Kurmeile. \u201eDort konnten die Sch\u00fcler ihre zuvor entwickelten Entw\u00fcrfe mit der Spraydose umsetzen. Dabei entstand Beeindruckendes \u2013 bunt, kreativ und individuell. Die Jugendlichen waren motiviert bei der Sache und genossen die Gelegenheit, sich im \u00f6ffentlichen Raum gestalterisch auszuprobieren\u201c, sagt Kristin Schenk.<\/p>\n<p>Gleich einen ganzen Jahrgang erreicht<\/p>\n<p class=\"paragraph tw-mx-auto tw-mb-6\">Ein Eindruck, den Jacob Schnaak nur best\u00e4tigen kann. \u201eWir bieten solche Projekte auch \u00fcber das Jugendhaus \u201aVilla\u201b im Rahmen von Jugendweihestunden an. Thema soll das k\u00fcnftig auch an den weiterf\u00fchrenden Schulen sein. Die Zusammenarbeit mit dem Templiner Gymnasium war eine Premiere und hat sich perfekt mit dem Unterricht erg\u00e4nzt.\u201c Gleich einen ganzen Jahrgang mit diesem Angebot zu erreichen, sei eine gute Sache.<\/p>\n<p class=\"paragraph tw-mx-auto tw-mb-6\">Legales Sprayen ist in solchen Projekten immer ein Schwerpunkt, betont Jacob Schnaak. \u201eStichwort Pr\u00e4vention. Wer mit Graffiti das Eigentum anderer besch\u00e4digt, begeht eine Straftat. Das wird den Jugendlichen dementsprechend vermittelt. Sie selber m\u00f6chten ja auch nicht, dass ihnen das passiert.\u201c \u00c4sthetik und Kunst einerseits habe andererseits nichts mit Vandalismus zu tun.<\/p>\n<p><img decoding=\"async\" src=\"https:\/\/www.europesays.com\/de\/wp-content\/uploads\/2025\/07\/943df518-5814-4885-bc0c-b9065692b523.jpg\" loading=\"lazy\" alt=\"Der Transporter des Blumenladens &quot;Callafleur&quot; war mit Graffiti bespr\u00fcht worden.\"\/><img decoding=\"async\" alt=\"Bild vergr\u00f6\u00dfern\" class=\"sm:tw-w-9 sm:tw-h-9\" src=\"https:\/\/www.nordkurier.de\/_next\/static\/media\/imageExpand.10dba927.svg\"\/><\/p>\n<p>Der Transporter des Blumenladens &#8222;Callafleur&#8220; war mit Graffiti bespr\u00fcht worden. (Foto: Privat)<\/p>\n<p class=\"paragraph tw-mx-auto tw-mb-6\">Wie \u00e4rgerlich Letzteres ist, hat vor Kurzem Nils Gerloff, Filialleiter des Blumenladens \u201eCallafleur\u201c in der Templiner Bahnhofstra\u00dfe erfahren m\u00fcssen. Der Transporter des Gesch\u00e4ftes war mit Graffiti bespr\u00fcht worden. \u201eDas Dach des Fahrzeugs muss wahrscheinlich neu lackiert werden\u201c, lie\u00df er wissen. \u201eVielleicht braucht man in Templin mehr Fl\u00e4chen, auf denen Graffiti erlaubt ist. Gut m\u00f6glich, dass solche Vorf\u00e4lle, wie wir sie erlebt haben, dann seltener passieren\u201c, kann sich Nils Gerloff vorstellen.<\/p>\n<p>Drei Orte f\u00fcr legales Sprayen<\/p>\n<p class=\"paragraph tw-mx-auto tw-mb-6\">\u201eEs gibt solche legalen Graffiti-W\u00e4nde in Templin\u201c, reagiert Jacob Schnaak auf den Hinweis. \u201eNeben der Kurmeile findet man sie auch in unmittelbarer N\u00e4he zur Kirche am Wassertor sowie der Goetheschule.\u201c Diejenigen, die sich dort ausprobieren m\u00f6chten, finden vor Ort die Regeln, die daf\u00fcr gelten. \u201eGraffitis sind verg\u00e4ngliche Kunst. Wenn die Sprayerw\u00e4nde voll sind, dann darf man die Arbeiten anderer \u00fcberspr\u00fchen\u201c, so der Fachmann.<\/p>\n","protected":false},"excerpt":{"rendered":"Alle vier achten Klassen des Templiner Gymnasiums haben Spuren an den legalen Graffiti-W\u00e4nden an der Kurmeile hinterlassen: ein&hellip;\n","protected":false},"author":2,"featured_media":262342,"comment_status":"","ping_status":"","sticky":false,"template":"","format":"standard","meta":{"footnotes":"","_share_on_mastodon":"0"},"categories":[1775],"tags":[1793,29,214,30,12530,14601,1794,40096,121,2202,966,1978,61665,215,13198],"class_list":["post-262341","post","type-post","status-publish","format-standard","has-post-thumbnail","category-kunst-und-design","tag-art-and-design","tag-deutschland","tag-entertainment","tag-germany","tag-graffiti","tag-illegal","tag-kunst-und-design","tag-legal","tag-polizei","tag-projekt","tag-schule","tag-schueler","tag-sprayer","tag-unterhaltung","tag-waende"],"share_on_mastodon":{"url":"https:\/\/pubeurope.com\/@de\/114839972047431754","error":""},"_links":{"self":[{"href":"https:\/\/www.europesays.com\/de\/wp-json\/wp\/v2\/posts\/262341","targetHints":{"allow":["GET"]}}],"collection":[{"href":"https:\/\/www.europesays.com\/de\/wp-json\/wp\/v2\/posts"}],"about":[{"href":"https:\/\/www.europesays.com\/de\/wp-json\/wp\/v2\/types\/post"}],"author":[{"embeddable":true,"href":"https:\/\/www.europesays.com\/de\/wp-json\/wp\/v2\/users\/2"}],"replies":[{"embeddable":true,"href":"https:\/\/www.europesays.com\/de\/wp-json\/wp\/v2\/comments?post=262341"}],"version-history":[{"count":0,"href":"https:\/\/www.europesays.com\/de\/wp-json\/wp\/v2\/posts\/262341\/revisions"}],"wp:featuredmedia":[{"embeddable":true,"href":"https:\/\/www.europesays.com\/de\/wp-json\/wp\/v2\/media\/262342"}],"wp:attachment":[{"href":"https:\/\/www.europesays.com\/de\/wp-json\/wp\/v2\/media?parent=262341"}],"wp:term":[{"taxonomy":"category","embeddable":true,"href":"https:\/\/www.europesays.com\/de\/wp-json\/wp\/v2\/categories?post=262341"},{"taxonomy":"post_tag","embeddable":true,"href":"https:\/\/www.europesays.com\/de\/wp-json\/wp\/v2\/tags?post=262341"}],"curies":[{"name":"wp","href":"https:\/\/api.w.org\/{rel}","templated":true}]}}