{"id":262427,"date":"2025-07-12T12:01:12","date_gmt":"2025-07-12T12:01:12","guid":{"rendered":"https:\/\/www.europesays.com\/de\/262427\/"},"modified":"2025-07-12T12:01:12","modified_gmt":"2025-07-12T12:01:12","slug":"1-fc-nuernberg-verpflichtet-defensivspieler-lotschoschwili","status":"publish","type":"post","link":"https:\/\/www.europesays.com\/de\/262427\/","title":{"rendered":"1. FC N\u00fcrnberg verpflichtet Defensivspieler Lotschoschwili"},"content":{"rendered":"<p>2. Fu\u00dfball-Bundesliga <\/p>\n<p>N\u00fcrnberg verpflichtet Defensivspieler Lotschoschwili<\/p>\n<p>Aktualisiert am 12.07.2025 &#8211; 12:02 UhrLesedauer: 1 Min.<\/p>\n<p><a href=\"#focus-0\" class=\"transition-colors duration-200 focus-within:text-magenta block text-current relative\" data-sctrack=\"FocusGalleryImage.Reference\"><img fetchpriority=\"high\" data-testid=\"Opener.Image\" style=\"--lqipURL:url('https:\/\/images.t-online.de\/2025\/07\/0hvUoUX-MmC5\/0x107:2048x1152\/fit-in\/150x0\/filters:blur(25)\/luka-lotschoschwili-r-spielt-kuenftig-fuer-den-1-fc-nuernberg.jpg')\"   loading=\"eager\" src=\"https:\/\/www.europesays.com\/de\/wp-content\/uploads\/2025\/07\/luka-lotschoschwili-r-spielt-kuenftig-fuer-den-1-fc-nuernberg.jpg\" alt=\"Luka Lochoshvili (r)\" title=\"Luka Lochoshvili (r)\" width=\"2048\" height=\"1152\" class=\"bg-[url:var(--lqipURL)] bg-cover bg-center flex h-full w-full max-w-full\" decoding=\"async\"\/><img style=\"--width:32;--height:32\" loading=\"lazy\" src=\"https:\/\/www.t-online.de\/s\/paper\/_next\/static\/media\/zoom-in.f7dae02f.svg\" alt=\"Vergr\u00f6\u00dfern des Bildes\" title=\"Vergr\u00f6\u00dfern des Bildes\" class=\"block h-[calc(var(--height)_\/_16_*_1rem)] w-[calc(var(--width)_\/_16_*_1rem)] max-w-none absolute bottom-8 right-8 rounded-4 bg-snow p-8\" decoding=\"async\"\/><\/a><\/p>\n<p>Luka Lotschoschwili (r) spielt k\u00fcnftig f\u00fcr den 1. FC N\u00fcrnberg. (Quelle: Laszlo Balogh\/AP\/dpa\/dpa-bilder)<\/p>\n<p class=\"font-bold text-18 leading-17\">Der Klub holt den n\u00e4chsten Neuzugang. Der Georgier soll die Abwehr des Klose-Teams verst\u00e4rken.<\/p>\n<p class=\"text-18 leading-17\">Der <a class=\"transition-colors duration-200 cursor-pointer text-inherit no-underline text-salemsfur md:hover:text-magenta md:hover:border-magenta md:focus:text-magenta border-current border-b border-solid break-words\" href=\"https:\/\/www.t-online.de\/themen\/1-fc-nuernberg\/\" data-sctrack=\"BodyAnchor\" rel=\"nofollow noopener\" target=\"_blank\">1. FC N\u00fcrnberg<\/a> hat f\u00fcr die Defensive den georgischen Nationalspieler Luka Lotschoschwili verpflichtet. Der 27 Jahre alte Innenverteidiger kommt vom italienischen Zweitligisten US Cremonese. Angaben zu Vertragsdetails machten die Franken nicht. Zuletzt war Lotschoschwili auf Leihbasis bei US Salernitana in der italienischen Serie B aktiv.<\/p>\n<p class=\"text-18 leading-17\">&#8222;Mit seiner Erfahrung, seinen fu\u00dfballerischen Qualit\u00e4ten und seiner Physis ist er ein absoluter Gewinn f\u00fcr unsere Mannschaft, er wird sowohl auf als auch neben dem Platz mit seiner Mentalit\u00e4t vorangehen&#8220;, sagte Sportvorstand Joti Chatzialexiou \u00fcber den 1,92\u202fMeter gro\u00dfen Linksfu\u00df.<\/p>\n<p class=\"text-18 leading-17\">&#8222;Ich bin gl\u00fccklich dar\u00fcber, bei solch einem Traditionsverein wie dem 1. <a class=\"transition-colors duration-200 cursor-pointer text-inherit no-underline text-salemsfur md:hover:text-magenta md:hover:border-magenta md:focus:text-magenta border-current border-b border-solid break-words\" href=\"https:\/\/www.t-online.de\/themen\/1-fc-nuernberg\/\" data-sctrack=\"BodyAnchor\" rel=\"nofollow noopener\" target=\"_blank\">FC N\u00fcrnberg<\/a> sein zu d\u00fcrfen. Ich freue mich auf die neue Saison mit der Mannschaft, bin voller Motivation und Tatendrang und m\u00f6chte innerhalb des jungen Teams Verantwortung \u00fcbernehmen&#8220;, sagte Lotschoschwili.<\/p>\n","protected":false},"excerpt":{"rendered":"2. Fu\u00dfball-Bundesliga N\u00fcrnberg verpflichtet Defensivspieler Lotschoschwili Aktualisiert am 12.07.2025 &#8211; 12:02 UhrLesedauer: 1 Min. Luka Lotschoschwili (r) spielt&hellip;\n","protected":false},"author":2,"featured_media":262428,"comment_status":"","ping_status":"","sticky":false,"template":"","format":"standard","meta":{"footnotes":""},"categories":[1837],"tags":[783,772,3364,56561,29,485,30,9392,79519,21755,3783],"class_list":{"0":"post-262427","1":"post","2":"type-post","3":"status-publish","4":"format-standard","5":"has-post-thumbnail","7":"category-nuernberg","8":"tag-1-fc-nuernberg","9":"tag-bayern","10":"tag-de","11":"tag-defensive","12":"tag-deutschland","13":"tag-fussball-bundesliga","14":"tag-germany","15":"tag-klub","16":"tag-luka-lotschoschwili","17":"tag-neuzugang","18":"tag-nuernberg"},"share_on_mastodon":{"url":"https:\/\/pubeurope.com\/@de\/114840160536322804","error":""},"_links":{"self":[{"href":"https:\/\/www.europesays.com\/de\/wp-json\/wp\/v2\/posts\/262427","targetHints":{"allow":["GET"]}}],"collection":[{"href":"https:\/\/www.europesays.com\/de\/wp-json\/wp\/v2\/posts"}],"about":[{"href":"https:\/\/www.europesays.com\/de\/wp-json\/wp\/v2\/types\/post"}],"author":[{"embeddable":true,"href":"https:\/\/www.europesays.com\/de\/wp-json\/wp\/v2\/users\/2"}],"replies":[{"embeddable":true,"href":"https:\/\/www.europesays.com\/de\/wp-json\/wp\/v2\/comments?post=262427"}],"version-history":[{"count":0,"href":"https:\/\/www.europesays.com\/de\/wp-json\/wp\/v2\/posts\/262427\/revisions"}],"wp:featuredmedia":[{"embeddable":true,"href":"https:\/\/www.europesays.com\/de\/wp-json\/wp\/v2\/media\/262428"}],"wp:attachment":[{"href":"https:\/\/www.europesays.com\/de\/wp-json\/wp\/v2\/media?parent=262427"}],"wp:term":[{"taxonomy":"category","embeddable":true,"href":"https:\/\/www.europesays.com\/de\/wp-json\/wp\/v2\/categories?post=262427"},{"taxonomy":"post_tag","embeddable":true,"href":"https:\/\/www.europesays.com\/de\/wp-json\/wp\/v2\/tags?post=262427"}],"curies":[{"name":"wp","href":"https:\/\/api.w.org\/{rel}","templated":true}]}}