{"id":262435,"date":"2025-07-12T12:05:11","date_gmt":"2025-07-12T12:05:11","guid":{"rendered":"https:\/\/www.europesays.com\/de\/262435\/"},"modified":"2025-07-12T12:05:11","modified_gmt":"2025-07-12T12:05:11","slug":"koerperverletzung-am-hauptbahnhof-und-festnahme-nach-haftbefehl-mit-drogenfund-%c2%b7-leipziger-zeitung","status":"publish","type":"post","link":"https:\/\/www.europesays.com\/de\/262435\/","title":{"rendered":"K\u00f6rperverletzung am Hauptbahnhof und Festnahme nach Haftbefehl mit Drogenfund \u00b7 Leipziger Zeitung"},"content":{"rendered":"<p>In der Nacht zum Freitag, den 11. Juli 2025, kam es am Dresdner Hauptbahnhof zu zwei polizeilichen Eins\u00e4tzen der Bundespolizeiinspektion Dresden. K\u00f6rperverletzung am Hauptbahnhof Dresden: Gegen Mitternacht Uhr wurde eine Streife der Bundespolizei vor dem Hauptbahnhof Dresden Zeuge einer k\u00f6rperlichen Auseinandersetzung. <\/p>\n<p>Ein 24-j\u00e4hriger serbischer Staatsangeh\u00f6riger schlug einem 27-j\u00e4hrigen libyschen Staatsangeh\u00f6rigen mit der Faust ins Gesicht. Der Angreifer stand offensichtlich unter Alkoholeinfluss. Die beiden Personen wurden umgehend getrennt. Die weiteren Ermittlungen in diesem Fall werden von der zust\u00e4ndigen Polizeidirektion Sachsen \u00fcbernommen.<\/p>\n<p>Festnahme aufgrund Haftbefehls und Drogenfund: Zeitgleich kontrollierten Bundespolizisten im Hauptbahnhof Dresden einen 36-j\u00e4hrigen tschechischen Staatsb\u00fcrger. Bei der \u00dcberpr\u00fcfung stellten die Beamten fest, dass gegen die Person ein Strafvollstreckungshaftbefehl der Staatsanwaltschaft Leipzig vorlag. Der Mann war wegen Erschleichens von Leistungen verurteilt worden und hatte eine Ersatzfreiheitsstrafe von 20 Tagen zu verb\u00fc\u00dfen, die durch die Zahlung von 300 Euro h\u00e4tte abgewendet werden k\u00f6nnen. <\/p>\n<p>Da der 36-J\u00e4hrige die geforderte Geldsumme vor Ort nicht zahlen konnte, wurde er in die Justizvollzugsanstalt Dresden eingeliefert. Im Rahmen der Kontrolle wurde zudem eine Clipt\u00fcte mit einer kristallinen Substanz aufgefunden und sichergestellt. Deswegen wurde ein Verfahren wegen Versto\u00dfes gegen das Bet\u00e4ubungsmittelgesetz eingeleitet.<\/p>\n","protected":false},"excerpt":{"rendered":"In der Nacht zum Freitag, den 11. Juli 2025, kam es am Dresdner Hauptbahnhof zu zwei polizeilichen Eins\u00e4tzen&hellip;\n","protected":false},"author":2,"featured_media":4097,"comment_status":"","ping_status":"","sticky":false,"template":"","format":"standard","meta":{"footnotes":""},"categories":[1835],"tags":[421,3364,29,2386,30,121,859],"class_list":{"0":"post-262435","1":"post","2":"type-post","3":"status-publish","4":"format-standard","5":"has-post-thumbnail","7":"category-dresden","8":"tag-bundespolizei","9":"tag-de","10":"tag-deutschland","11":"tag-dresden","12":"tag-germany","13":"tag-polizei","14":"tag-sachsen"},"share_on_mastodon":{"url":"https:\/\/pubeurope.com\/@de\/114840176089229120","error":""},"_links":{"self":[{"href":"https:\/\/www.europesays.com\/de\/wp-json\/wp\/v2\/posts\/262435","targetHints":{"allow":["GET"]}}],"collection":[{"href":"https:\/\/www.europesays.com\/de\/wp-json\/wp\/v2\/posts"}],"about":[{"href":"https:\/\/www.europesays.com\/de\/wp-json\/wp\/v2\/types\/post"}],"author":[{"embeddable":true,"href":"https:\/\/www.europesays.com\/de\/wp-json\/wp\/v2\/users\/2"}],"replies":[{"embeddable":true,"href":"https:\/\/www.europesays.com\/de\/wp-json\/wp\/v2\/comments?post=262435"}],"version-history":[{"count":0,"href":"https:\/\/www.europesays.com\/de\/wp-json\/wp\/v2\/posts\/262435\/revisions"}],"wp:featuredmedia":[{"embeddable":true,"href":"https:\/\/www.europesays.com\/de\/wp-json\/wp\/v2\/media\/4097"}],"wp:attachment":[{"href":"https:\/\/www.europesays.com\/de\/wp-json\/wp\/v2\/media?parent=262435"}],"wp:term":[{"taxonomy":"category","embeddable":true,"href":"https:\/\/www.europesays.com\/de\/wp-json\/wp\/v2\/categories?post=262435"},{"taxonomy":"post_tag","embeddable":true,"href":"https:\/\/www.europesays.com\/de\/wp-json\/wp\/v2\/tags?post=262435"}],"curies":[{"name":"wp","href":"https:\/\/api.w.org\/{rel}","templated":true}]}}