{"id":262486,"date":"2025-07-12T12:33:50","date_gmt":"2025-07-12T12:33:50","guid":{"rendered":"https:\/\/www.europesays.com\/de\/262486\/"},"modified":"2025-07-12T12:33:50","modified_gmt":"2025-07-12T12:33:50","slug":"photokina-nachfolger-warum-die-bild-expo-new-york-zur-wichtigsten-fotomesse-werden-koennte","status":"publish","type":"post","link":"https:\/\/www.europesays.com\/de\/262486\/","title":{"rendered":"Photokina-Nachfolger? Warum die Bild Expo New York zur wichtigsten Fotomesse werden k\u00f6nnte"},"content":{"rendered":"<p><strong>Die Photokina war die f\u00fchrende Fotomesse in K\u00f6ln. Jetzt zeigt die Bild Expo in New York mit \u00fcber 57.000 Besuchern und ihrem Fokus auf Fotografie und Videotechnik, dass sie als neue internationale Plattform f\u00fcr Content Creator nachr\u00fccken k\u00f6nnte.<\/strong><\/p>\n<p>Neue internationale B\u00fchne f\u00fcr Foto- und Videotechnik<\/p>\n<p>Die Photokina war sehr lange die weltweit f\u00fchrende Fotomesse in K\u00f6ln. Auf ihr pr\u00e4sentierten Hersteller aus aller Welt ihre neuesten Kameras, Objektive und Imaging-Technologien, <a href=\"https:\/\/www.photografix-magazin.de\/photokina-steht-vor-dem-aus\/\" rel=\"nofollow noopener\" target=\"_blank\">bevor die Messe 2020 offiziell eingestellt<\/a> wurde. Auch die Photopia Hamburg, die zumindest hierzulande als indirekter Nachfolger der Photokina gehandelt wurde, <a href=\"https:\/\/www.photografix-magazin.de\/die-photopia-wird-schon-dieses-jahr-nicht-mehr-stattfinden\/\" rel=\"nofollow noopener\" target=\"_blank\">wurde inzwischen wieder eingestellt<\/a>.<\/p>\n<p>K\u00fcrzlich zeigte die <a href=\"https:\/\/www.bildexpo.com\/\" target=\"_blank\" rel=\"noopener nofollow\">Bild Expo in New York<\/a> mit ihrem riesigen Besucherandrang und Fokus auf Fotografen, Filmemacher und Content Creator, dass sie das Potenzial besitzt, die Photokina als wichtigste internationale Plattform f\u00fcr Foto- und Videotechnik abzul\u00f6sen.<\/p>\n<p>Die zweite Bild Expo, die am 17. und 18. Juni 2025 im New Yorker Javits Center stattfand, \u00fcbertraf alle Erwartungen. Trotz des ung\u00fcnstigen Termins an einem Dienstag\/Mittwoch meldeten die Veranstalter von B&amp;H Photo \u00fcber 57.000 registrierte Besucher an den beiden Ausstellungstagen. Damit f\u00fcllte die Expo die Hallen und Vortragsr\u00e4ume m\u00fchelos, teils mit Warteschlangen vor den T\u00fcren.<\/p>\n<p>So \u00fcberzeugt die Bild Expo Fotografen und Filmemacher<\/p>\n<p>Die Bild Expo richtet sich an Content Creator, Fotografen und Filmemacher aller Erfahrungsstufen und \u00fcberzeugte mit \u00fcber 100 Speakern, 250+ Ausstellern sowie interaktiven Workshops, darunter Fotowalks, Portfolio-Reviews und spezielle Vortr\u00e4gen zu Themen wie Beleuchtung, Film und Audio.<\/p>\n<p>Der Fokus der Messe liegt auf praktischen Erfahrungen, direktem Zugang zu Neuheiten aus dem Bereich Foto- und Videotechnik (inklusive Sonderaktionen) und einem inspirierenden Netzwerkumfeld. Pr\u00e4sentationen von Branchengr\u00f6\u00dfen wie Cristina Mittermeier, Peter McKinnon und Nino Leitner machten das Event sowohl f\u00fcr Profis als auch f\u00fcr Einsteiger attraktiv.<\/p>\n<p>Interessant ist auch: Die Bild Expo war urspr\u00fcnglich nur als einmaliges Jubil\u00e4umsevent von B&amp;H Photo geplant. Doch nach dem Erfolg im Jahr 2023 wurde eine Wiederholung diskutiert. Die exzellente Besucherzahl bewies, dass in New York dauerhaft Platz f\u00fcr eine hochwertige Foto-\/Contentmesse ist.<\/p>\n<p>Wird es eine Bild Expo 2026 geben?<\/p>\n<p>Bisher gibt es noch keine finale Ank\u00fcndigung f\u00fcr eine Bild Expo 2026, da die Entscheidung vom Feedback, der Medienresonanz und den Sponsorenzusagen abh\u00e4ngt. Laut <a href=\"https:\/\/www.sonyalpharumors.com\/bildexpo-is-becoming-the-new-photokina\/\" target=\"_blank\" rel=\"noopener nofollow\">SonyAlphaRumors<\/a> sagte der CEO von B&amp;H w\u00e4hrend der Veranstaltung, man solle \u201cnach diesen zwei Tagen nochmal fragen\u201d \u2013 ein starkes Zeichen, dass eine Neuauflage wahrscheinlich ist.<\/p>\n<p>Die Bild Expo zeigt klar: Sowohl das Besucherinteresse als auch die Branche sind bereit f\u00fcr eine neue Messe, die sowohl H\u00e4ndler wie B&amp;H als auch anspruchsvolle Kreative anspricht. Dass New York nun eine echte B\u00fchne f\u00fcr Fotografie- und Kreativtools bietet, ist ein starkes Zeichen f\u00fcr die Zukunft solcher Events, wie ich finde.<\/p>\n<p><strong>Meint ihr, die Bild Expo kann in die Fu\u00dfstapfen der ehemals wichtigsten Fotomesse, der Photokina, treten?<\/strong><\/p>\n<p><img decoding=\"async\" class=\"wp-worthy-pixel-img skip-lazy \" src=\"https:\/\/www.europesays.com\/de\/wp-content\/uploads\/2025\/07\/ada200fdc82645d8a65d92cbcd94d0c3.gif\" loading=\"eager\" data-no-lazy=\"1\" data-skip-lazy=\"1\" height=\"1\" width=\"1\" alt=\"\"\/><\/p>\n","protected":false},"excerpt":{"rendered":"Die Photokina war die f\u00fchrende Fotomesse in K\u00f6ln. Jetzt zeigt die Bild Expo in New York mit \u00fcber&hellip;\n","protected":false},"author":2,"featured_media":262487,"comment_status":"","ping_status":"","sticky":false,"template":"","format":"standard","meta":{"footnotes":""},"categories":[1775],"tags":[1793,29,214,30,1794,215],"class_list":{"0":"post-262486","1":"post","2":"type-post","3":"status-publish","4":"format-standard","5":"has-post-thumbnail","7":"category-kunst-und-design","8":"tag-art-and-design","9":"tag-deutschland","10":"tag-entertainment","11":"tag-germany","12":"tag-kunst-und-design","13":"tag-unterhaltung"},"share_on_mastodon":{"url":"https:\/\/pubeurope.com\/@de\/114840290264737020","error":""},"_links":{"self":[{"href":"https:\/\/www.europesays.com\/de\/wp-json\/wp\/v2\/posts\/262486","targetHints":{"allow":["GET"]}}],"collection":[{"href":"https:\/\/www.europesays.com\/de\/wp-json\/wp\/v2\/posts"}],"about":[{"href":"https:\/\/www.europesays.com\/de\/wp-json\/wp\/v2\/types\/post"}],"author":[{"embeddable":true,"href":"https:\/\/www.europesays.com\/de\/wp-json\/wp\/v2\/users\/2"}],"replies":[{"embeddable":true,"href":"https:\/\/www.europesays.com\/de\/wp-json\/wp\/v2\/comments?post=262486"}],"version-history":[{"count":0,"href":"https:\/\/www.europesays.com\/de\/wp-json\/wp\/v2\/posts\/262486\/revisions"}],"wp:featuredmedia":[{"embeddable":true,"href":"https:\/\/www.europesays.com\/de\/wp-json\/wp\/v2\/media\/262487"}],"wp:attachment":[{"href":"https:\/\/www.europesays.com\/de\/wp-json\/wp\/v2\/media?parent=262486"}],"wp:term":[{"taxonomy":"category","embeddable":true,"href":"https:\/\/www.europesays.com\/de\/wp-json\/wp\/v2\/categories?post=262486"},{"taxonomy":"post_tag","embeddable":true,"href":"https:\/\/www.europesays.com\/de\/wp-json\/wp\/v2\/tags?post=262486"}],"curies":[{"name":"wp","href":"https:\/\/api.w.org\/{rel}","templated":true}]}}