{"id":262488,"date":"2025-07-12T12:34:10","date_gmt":"2025-07-12T12:34:10","guid":{"rendered":"https:\/\/www.europesays.com\/de\/262488\/"},"modified":"2025-07-12T12:34:10","modified_gmt":"2025-07-12T12:34:10","slug":"vogtlaendische-autorin-verfasst-historische-familien-saga-ueber-plauen","status":"publish","type":"post","link":"https:\/\/www.europesays.com\/de\/262488\/","title":{"rendered":"Vogtl\u00e4ndische Autorin verfasst historische Familien-Saga \u00fcber Plauen"},"content":{"rendered":"<p class=\"bold\">\n\t\t\t\t\t\t\t\t\t\tVom kleinen St\u00e4dtchen zur Spitzen-Metropole: Plauen hat viele Geschichten zu erz\u00e4hlen. Warum Anett Klose die Erinnerungen der Stadt nun in ihrer Romanreihe festhalten will.\t\t\t\t<\/p>\n<p>\t\t\t\t Fantastische Geschichten mit wahrem Kern: Historische Romane \u00f6ffnen ein Fenster in die Vergangenheit. Sie erm\u00f6glichen dem Leser, in Lebenswelten l\u00e4ngst vergangener Zeiten einzutauchen. Eine Verschmelzung von Fakten und Fiktion. Es ist die Neugierde auf die Vergangenheit, die all jene Autoren eint, die in ihren Werken die Gegenwart hinter sich&#8230;<\/p>\n<p>\t\t<img decoding=\"async\" class=\"fp-plus-logo\" src=\"https:\/\/www.freiepresse.de\/img\/fpplus.svg\" alt=\"Freie Presse plus Logo\"\/><\/p>\n<p>Registrieren und testen.<\/p>\n<p>Jetzt mit Ihrer Registrierung 1 Monat gratis testen und alle Beitr\u00e4ge lesen.<\/p>\n<p>Schon Abonnent? Melden Sie sich mit ihren Zugangsdaten an.<\/p>\n","protected":false},"excerpt":{"rendered":"Vom kleinen St\u00e4dtchen zur Spitzen-Metropole: Plauen hat viele Geschichten zu erz\u00e4hlen. Warum Anett Klose die Erinnerungen der Stadt&hellip;\n","protected":false},"author":2,"featured_media":262489,"comment_status":"","ping_status":"","sticky":false,"template":"","format":"standard","meta":{"footnotes":""},"categories":[1774],"tags":[1784,1785,29,214,30,215,3866],"class_list":{"0":"post-262488","1":"post","2":"type-post","3":"status-publish","4":"format-standard","5":"has-post-thumbnail","7":"category-buecher","8":"tag-books","9":"tag-buecher","10":"tag-deutschland","11":"tag-entertainment","12":"tag-germany","13":"tag-unterhaltung","14":"tag-veranstaltungen"},"share_on_mastodon":{"url":"https:\/\/pubeurope.com\/@de\/114840290382876859","error":""},"_links":{"self":[{"href":"https:\/\/www.europesays.com\/de\/wp-json\/wp\/v2\/posts\/262488","targetHints":{"allow":["GET"]}}],"collection":[{"href":"https:\/\/www.europesays.com\/de\/wp-json\/wp\/v2\/posts"}],"about":[{"href":"https:\/\/www.europesays.com\/de\/wp-json\/wp\/v2\/types\/post"}],"author":[{"embeddable":true,"href":"https:\/\/www.europesays.com\/de\/wp-json\/wp\/v2\/users\/2"}],"replies":[{"embeddable":true,"href":"https:\/\/www.europesays.com\/de\/wp-json\/wp\/v2\/comments?post=262488"}],"version-history":[{"count":0,"href":"https:\/\/www.europesays.com\/de\/wp-json\/wp\/v2\/posts\/262488\/revisions"}],"wp:featuredmedia":[{"embeddable":true,"href":"https:\/\/www.europesays.com\/de\/wp-json\/wp\/v2\/media\/262489"}],"wp:attachment":[{"href":"https:\/\/www.europesays.com\/de\/wp-json\/wp\/v2\/media?parent=262488"}],"wp:term":[{"taxonomy":"category","embeddable":true,"href":"https:\/\/www.europesays.com\/de\/wp-json\/wp\/v2\/categories?post=262488"},{"taxonomy":"post_tag","embeddable":true,"href":"https:\/\/www.europesays.com\/de\/wp-json\/wp\/v2\/tags?post=262488"}],"curies":[{"name":"wp","href":"https:\/\/api.w.org\/{rel}","templated":true}]}}