{"id":262552,"date":"2025-07-12T13:08:10","date_gmt":"2025-07-12T13:08:10","guid":{"rendered":"https:\/\/www.europesays.com\/de\/262552\/"},"modified":"2025-07-12T13:08:10","modified_gmt":"2025-07-12T13:08:10","slug":"vier-tote-bei-russischen-luftangriffen-im-westen-der-ukraine","status":"publish","type":"post","link":"https:\/\/www.europesays.com\/de\/262552\/","title":{"rendered":"Vier Tote bei russischen Luftangriffen im Westen der Ukraine"},"content":{"rendered":"<p>Lawrow wirft Merz antirussische Nazi-Parolen vor<\/p>\n<p>Moskaus Au\u00dfenminister Sergej Lawrow hat Bundeskanzler Friedrich Merz (CDU) vorgeworfen, antirussische Losungen wie zu Nazi-Zeiten f\u00fcr eine Militarisierung Deutschlands zu nutzen. <b>Es sei \u201ev\u00f6lliger Unsinn\u201c, Russland als Gefahr zu bezeichnen<\/b>, sagte Lawrow in der malaysischen Hauptstadt Kuala Lumpur. \u201eIch hoffe, dass jeder Politiker mit einem gesunden Menschenverstand das begreift.\u201c Merz habe sich f\u00fcr einen Kurs der Militarisierung Deutschlands entschieden, sagte der Minister und kritisierte, dass der Kanzler keine \u201eMittel der Diplomatie\u201c gegen\u00fcber Moskau mehr sehe.<\/p>\n<p>\u201eWenn Herr Merz der Meinung ist, dass die friedlichen M\u00f6glichkeiten ausgesch\u00f6pft sind, muss er beschlossen haben, sich auf Kosten seines Volkes ganz der Militarisierung Deutschlands zu widmen, um dann wieder auf Nazi-Parolen herumzureiten \u2013 f\u00fcr eine Abwehr der Bedrohungen, die von Russland ausgingen\u201c, sagte Lawrow. Er \u00e4u\u00dferte sich bei einer Pressekonferenz des Au\u00dfenministertreffens der s\u00fcdostasiatischen Staatengemeinschaft Asean.<\/p>\n<p>Der Kanzler hatte am Mittwoch im Bundestag \u00fcber den russischen Angriffskrieg gegen die Ukraine gesagt: \u201e<b>Die Mittel der Diplomatie sind ausgesch\u00f6pft<\/b>, wenn ein verbrecherisches Regime mit milit\u00e4rischer Gewalt das Existenzrecht eines ganzen Landes offen infrage stellt und sich auf den Weg macht, die politische Freiheitsordnung des ganzen europ\u00e4ischen Kontinents zu zerst\u00f6ren.\u201c (dpa)<\/p>\n","protected":false},"excerpt":{"rendered":"Lawrow wirft Merz antirussische Nazi-Parolen vor Moskaus Au\u00dfenminister Sergej Lawrow hat Bundeskanzler Friedrich Merz (CDU) vorgeworfen, antirussische Losungen&hellip;\n","protected":false},"author":2,"featured_media":262553,"comment_status":"","ping_status":"","sticky":false,"template":"","format":"standard","meta":{"footnotes":""},"categories":[4012],"tags":[331,332,13,14,15,307,12,317,312],"class_list":{"0":"post-262552","1":"post","2":"type-post","3":"status-publish","4":"format-standard","5":"has-post-thumbnail","7":"category-ukraine","8":"tag-aktuelle-nachrichten","9":"tag-aktuelle-news","10":"tag-headlines","11":"tag-nachrichten","12":"tag-news","13":"tag-russland","14":"tag-schlagzeilen","15":"tag-ukraine","16":"tag-ukrainekrieg"},"share_on_mastodon":{"url":"https:\/\/pubeurope.com\/@de\/114840424019939132","error":""},"_links":{"self":[{"href":"https:\/\/www.europesays.com\/de\/wp-json\/wp\/v2\/posts\/262552","targetHints":{"allow":["GET"]}}],"collection":[{"href":"https:\/\/www.europesays.com\/de\/wp-json\/wp\/v2\/posts"}],"about":[{"href":"https:\/\/www.europesays.com\/de\/wp-json\/wp\/v2\/types\/post"}],"author":[{"embeddable":true,"href":"https:\/\/www.europesays.com\/de\/wp-json\/wp\/v2\/users\/2"}],"replies":[{"embeddable":true,"href":"https:\/\/www.europesays.com\/de\/wp-json\/wp\/v2\/comments?post=262552"}],"version-history":[{"count":0,"href":"https:\/\/www.europesays.com\/de\/wp-json\/wp\/v2\/posts\/262552\/revisions"}],"wp:featuredmedia":[{"embeddable":true,"href":"https:\/\/www.europesays.com\/de\/wp-json\/wp\/v2\/media\/262553"}],"wp:attachment":[{"href":"https:\/\/www.europesays.com\/de\/wp-json\/wp\/v2\/media?parent=262552"}],"wp:term":[{"taxonomy":"category","embeddable":true,"href":"https:\/\/www.europesays.com\/de\/wp-json\/wp\/v2\/categories?post=262552"},{"taxonomy":"post_tag","embeddable":true,"href":"https:\/\/www.europesays.com\/de\/wp-json\/wp\/v2\/tags?post=262552"}],"curies":[{"name":"wp","href":"https:\/\/api.w.org\/{rel}","templated":true}]}}