{"id":262564,"date":"2025-07-12T13:15:11","date_gmt":"2025-07-12T13:15:11","guid":{"rendered":"https:\/\/www.europesays.com\/de\/262564\/"},"modified":"2025-07-12T13:15:11","modified_gmt":"2025-07-12T13:15:11","slug":"toedlicher-unfall-auf-sardinien-anwalt-frau-des-lufthansa-chefs-leistete-erste-hilfe","status":"publish","type":"post","link":"https:\/\/www.europesays.com\/de\/262564\/","title":{"rendered":"T\u00f6dlicher Unfall auf Sardinien: Anwalt: Frau des Lufthansa-Chefs leistete erste Hilfe"},"content":{"rendered":"<p>                    T\u00f6dlicher Unfall auf Sardinien<br \/>\n                Anwalt: Frau des Lufthansa-Chefs leistete erste Hilfe<\/p>\n<p>\t\t\t\t              12.07.2025, 13:59 Uhr<\/p>\n<p>\t\t\t\t\t       Artikel anh\u00f6ren<\/p>\n<p>\t\t\t\t\t\t\tDiese Audioversion wurde k\u00fcnstlich generiert. <a href=\"https:\/\/www.n-tv.de\/23249898\" target=\"_blank\" rel=\"noopener\">Mehr Infos<\/a><\/p>\n<p><strong>Mit ihrem SUV erfasst Vivian Spohr auf Sardinen eine 24-j\u00e4hrige Italienerin. Die junge Frau stirbt noch am Unfallort. Nun schildert der Anwalt der Ehefrau von Lufthansa-Chef Carsten Spohr den Hergang des t\u00f6dlichen Unfalls. <\/strong><\/p>\n<p>Nach einem t\u00f6dlichen Verkehrsunfall auf der italienischen Mittelmeer-Insel Sardinien hat sich der Anwalt der Familie von Lufthansa-Chef Carsten Spohr ge\u00e4u\u00dfert. Gegen\u00fcber der &#8222;Bild&#8220;-Zeitung best\u00e4tigte Angelo Merlini, dass Vivian Spohr das am Unfall beteiligte Fahrzeug gesteuert habe. <\/p>\n<p>Nach Angaben der Ermittler hatte sich <a href=\"https:\/\/www.n-tv.de\/panorama\/Vivian-Spohr-ueberfaehrt-Fussgaengerin-auf-Sardinien-article25893631.html\" rel=\"Follow noopener\" target=\"_blank\">der Unfall <\/a>bereits am Dienstag in dem Nobel-Urlaubsort Porto Cervo ereignet. Demnach soll die 51-j\u00e4hrige Ehefrau von Carsten Spohr im Urlaub auf Sardinien mit ihrem SUV eine Frau \u00fcberfahren haben. Die 24-J\u00e4hrige starb noch am Unfallort. Bei der Toten handelt es sich um eine Italienerin, die als Babysitterin arbeitete. Tests bei Frau Spohr auf Alkohol und Drogen seien negativ ausgefallen. <\/p>\n<p>Nach dem Unfall soll Frau Spohr den Angaben des Anwalts zufolge angehalten und versucht haben, dem M\u00e4dchen zu helfen und es zu reanimieren. Jedoch sei Vivian Spohr nach einem ersten Wiederbelebungsversuch ohnm\u00e4chtig geworden und in ein Krankenhaus gebracht worden, sagte Merlini. <\/p>\n<p>Gegen die 51-J\u00e4hrige wird nach Angaben des Anwalts wegen fahrl\u00e4ssiger T\u00f6tung ermittelt. Sie befinde sich auf freiem Fu\u00df und habe bereits nach Deutschland zur\u00fcckkehren d\u00fcrfen. &#8222;Da keine Fahrerflucht vorlag, hielten es die Richter nicht f\u00fcr angebracht, Frau Spohr in Haft zu nehmen&#8220;, f\u00fchrte Merlini im Bericht der Zeitung weiter aus. Eine Kaution habe sie nicht hinterlegen m\u00fcssen. <\/p>\n<p>  <a href=\"https:\/\/www.n-tv.de\/img\/25893633-1752317094000\/16-9\/750\/imago396617237.jpg\" target=\"_blank\" rel=\"noopener\">     <img decoding=\"async\" alt=\"Der Vorstandsvorsitzende der Deutschen Lufthansa AG Carsten Spohr und seine Frau Vivian bei einem Empfang im Jahr 2018.\" src=\"https:\/\/www.europesays.com\/de\/wp-content\/uploads\/2025\/07\/imago396617237.jpg\" class=\"lazyload\"\/>  <\/a>  <\/p>\n<p class=\"article__aside__caption\">Der Vorstandsvorsitzende der Deutschen Lufthansa AG Carsten Spohr und seine Frau Vivian bei einem Empfang im Jahr 2018.<\/p>\n<p class=\"article__aside__copy\">(Foto: IMAGO\/Andreas Weihs)<\/p>\n<p>   Anwalt beschreibt Unfallhergang<\/p>\n<p>Die Ermittler erhofften sich Aufschluss \u00fcber den Unfall von den \u00dcberwachungskameras, die es im Bereich der Unfallstelle gebe. Die Aufnahmen habe Spohrs Anwalt bisher nicht sichten k\u00f6nnen. Den Unfallhergang k\u00f6nne er jedoch unter Berufung auf Augenzeugen schildern. Demnach habe seine Mandantin an dem Zebrastreifen zun\u00e4chst angehalten. Die Zeugen sollen dies best\u00e4tigt haben, sagte er. <\/p>\n<p>Nachdem eine Gruppe von Menschen die Stra\u00dfe \u00fcberquert hatte, sei sie angefahren und habe nicht bemerkt, dass die junge Frau noch am Ende der Gruppe gestanden habe. Dann habe Frau Spohr die junge Frau &#8222;mit sehr geringer Geschwindigkeit angefahren&#8220;, teilte der Anwalt mit. Ihr BMW habe ein Automatikgetriebe und sei sehr schwer, f\u00fchrte er an. <\/p>\n<p>Der Unfallwagen sei von den Beh\u00f6rden beschlagnahmt und durchsucht worden. Am Mittwoch sollen die Ergebnisse des Gutachtens vorliegen, sagte der Anwalt. Vivian Spohr sei &#8222;am Boden zerst\u00f6rt&#8220; und stehe noch immer unter Schock.<\/p>\n","protected":false},"excerpt":{"rendered":"T\u00f6dlicher Unfall auf Sardinien Anwalt: Frau des Lufthansa-Chefs leistete erste Hilfe 12.07.2025, 13:59 Uhr Artikel anh\u00f6ren Diese Audioversion&hellip;\n","protected":false},"author":2,"featured_media":262565,"comment_status":"","ping_status":"","sticky":false,"template":"","format":"standard","meta":{"footnotes":""},"categories":[5],"tags":[331,332,79529,3364,29,30,13,984,355,14,15,12,7612],"class_list":{"0":"post-262564","1":"post","2":"type-post","3":"status-publish","4":"format-standard","5":"has-post-thumbnail","7":"category-nachrichten","8":"tag-aktuelle-nachrichten","9":"tag-aktuelle-news","10":"tag-carsten-spohr","11":"tag-de","12":"tag-deutschland","13":"tag-germany","14":"tag-headlines","15":"tag-international","16":"tag-italien","17":"tag-nachrichten","18":"tag-news","19":"tag-schlagzeilen","20":"tag-verkehrsunfaelle"},"share_on_mastodon":{"url":"https:\/\/pubeurope.com\/@de\/114840451535512364","error":""},"_links":{"self":[{"href":"https:\/\/www.europesays.com\/de\/wp-json\/wp\/v2\/posts\/262564","targetHints":{"allow":["GET"]}}],"collection":[{"href":"https:\/\/www.europesays.com\/de\/wp-json\/wp\/v2\/posts"}],"about":[{"href":"https:\/\/www.europesays.com\/de\/wp-json\/wp\/v2\/types\/post"}],"author":[{"embeddable":true,"href":"https:\/\/www.europesays.com\/de\/wp-json\/wp\/v2\/users\/2"}],"replies":[{"embeddable":true,"href":"https:\/\/www.europesays.com\/de\/wp-json\/wp\/v2\/comments?post=262564"}],"version-history":[{"count":0,"href":"https:\/\/www.europesays.com\/de\/wp-json\/wp\/v2\/posts\/262564\/revisions"}],"wp:featuredmedia":[{"embeddable":true,"href":"https:\/\/www.europesays.com\/de\/wp-json\/wp\/v2\/media\/262565"}],"wp:attachment":[{"href":"https:\/\/www.europesays.com\/de\/wp-json\/wp\/v2\/media?parent=262564"}],"wp:term":[{"taxonomy":"category","embeddable":true,"href":"https:\/\/www.europesays.com\/de\/wp-json\/wp\/v2\/categories?post=262564"},{"taxonomy":"post_tag","embeddable":true,"href":"https:\/\/www.europesays.com\/de\/wp-json\/wp\/v2\/tags?post=262564"}],"curies":[{"name":"wp","href":"https:\/\/api.w.org\/{rel}","templated":true}]}}