{"id":262620,"date":"2025-07-12T13:46:13","date_gmt":"2025-07-12T13:46:13","guid":{"rendered":"https:\/\/www.europesays.com\/de\/262620\/"},"modified":"2025-07-12T13:46:13","modified_gmt":"2025-07-12T13:46:13","slug":"riesiger-oelfilm-auf-hamburger-kanal-grosseinsatz","status":"publish","type":"post","link":"https:\/\/www.europesays.com\/de\/262620\/","title":{"rendered":"Riesiger \u00d6lfilm auf Hamburger Kanal \u2013 Gro\u00dfeinsatz"},"content":{"rendered":"\n<p><strong>In Rothenburgsort ist es am Samstagmittag zu einem Gro\u00dfeinsatz der Feuerwehr gekommen. Ein Gew\u00e4sser im Industriegebiet ist auf 30.000 Quadratmeter mit \u00d6l verschmutzt.<\/strong><\/p>\n<p>Ein Sprecher des Feuerwehr-Lagedienstes best\u00e4tigte auf MOPO-Nachfrage, dass es an der Stra\u00dfe M\u00fchlenhagen seit 13 Uhr zu einem Einsatz der Feuerwehr und des Umweltdienstes gekommen sei. Eine gr\u00f6\u00dfere Fl\u00e4che auf dem Billekanal sei \u00f6lverschmutzt.<\/p>\n<p>\u00d6lfilm auf 30.000 Quadratmeter auf Billekanal<\/p>\n<p>Auch Beamte der Wasserschutzpolizei und des Umweltdienstes sind vor Ort. Laut eines Polizeibeamten soll auf rund 30.000 Quadratmetern auf dem Gew\u00e4sser \u00d6l liegen. Die Feuerwehr ist gegenw\u00e4rtig mit mehreren Sonderfahrzeugen im Einsatz, um den \u00d6lfilm einzud\u00e4mmen. Ein Verursacher der Umweltverschmutzung konnte bisher nicht ermittelt werden. Der Kanal wurde f\u00fcr den Bootsverkehr gesperrt.<\/p>\n<p> <img decoding=\"async\" class=\"vg_wort_pixel\" src=\"https:\/\/www.europesays.com\/de\/wp-content\/uploads\/2025\/07\/vgzm.1021513-mopo-1584625.gif\" alt=\"\" style=\"width: 1px; height: 1px; position: absolute; pointer-events: none;\"\/><\/p>\n","protected":false},"excerpt":{"rendered":"In Rothenburgsort ist es am Samstagmittag zu einem Gro\u00dfeinsatz der Feuerwehr gekommen. Ein Gew\u00e4sser im Industriegebiet ist auf&hellip;\n","protected":false},"author":2,"featured_media":262621,"comment_status":"","ping_status":"","sticky":false,"template":"","format":"standard","meta":{"footnotes":""},"categories":[1826],"tags":[29,30,692],"class_list":{"0":"post-262620","1":"post","2":"type-post","3":"status-publish","4":"format-standard","5":"has-post-thumbnail","7":"category-hamburg","8":"tag-deutschland","9":"tag-germany","10":"tag-hamburg"},"share_on_mastodon":{"url":"https:\/\/pubeurope.com\/@de\/114840573781466617","error":""},"_links":{"self":[{"href":"https:\/\/www.europesays.com\/de\/wp-json\/wp\/v2\/posts\/262620","targetHints":{"allow":["GET"]}}],"collection":[{"href":"https:\/\/www.europesays.com\/de\/wp-json\/wp\/v2\/posts"}],"about":[{"href":"https:\/\/www.europesays.com\/de\/wp-json\/wp\/v2\/types\/post"}],"author":[{"embeddable":true,"href":"https:\/\/www.europesays.com\/de\/wp-json\/wp\/v2\/users\/2"}],"replies":[{"embeddable":true,"href":"https:\/\/www.europesays.com\/de\/wp-json\/wp\/v2\/comments?post=262620"}],"version-history":[{"count":0,"href":"https:\/\/www.europesays.com\/de\/wp-json\/wp\/v2\/posts\/262620\/revisions"}],"wp:featuredmedia":[{"embeddable":true,"href":"https:\/\/www.europesays.com\/de\/wp-json\/wp\/v2\/media\/262621"}],"wp:attachment":[{"href":"https:\/\/www.europesays.com\/de\/wp-json\/wp\/v2\/media?parent=262620"}],"wp:term":[{"taxonomy":"category","embeddable":true,"href":"https:\/\/www.europesays.com\/de\/wp-json\/wp\/v2\/categories?post=262620"},{"taxonomy":"post_tag","embeddable":true,"href":"https:\/\/www.europesays.com\/de\/wp-json\/wp\/v2\/tags?post=262620"}],"curies":[{"name":"wp","href":"https:\/\/api.w.org\/{rel}","templated":true}]}}