{"id":262626,"date":"2025-07-12T13:49:16","date_gmt":"2025-07-12T13:49:16","guid":{"rendered":"https:\/\/www.europesays.com\/de\/262626\/"},"modified":"2025-07-12T13:49:16","modified_gmt":"2025-07-12T13:49:16","slug":"fussball-news-union-berlin-praesentiert-neuen-hauptsponsor","status":"publish","type":"post","link":"https:\/\/www.europesays.com\/de\/262626\/","title":{"rendered":"Fu\u00dfball \u00bb News \u00bb Union Berlin pr\u00e4sentiert neuen Hauptsponsor"},"content":{"rendered":"<p>1. FC Union Berlin\/1. FC Union Berlin<\/p>\n<p>Union Berlin geht mit einem neuen Hauptsponsor in die anstehende Saison der Fu\u00dfball-Bundesliga.<\/p>\n<p>Das Logo der Spar- und Anlageplattform Fintech Raisin wird k\u00fcnftig auf den Trikots der beiden Profi-Teams des Klubs zu sehen sein, das teilten die Berliner am Samstag mit. Neben den M\u00e4nnern spielen ab diesem Sommer auch die Union-Frauen erstmals in der Bundesliga. Dem Team gelang in den vergangenen beiden Jahren der Durchmarsch aus der drittklassigen Regionalliga.<\/p>\n<p>&#8222;Ich freue mich, dass wir einen Hauptsponsor f\u00fcr uns gewinnen konnten, der unseren inhaltlichen Ansatz teilt und sich ausdr\u00fccklich als Partner eines Klubs mit zwei Profimannschaften \u2013 M\u00e4nner und Frauen &#8211; versteht&#8220;, sagte Union-Pr\u00e4sident Dirk Zingler \u00fcber das Berliner Unternehmen.<\/p>\n","protected":false},"excerpt":{"rendered":"1. FC Union Berlin\/1. FC Union Berlin Union Berlin geht mit einem neuen Hauptsponsor in die anstehende Saison&hellip;\n","protected":false},"author":2,"featured_media":262627,"comment_status":"","ping_status":"","sticky":false,"template":"","format":"standard","meta":{"footnotes":""},"categories":[1825],"tags":[297,1941,1939,296,1937,29,347,30,1940,15,1938,79553],"class_list":{"0":"post-262626","1":"post","2":"type-post","3":"status-publish","4":"format-standard","5":"has-post-thumbnail","7":"category-berlin","8":"tag-1-fc-union-berlin","9":"tag-aktuelle-nachrichten-aus-berlin","10":"tag-aktuelle-news-aus-berlin","11":"tag-berlin","12":"tag-berlin-news","13":"tag-deutschland","14":"tag-fussball","15":"tag-germany","16":"tag-nachrichten-aus-berlin","17":"tag-news","18":"tag-news-aus-berlin","19":"tag-union-berlin-praesentiert-neuen-hauptsponsor"},"share_on_mastodon":{"url":"https:\/\/pubeurope.com\/@de\/114840585103968758","error":""},"_links":{"self":[{"href":"https:\/\/www.europesays.com\/de\/wp-json\/wp\/v2\/posts\/262626","targetHints":{"allow":["GET"]}}],"collection":[{"href":"https:\/\/www.europesays.com\/de\/wp-json\/wp\/v2\/posts"}],"about":[{"href":"https:\/\/www.europesays.com\/de\/wp-json\/wp\/v2\/types\/post"}],"author":[{"embeddable":true,"href":"https:\/\/www.europesays.com\/de\/wp-json\/wp\/v2\/users\/2"}],"replies":[{"embeddable":true,"href":"https:\/\/www.europesays.com\/de\/wp-json\/wp\/v2\/comments?post=262626"}],"version-history":[{"count":0,"href":"https:\/\/www.europesays.com\/de\/wp-json\/wp\/v2\/posts\/262626\/revisions"}],"wp:featuredmedia":[{"embeddable":true,"href":"https:\/\/www.europesays.com\/de\/wp-json\/wp\/v2\/media\/262627"}],"wp:attachment":[{"href":"https:\/\/www.europesays.com\/de\/wp-json\/wp\/v2\/media?parent=262626"}],"wp:term":[{"taxonomy":"category","embeddable":true,"href":"https:\/\/www.europesays.com\/de\/wp-json\/wp\/v2\/categories?post=262626"},{"taxonomy":"post_tag","embeddable":true,"href":"https:\/\/www.europesays.com\/de\/wp-json\/wp\/v2\/tags?post=262626"}],"curies":[{"name":"wp","href":"https:\/\/api.w.org\/{rel}","templated":true}]}}