{"id":262638,"date":"2025-07-12T13:58:20","date_gmt":"2025-07-12T13:58:20","guid":{"rendered":"https:\/\/www.europesays.com\/de\/262638\/"},"modified":"2025-07-12T13:58:20","modified_gmt":"2025-07-12T13:58:20","slug":"jenny-iglesias-kritisiert-schnitt-von-prominent-getrennt","status":"publish","type":"post","link":"https:\/\/www.europesays.com\/de\/262638\/","title":{"rendered":"Jenny Iglesias kritisiert Schnitt von &#8222;Prominent getrennt&#8220;"},"content":{"rendered":"<p style=\"order:0\" class=\"spanFix max-w-[750px] leading-[30px] sm:text-[22px] sm:leading-[38px] sm:text-[22px] sm:leading-[38px]\"><a target=\"_self\" data-google-interstitial=\"true\" href=\"https:\/\/www.promiflash.de\/thema\/jennifer-iglesias\/\" rel=\"nofollow noopener\">Jennifer Iglesias<\/a> (26) ist sich sicher: Sie kommt bei <a target=\"_self\" data-google-interstitial=\"true\" href=\"https:\/\/www.promiflash.de\/thema\/prominent-getrennt\/\" rel=\"nofollow noopener\">Prominent getrennt<\/a> schlecht weg. Die Show wurde bereits im Herbst 2024 gedreht und wird aktuell mit einiger Versp\u00e4tung ausgestrahlt. Die <a target=\"_self\" data-google-interstitial=\"true\" href=\"https:\/\/www.promiflash.de\/thema\/love-island\/\" rel=\"nofollow noopener\">Love Island<\/a>-Bekanntheit ist dar\u00fcber wenig erfreut \u2013 sie meint, sie werde vom Schnitt bewusst in ein schlechtes Licht ger\u00fcckt. In ihrer Instagram-Story macht Jenny ihrem \u00c4rger Luft. <b>&#8222;Bin komplett ehrlich mit euch, ich habe immer weniger Bock auf diese Ausstrahlung&#8230; da werden so essenziell wichtige Szenen und Gespr\u00e4che rausgeschnitten \u2013 als ob ich so ein Psycho bin&#8220;<\/b>, echauffiert sie sich.<\/p>\n<p style=\"order:3\" class=\"spanFix max-w-[750px] leading-[30px] sm:text-[22px] sm:leading-[38px] sm:text-[22px] sm:leading-[38px]\">Als Beispiel nennt Jennifer die Szene in Folge drei, in der sie w\u00fctend die Bilderrahmen von sich und ihrem Ex <a target=\"_self\" data-google-interstitial=\"true\" href=\"https:\/\/www.promiflash.de\/thema\/nico-love-island-2022\/\" rel=\"nofollow noopener\">Nico Nizou<\/a> von der Wand fegt und die Aufnahmen zerrei\u00dft. Die Reality-TV-Pers\u00f6nlichkeit erl\u00e4utert, dass ihr Wutanfall nicht aus dem Nichts kam. <b>&#8222;Nat\u00fcrlich gab es vorher ein krank schlimmes Gespr\u00e4ch, was mich so provoziert hat, dass ich aus einem Grund so reagiert habe&#8220;<\/b>, macht sie deutlich. Jedoch seien ihr die H\u00e4nde gebunden, da sie nicht \u00fcber Dinge sprechen d\u00fcrfe, die nicht ausgestrahlt werden.<\/p>\n<p style=\"order:6\" class=\"spanFix max-w-[750px] leading-[30px] sm:text-[22px] sm:leading-[38px] sm:text-[22px] sm:leading-[38px]\">In der Show richtet sich Jennifers Wut nicht nur gegen ihren Verflossenen, mit dem sie als Team zusammenarbeiten muss. Auch ihre Kontrahentinnen <a target=\"_self\" data-google-interstitial=\"true\" href=\"https:\/\/www.promiflash.de\/thema\/yeliz-koc\/\" rel=\"nofollow noopener\">Yeliz Koc<\/a> (31) und <a target=\"_self\" data-google-interstitial=\"true\" href=\"https:\/\/www.promiflash.de\/thema\/christina-grass\/\" rel=\"nofollow noopener\">Christina Grass<\/a> (37) scheinen ihr ein Dorn im Auge zu sein. <b>Jennifer legt nahe, dass die beiden Realitystars, die bei demselben Management unter Vertrag stehen, schon mit der Intention einer Allianz in die Show gegangen sind.<\/b> Ihr Teampartner Nico scheint dies aber nicht zu durchschauen. &#8222;Wenn der eigene Teampartner lieber bei den Falschen in den Arsch kriecht, statt das Spiel zu spielen, wei\u00df man ja, dass man keine Chance hat, zu gewinnen&#8220;, meckert Jennifer.<\/p>\n<p><img class=\"top-0  absolute h-full w-full object-cover\" alt=\"&quot;Prominent getrennt&quot;-Kandidatin Jennifer Iglesias\" width=\"854\" height=\"480\" decoding=\"async\"  loading=\"lazy\" style=\"background-size:cover;background-position:50% 50%;background-repeat:no-repeat;background-image:url(&quot;data:image\/svg+xml;charset=utf-8,%3Csvg xmlns='http:\/\/www.w3.org\/2000\/svg' viewBox='0 0 640 640'%3E%3Cfilter id='b' color-interpolation-filters='sRGB'%3E%3CfeGaussianBlur stdDeviation='20'\/%3E%3CfeColorMatrix values='1 0 0 0 0 0 1 0 0 0 0 0 1 0 0 0 0 0 100 -1' result='s'\/%3E%3CfeFlood x='0' y='0' width='100%25' height='100%25'\/%3E%3CfeComposite operator='out' in='s'\/%3E%3CfeComposite in2='SourceGraphic'\/%3E%3CfeGaussianBlur stdDeviation='20'\/%3E%3C\/filter%3E%3Cimage width='100%25' height='100%25' x='0' y='0' preserveAspectRatio='none' style='filter: url(%23b);' href='data:image\/png;base64,iVBORw0KGgoAAAANSUhEUgAAABAAAAAQCAYAAAAf8\/9hAAAEG0lEQVR4AQEQBO\/7AMXny\/\/F5Mn\/xN3F\/8TTv\/\/Ex7j\/xbyx\/8a0rP\/Isqr\/y7Wr\/869r\/\/Rx7T\/1NC6\/9fZwP\/Y4MX\/2uXI\/9voy\/8AwePH\/8Hhxv\/B2sH\/wNC7\/8DDtP\/BuK3\/w7Go\/8Wupv\/Isqj\/zLqs\/8\/Esv\/Szrj\/1Ne+\/9bew\/\/X4sf\/2OXJ\/wC22r3\/tti8\/7bQt\/+1xbD\/trmo\/7etof+5pZ3\/vKSc\/8Con\/\/EsaT\/yLyr\/8vHs\/\/Nz7n\/zta+\/8\/bwf\/P3cT\/AKbMrf+lyav\/pcGm\/6W1nv+mqJb\/qJuP\/6uTi\/+wk4z\/tZmR\/7qkmf++sKH\/wbuq\/8LEsf\/Dy7b\/w8+5\/8LSu\/8AkruZ\/5K4l\/+Sr5D\/kqKI\/5OSfv+XhHf\/nHx0\/6J9d\/+phn\/\/r5SK\/7Silf+2rp7\/t7el\/7a+q\/+1wq7\/tMSv\/wCBqoL\/gad\/\/4GdeP+BjW7\/hHtj\/4lqW\/+QYVn\/mWRg\/6Fxa\/+ognn\/rJOG\/6+hkf+uq5j\/rLGd\/6m0oP+ntqL\/AHeda\/93mWj\/eI5g\/3p8Vf9+Zkj\/hFE\/\/41FP\/+XTEn\/oF5Z\/6d0af+rh3f\/rJaC\/6ugiv+np4\/\/o6qR\/5+rk\/8AepdZ\/3qTVv97hk7\/fnNC\/4RaNP+LQCr\/lDAt\/546Ov+mUkz\/rGtd\/7CAa\/+wkHX\/rZt8\/6ihgP+jpIL\/n6aD\/wCGmFD\/h5RN\/4mIR\/+NdDz\/k1sx\/5o\/Kv+jLS3\/qzY4\/7JPR\/+3aVX\/uX5h\/7iPav+1mnD\/sKFz\/6qkdf+mpnX\/AJagUP+XnE7\/mpBK\/599Q\/+lZTz\/rEs4\/7Q6Of+7Pj\/\/wFNJ\/8RrUv\/EgVv\/w5Fh\/7+dZv+5pGn\/tKhq\/7Cqav8ApqlW\/6elVf+qmlL\/r4hN\/7ZxSf+9WUb\/w0hF\/8lJSP\/NWk3\/z3BT\/8+EWP\/MlV3\/yKFg\/8OqY\/+\/r2T\/u7Fk\/wCyslz\/s65b\/7ejWP+9klX\/w3tR\/8pkTv\/QU0z\/1FFN\/9dfUP\/Yc1T\/1odY\/9SZXP\/Qpl\/\/y69h\/8i1Yv\/FuGP\/ALq5YP+8tl\/\/wKpc\/8aZWP\/Mg1P\/02tP\/9hZTf\/cVU3\/3WBQ\/910VP\/biVj\/2Jtd\/9SpYP\/Rs2P\/zrpl\/8y+Zv8Avr5h\/8C6YP\/Fr1z\/y51W\/9KHUP\/Ybkv\/3VpI\/+BUSf\/gX03\/33NS\/92IWf\/am1\/\/16tk\/9O2Z\/\/Rvmn\/0MJq\/wDAwWD\/wr1f\/8eyWv\/Nn1L\/1IhK\/9pvQ\/\/fWT\/\/4VFB\/+FbSP\/gcFD\/3YZZ\/9qbYf\/Xq2f\/1Ldr\/9LAbv\/RxG\/\/AMDCX\/\/Cvl3\/x7NX\/86gTv\/ViET\/2246\/99XNv\/hTTr\/4VdD\/99tTv\/chVn\/2Zpi\/9araf\/UuG7\/08Fx\/9LGcv8HzcYvFs+96QAAAABJRU5ErkJggg=='\/%3E%3C\/svg%3E&quot;)\" src=\"https:\/\/www.europesays.com\/de\/wp-content\/uploads\/2025\/07\/prominent-getrennt-kandidatin-jennifer-iglesias.jpg\" fetchpriority=\"auto\"\/>RTL<img decoding=\"async\" alt=\"Bilder Gallerie Button\" class=\"absolute bottom-[7px] right-[3px] w-[54px] h-[54px] group-hover:scale-110 transition-transform duration-300\" src=\"https:\/\/www.europesays.com\/de\/wp-content\/uploads\/2025\/03\/galerie_button.png\" loading=\"lazy\"\/>&#8222;Prominent getrennt&#8220;-Kandidatin Jennifer Iglesias<img class=\"top-0  absolute h-full w-full object-cover\" alt=\"&quot;Prominent getrennt&quot;-Kandidaten Jennifer Iglesias und Nico\" width=\"854\" height=\"480\" decoding=\"async\"  loading=\"lazy\" style=\"background-size:cover;background-position:50% 50%;background-repeat:no-repeat;background-image:url(&quot;data:image\/svg+xml;charset=utf-8,%3Csvg xmlns='http:\/\/www.w3.org\/2000\/svg' viewBox='0 0 640 640'%3E%3Cfilter id='b' color-interpolation-filters='sRGB'%3E%3CfeGaussianBlur stdDeviation='20'\/%3E%3CfeColorMatrix values='1 0 0 0 0 0 1 0 0 0 0 0 1 0 0 0 0 0 100 -1' result='s'\/%3E%3CfeFlood x='0' y='0' width='100%25' height='100%25'\/%3E%3CfeComposite operator='out' in='s'\/%3E%3CfeComposite in2='SourceGraphic'\/%3E%3CfeGaussianBlur stdDeviation='20'\/%3E%3C\/filter%3E%3Cimage width='100%25' height='100%25' x='0' y='0' preserveAspectRatio='none' style='filter: url(%23b);' href='data:image\/png;base64,iVBORw0KGgoAAAANSUhEUgAAABAAAAAQCAYAAAAf8\/9hAAAEG0lEQVR4AQEQBO\/7AM25rv\/KuKz\/xLOm\/7yvnv+0rZr\/sa+b\/7W3pP+9wrL\/yM3A\/9LWzP\/Y29L\/2dnS\/9XSzP\/Nx8D\/xLqy\/7yvpv8AybSp\/8ezp\/\/BsKL\/uqyc\/7Ormf+xr5v\/tbek\/73Csv\/IzcD\/0dXK\/9bY0P\/X1s\/\/08\/I\/8vEvP\/Bt67\/uayj\/wDAp5r\/vqaZ\/7qllv+1pZT\/saeV\/7Ctm\/+1tqX\/vMCx\/8XKvf\/N0Mb\/0dLJ\/9HPx\/\/Mx7\/\/xLuy\/7uupP+zpJn\/ALKRgf+xkoH\/r5SE\/62ZiP+toJD\/r6qa\/7S0pf+7vrD\/wcW5\/8fJv\/\/Jyb\/\/x8S6\/8K7sf+6rqT\/saGW\/6qXiv8AonVd\/6J4Yf+jgGv\/pIt5\/6eYif+spZf\/srGk\/7e6rv+8v7X\/v8G3\/7++tP+8uK3\/tq2h\/6+hlP+nlIb\/oYp7\/wCUVyX\/lV00\/5hrTv+cfWn\/opCB\/6iflP+trKL\/srWr\/7a5r\/+3ua\/\/trWp\/7KtoP+sopT\/ppaH\/6CKev+bgXD\/AI0\/AP+OSAD\/kVwy\/5ZzW\/+ciHn\/opmO\/6emnf+sr6b\/rrKq\/6+yqP+uraL\/q6WZ\/6ebjv+ikYL\/nYd3\/5p\/cP8AjjsA\/49EAP+RVyL\/k21T\/5eBcv+bkoj\/n5+X\/6Soof+nrKX\/qa2k\/6mpn\/+oo5j\/ppuP\/6OThv+gi3\/\/nYZ5\/wCXTAD\/llEA\/5VdLP+UblH\/lH5s\/5WNgf+XmZD\/m6Kb\/6CnoP+kqaL\/p6mg\/6mlnP+poJf\/qJqR\/6aUjP+kkIj\/AKFfIv+gYSz\/nGhA\/5dyVv+TfWr\/kIl7\/5GUiv+VnZX\/m6Sd\/6Koov+nqqT\/q6mj\/62moP+uopz\/rZ6Z\/6yblv8AqmxG\/6huSf+jcVH\/nHdc\/5R\/av+PiHj\/jpKF\/5Kakf+Zopv\/oaii\/6irp\/+urKj\/saun\/7Kopf+ypqL\/saOg\/wCvclb\/rXNX\/6h2XP+ge2P\/mIJs\/5KKeP+Qk4T\/k5uQ\/5mim\/+hp6P\/qauo\/6+sq\/+yrKv\/tKqp\/7Sopv+0p6T\/ALBwW\/+ucV3\/qnZg\/6N+Z\/+dhnD\/mI97\/5aXhv+YnZH\/nKOb\/6Kmo\/+oqKf\/ramq\/7Cpqf+yqKf\/sqal\/7Klov8ArWZY\/6xpWv+pcmD\/pn5p\/6KJdP+flH\/\/npyK\/56hlP+gpJz\/o6Wi\/6alpf+ppKX\/q6Kk\/62hof+toJ7\/rqCc\/wCoV1D\/qFxU\/6drXf+nfGr\/pox3\/6aZhP+loY\/\/paWX\/6Smnf+kpKD\/pKCh\/6WdoP+mmp3\/p5mZ\/6eZlv+omZP\/AKNHR\/+kUE3\/pmVa\/6h7av+pjnr\/qpyH\/6qlkv+pqJr\/p6ee\/6Wjn\/+jnZ7\/oZeb\/6GTl\/+hkpL\/opKO\/6OTi\/9YEdGrWQVvAAAAAABJRU5ErkJggg=='\/%3E%3C\/svg%3E&quot;)\" src=\"https:\/\/www.europesays.com\/de\/wp-content\/uploads\/2025\/07\/prominent-getrennt-kandidaten-jennifer-iglesias-und-nico.jpg\" fetchpriority=\"auto\"\/>RTL<img decoding=\"async\" alt=\"Bilder Gallerie Button\" class=\"absolute bottom-[7px] right-[3px] w-[54px] h-[54px] group-hover:scale-110 transition-transform duration-300\" src=\"https:\/\/www.europesays.com\/de\/wp-content\/uploads\/2025\/03\/galerie_button.png\" loading=\"lazy\"\/>&#8222;Prominent getrennt&#8220;-Kandidaten Jennifer Iglesias und Nico<img class=\"top-0  absolute h-full w-full object-cover\" alt=\"&quot;Prominent getrennt&quot;-Kandidatin Yeliz Koc\" width=\"854\" height=\"480\" decoding=\"async\"  loading=\"lazy\" style=\"background-size:cover;background-position:50% 50%;background-repeat:no-repeat;background-image:url(&quot;data:image\/svg+xml;charset=utf-8,%3Csvg xmlns='http:\/\/www.w3.org\/2000\/svg' viewBox='0 0 640 640'%3E%3Cfilter id='b' color-interpolation-filters='sRGB'%3E%3CfeGaussianBlur stdDeviation='20'\/%3E%3CfeColorMatrix values='1 0 0 0 0 0 1 0 0 0 0 0 1 0 0 0 0 0 100 -1' result='s'\/%3E%3CfeFlood x='0' y='0' width='100%25' height='100%25'\/%3E%3CfeComposite operator='out' in='s'\/%3E%3CfeComposite in2='SourceGraphic'\/%3E%3CfeGaussianBlur stdDeviation='20'\/%3E%3C\/filter%3E%3Cimage width='100%25' height='100%25' x='0' y='0' preserveAspectRatio='none' style='filter: url(%23b);' href='data:image\/png;base64,iVBORw0KGgoAAAANSUhEUgAAABAAAAAQCAYAAAAf8\/9hAAAEG0lEQVR4AQEQBO\/7ANzlzv\/c5M\/\/3eTS\/+Di1f\/i4dn\/5eDd\/+jg4P\/q4OL\/7OLj\/+3l5P\/u6OX\/7uzl\/+3w5v\/t9Oj\/7ffp\/+z56v8A1eDJ\/9bfyv\/Y383\/293Q\/97c1P\/h29f\/49va\/+Xb3P\/n3d3\/6N\/e\/+jj3v\/o59\/\/5+vg\/+fu4f\/m8eP\/5vPk\/wDE0rr\/xdG7\/8jRvf\/M0MH\/0c7E\/9XNx\/\/YzMn\/2czL\/9nNy\/\/Zz8v\/19LL\/9bWzP\/V2s3\/1d7P\/9Xh0f\/V49L\/AKm8ov+rvKL\/sLul\/7e6qP++uaz\/xLiu\/8e3r\/\/ItrD\/xrav\/8O3rv+\/ua7\/vL2u\/7rAsP+5xLL\/uci0\/7rKtv8AiaGB\/42hgv+WoYX\/oaGJ\/6yhjf+zoI\/\/t5+Q\/7edj\/+znI3\/rZuK\/6aciP+gnoj\/m6KJ\/5mljP+ZqY7\/mauQ\/wBvh1r\/dIhc\/4GJYf+Ri2f\/n4xt\/6qMcf+vi3L\/rolw\/6mHbP+ghGf\/loNi\/4yDXv+EhV3\/f4hf\/32LYf98jWP\/AGp2LP9wdzL\/f3o+\/5B+TP+gglf\/rIRf\/7KFYv+yhGL\/rYFd\/6R9Vf+Zekz\/jXdB\/4F2OP95dzH\/dHgt\/3F5LP8Af3UA\/4N3Ef+QfC\/\/n4JG\/66HWP+5jGT\/wI5r\/8GPbf++jWv\/t4lk\/62FWf+hgUv\/ln07\/4t7J\/+Eegv\/f3oA\/wCdgxr\/oIUo\/6mKQP+1kFf\/wZdq\/8udeP\/SoIH\/1aKG\/9Shhf\/Pn4D\/x5t3\/76Xav+zklv\/qI9J\/5+MNf+ZiyP\/ALiWPv+6mEX\/wJxX\/8mia\/\/SqH3\/266M\/+Kyl\/\/mtJ3\/57We\/+Szmv\/fsZL\/162G\/82peP\/CpWj\/uaJY\/7KhS\/8Ay6dU\/82oWf\/Rq2j\/17B6\/961i\/\/muZn\/7L2k\/\/HAq\/\/zwa3\/8sGq\/+6\/o\/\/nvZj\/3rqL\/9S3fP\/LtG7\/xbNj\/wDVsl7\/1rNj\/9m1cP\/dt3\/\/47qP\/+m9nf\/uwKf\/88Ou\/\/bEsP\/1xa7\/88Wo\/+3Env\/lwpL\/3MGE\/9S\/d\/\/Ovm3\/ANW4X\/\/WuGP\/2Lhu\/9u4e\/\/fuIn\/5LmW\/+i6n\/\/svKX\/776o\/+\/Apv\/twaD\/6MKY\/+HCjf\/awoD\/0sF0\/83BbP8AzrhX\/863Wv\/QtWP\/0rNu\/9Wwev\/YroT\/3K2N\/9+tkv\/gr5T\/4bKS\/9+1jf\/buIb\/1bp8\/8+8cf\/JvWb\/xL5e\/wDCtUn\/w7RL\/8SwUv\/Fqlr\/x6Rj\/8qfbP\/Mm3L\/zZl2\/86bd\/\/On3X\/zKRx\/8ipav\/ErmH\/v7JY\/7u1Tv+4t0f\/ALixOP+4sDr\/uas\/\/7qjRf+8mkz\/vZFR\/76KVv+\/h1j\/vohY\/72NVv+7lFL\/uJxL\/7SjQ\/+xqTn\/rq4v\/6yxJ\/8NnfPb54hJpAAAAABJRU5ErkJggg=='\/%3E%3C\/svg%3E&quot;)\" src=\"https:\/\/www.europesays.com\/de\/wp-content\/uploads\/2025\/07\/yeliz-koc-verschraenkt-die-arme-und-guckt-boese.jpg\" fetchpriority=\"auto\"\/>RTL<img decoding=\"async\" alt=\"Bilder Gallerie Button\" class=\"absolute bottom-[7px] right-[3px] w-[54px] h-[54px] group-hover:scale-110 transition-transform duration-300\" src=\"https:\/\/www.europesays.com\/de\/wp-content\/uploads\/2025\/03\/galerie_button.png\" loading=\"lazy\"\/>&#8222;Prominent getrennt&#8220;-Kandidatin Yeliz Koc<\/p>\n<p>Was haltet ihr von Jennifers Verdacht?<\/p>\n<p>Ergebnis anzeigen<\/p>\n","protected":false},"excerpt":{"rendered":"Jennifer Iglesias (26) ist sich sicher: Sie kommt bei Prominent getrennt schlecht weg. Die Show wurde bereits im&hellip;\n","protected":false},"author":2,"featured_media":262639,"comment_status":"","ping_status":"","sticky":false,"template":"","format":"standard","meta":{"footnotes":""},"categories":[1773],"tags":[29,214,30,471,1780,215],"class_list":{"0":"post-262638","1":"post","2":"type-post","3":"status-publish","4":"format-standard","5":"has-post-thumbnail","7":"category-serien","8":"tag-deutschland","9":"tag-entertainment","10":"tag-germany","11":"tag-serien","12":"tag-series","13":"tag-unterhaltung"},"share_on_mastodon":{"url":"https:\/\/pubeurope.com\/@de\/114840622137612071","error":""},"_links":{"self":[{"href":"https:\/\/www.europesays.com\/de\/wp-json\/wp\/v2\/posts\/262638","targetHints":{"allow":["GET"]}}],"collection":[{"href":"https:\/\/www.europesays.com\/de\/wp-json\/wp\/v2\/posts"}],"about":[{"href":"https:\/\/www.europesays.com\/de\/wp-json\/wp\/v2\/types\/post"}],"author":[{"embeddable":true,"href":"https:\/\/www.europesays.com\/de\/wp-json\/wp\/v2\/users\/2"}],"replies":[{"embeddable":true,"href":"https:\/\/www.europesays.com\/de\/wp-json\/wp\/v2\/comments?post=262638"}],"version-history":[{"count":0,"href":"https:\/\/www.europesays.com\/de\/wp-json\/wp\/v2\/posts\/262638\/revisions"}],"wp:featuredmedia":[{"embeddable":true,"href":"https:\/\/www.europesays.com\/de\/wp-json\/wp\/v2\/media\/262639"}],"wp:attachment":[{"href":"https:\/\/www.europesays.com\/de\/wp-json\/wp\/v2\/media?parent=262638"}],"wp:term":[{"taxonomy":"category","embeddable":true,"href":"https:\/\/www.europesays.com\/de\/wp-json\/wp\/v2\/categories?post=262638"},{"taxonomy":"post_tag","embeddable":true,"href":"https:\/\/www.europesays.com\/de\/wp-json\/wp\/v2\/tags?post=262638"}],"curies":[{"name":"wp","href":"https:\/\/api.w.org\/{rel}","templated":true}]}}