{"id":262640,"date":"2025-07-12T13:59:16","date_gmt":"2025-07-12T13:59:16","guid":{"rendered":"https:\/\/www.europesays.com\/de\/262640\/"},"modified":"2025-07-12T13:59:16","modified_gmt":"2025-07-12T13:59:16","slug":"bring-me-the-horizon-veroeffentlichen-lo-fi-album","status":"publish","type":"post","link":"https:\/\/www.europesays.com\/de\/262640\/","title":{"rendered":"Bring Me The Horizon ver\u00f6ffentlichen Lo-Fi-Album"},"content":{"rendered":"<p><a href=\"https:\/\/www.morecore.de\/band\/bring-me-the-horizon\/\" title=\"Alle Infos zu Bring Me The Horizon\" rel=\"nofollow noopener\" target=\"_blank\">Bring Me The Horizon<\/a> haben heute mal ein etwas anderes Projekt auf uns losgelassen: Auf ihrem neuen Album <strong>\u201eLo-files\u201c <\/strong>pr\u00e4sentieren sie 23 ihrer gr\u00f6\u00dften Songs als Lo-Fi-Versionen. Daf\u00fcr hat sich die Band mit einer Reihe namhafter Produzenten aus der Szene zusammengetan. \u201eDiese Tracks sind zum Chillen, Konzentrieren, Schlafen oder einfach zum Abschalten \u2026 was immer ihr wollt\u201c, kommentieren <strong>BMTH<\/strong> selbst.<\/p>\n<p>Bring Me The Horizon ver\u00f6ffentlichen Lo-Fi-Album<\/p>\n<blockquote class=\"instagram-media\" data-instgrm-permalink=\"https:\/\/www.instagram.com\/p\/DL5NJ5GKMWa\/?utm_source=ig_embed&amp;utm_campaign=loading\" data-instgrm-version=\"14\" style=\" background:#FFF; border:0; border-radius:3px; box-shadow:0 0 1px 0 rgba(0,0,0,0.5),0 1px 10px 0 rgba(0,0,0,0.15); margin: 1px; max-width:540px; min-width:326px; padding:0; width:99.375%; width:-webkit-calc(100% - 2px); width:calc(100% - 2px);\">\n<\/blockquote>\n<p>Auf <strong>\u201eLo-files\u201c<\/strong> finden sich unter anderem Neuinterpretationen von Klassikern aus der <a href=\"https:\/\/www.morecore.de\/release\/bring-me-the-horizon\/sempiternal\/\" rel=\"nofollow noopener\" target=\"_blank\">\u201eSempiternal\u201c<\/a>-\u00c4ra wie <strong>\u201eCan You Feel My Heart\u201c<\/strong>, <strong>\u201eSleepwalking\u201c<\/strong> und <strong>\u201eShadow Moses\u201c<\/strong>. Aber auch Songs wie <strong>\u201eDoomed\u201c<\/strong>, <strong>\u201eFollow You\u201c <\/strong>oder <strong>\u201eThrone\u201c<\/strong> aus <a href=\"https:\/\/www.morecore.de\/release\/bring-me-the-horizon\/thats-the-spirit\/\" rel=\"nofollow noopener\" target=\"_blank\">\u201eThat\u2019s the Spirit\u201c<\/a> haben ihren Weg auf die Platte gefunden \u2014 genauso wie aktuelles Material. Die komplette Tracklist liest sich wie folgt:<\/p>\n<p>Tracklist<\/p>\n<ol>\n<li>\u201ecanyoufeelmyCasiio &amp; <strong>No Spirit<\/strong>)<\/li>\n<li>\u201e(U)topia.drm\u201c (feat. <strong>Lophiile<\/strong>)<\/li>\n<li>\u201ein_the_dark.ech\u201c (feat. <strong>Kanisan<\/strong>)<\/li>\n<li>\u201efollowU.bnd\u201c (feat. <strong>Dimension 32<\/strong>)<\/li>\n<li>\u201eDarkside.verXx\u201c (feat. <strong>Casiio<\/strong> &amp; <strong>No Spirit<\/strong>)<\/li>\n<li>\u201eking_sl@yer.fmk\u201c (feat. <strong>Mondo Loops<\/strong>)<\/li>\n<li>\u201esL33pwalking.idl\u201c (feat. <strong>Lophiile<\/strong>)<\/li>\n<li>\u201edrwn.vvv\u201c (feat. <strong>Dimension 32<\/strong>)<\/li>\n<li>\u201elosT_404.nll\u201c (feat. <strong>Drxnk<\/strong>)<\/li>\n<li>\u201eseenitallbefore_xx.arch\u201c (feat. <strong>Kanisan<\/strong>)<\/li>\n<li>\u201eparasite.ev3\u201c (feat. <strong>Mondo Loops<\/strong>)<\/li>\n<li>\u201emed!cine.fbk\u201c (feat. <strong>Lophiile<\/strong>)<\/li>\n<li>\u201ekoolaid.xxo\u201c (feat. <strong>Drxnk<\/strong>)<\/li>\n<li>\u201ed1g_it.core\u201c (feat. <strong>HM Surf<\/strong>)<\/li>\n<li>\u201eDOOMED.errX\u201c (feat. <strong>Drxnk<\/strong>)<\/li>\n<li>\u201eavalanche_.drft\u201c (feat. <strong>Lophiile<\/strong>)<\/li>\n<li>\u201e1DayTheOnlyButterfliesLeftWillBInurChestAsuMarchTowardsUrDeath.finx\u201c (feat. <strong>Drxnk<\/strong>)<\/li>\n<li>\u201esTr4nG3r5.vsn0\u201c (feat. <strong>Dimension 32<\/strong>)<\/li>\n<li>\u201e1\u00d71.syncd\u201c (feat. <strong>Lophiile<\/strong>)<\/li>\n<li>\u201eshadowm0ses.frg\u201c (feat. <strong>Mondo Loops<\/strong>)<\/li>\n<li>\u201em0th3r.tng\u201c (feat. <strong>Drxnk<\/strong>)<\/li>\n<li>\u201eDiE4u.sysrsk\u201c (feat. <strong>HM Surf<\/strong>)<\/li>\n<li>\u201eThrone.GOD\u201c (feat. <strong>Casiio<\/strong> &amp; <strong>No Spirit<\/strong>)<\/li>\n<\/ol>\n<p>Es ist die erste neue Musik von <strong>BMTH<\/strong> seit dem Release von <a href=\"https:\/\/www.morecore.de\/release\/bring-me-the-horizon\/post-human-nex-gen\/\" rel=\"nofollow noopener\" target=\"_blank\">\u201ePOST HUMAN: NeX GEn\u201c<\/a> letztes Jahr. Im Januar brachten sie noch ihr Cover des <strong>Oasis<\/strong>-Klassikers <a href=\"https:\/\/www.morecore.de\/news\/bring-me-the-horizon-haben-sich-wonderwall-von-oasis-fuer-ein-cover-geschnappt\/\" rel=\"nofollow noopener\" target=\"_blank\">\u201eWonderwall\u201c<\/a> unter die Leute.<\/p>\n<p>Foto: Vasso Vu \/ Offizielles Pressebild<\/p>\n<p>\t<script async src=\"\/\/www.instagram.com\/embed.js\"><\/script><\/p>\n","protected":false},"excerpt":{"rendered":"Bring Me The Horizon haben heute mal ein etwas anderes Projekt auf uns losgelassen: Auf ihrem neuen Album&hellip;\n","protected":false},"author":2,"featured_media":262641,"comment_status":"","ping_status":"","sticky":false,"template":"","format":"standard","meta":{"footnotes":""},"categories":[1772],"tags":[29,214,30,1779,810,215],"class_list":{"0":"post-262640","1":"post","2":"type-post","3":"status-publish","4":"format-standard","5":"has-post-thumbnail","7":"category-musik","8":"tag-deutschland","9":"tag-entertainment","10":"tag-germany","11":"tag-music","12":"tag-musik","13":"tag-unterhaltung"},"share_on_mastodon":{"url":"https:\/\/pubeurope.com\/@de\/114840624532066933","error":""},"_links":{"self":[{"href":"https:\/\/www.europesays.com\/de\/wp-json\/wp\/v2\/posts\/262640","targetHints":{"allow":["GET"]}}],"collection":[{"href":"https:\/\/www.europesays.com\/de\/wp-json\/wp\/v2\/posts"}],"about":[{"href":"https:\/\/www.europesays.com\/de\/wp-json\/wp\/v2\/types\/post"}],"author":[{"embeddable":true,"href":"https:\/\/www.europesays.com\/de\/wp-json\/wp\/v2\/users\/2"}],"replies":[{"embeddable":true,"href":"https:\/\/www.europesays.com\/de\/wp-json\/wp\/v2\/comments?post=262640"}],"version-history":[{"count":0,"href":"https:\/\/www.europesays.com\/de\/wp-json\/wp\/v2\/posts\/262640\/revisions"}],"wp:featuredmedia":[{"embeddable":true,"href":"https:\/\/www.europesays.com\/de\/wp-json\/wp\/v2\/media\/262641"}],"wp:attachment":[{"href":"https:\/\/www.europesays.com\/de\/wp-json\/wp\/v2\/media?parent=262640"}],"wp:term":[{"taxonomy":"category","embeddable":true,"href":"https:\/\/www.europesays.com\/de\/wp-json\/wp\/v2\/categories?post=262640"},{"taxonomy":"post_tag","embeddable":true,"href":"https:\/\/www.europesays.com\/de\/wp-json\/wp\/v2\/tags?post=262640"}],"curies":[{"name":"wp","href":"https:\/\/api.w.org\/{rel}","templated":true}]}}