{"id":262647,"date":"2025-07-12T14:03:12","date_gmt":"2025-07-12T14:03:12","guid":{"rendered":"https:\/\/www.europesays.com\/de\/262647\/"},"modified":"2025-07-12T14:03:12","modified_gmt":"2025-07-12T14:03:12","slug":"was-stimmt-nicht-mit-mir-adam-levine-schildert-unertraegliche-schmerzen-beim-taetowieren","status":"publish","type":"post","link":"https:\/\/www.europesays.com\/de\/262647\/","title":{"rendered":"&#8222;Was stimmt nicht mit mir?&#8220;: Adam Levine schildert unertr\u00e4gliche Schmerzen beim T\u00e4towieren"},"content":{"rendered":"<p>                    &#8222;Was stimmt nicht mit mir?&#8220;<br \/>\n                Adam Levine schildert unertr\u00e4gliche Schmerzen beim T\u00e4towieren<\/p>\n<p>\t\t\t\t              12.07.2025, 14:35 Uhr<\/p>\n<p>\t\t\t\t\t       Artikel anh\u00f6ren<\/p>\n<p>\t\t\t\t\t\t\tDiese Audioversion wurde k\u00fcnstlich generiert. <a href=\"https:\/\/www.n-tv.de\/23249898\" target=\"_blank\" rel=\"noopener\">Mehr Infos<\/a><\/p>\n<p><strong>Er ist \u00fcbers\u00e4t mit Tattoos. Sein K\u00f6rper gleicht einem wandelnden Kunstwerk. Doch jetzt will Adam Levine sich nie wieder von einer T\u00e4towiernadel stechen lassen. Der S\u00e4nger der erfolgreichen Band Maroon-5 gibt daf\u00fcr einen einleuchtenden Grund an. <\/strong><\/p>\n<p>Adam Levine hat das Ende seiner K\u00f6rperkunst-\u00c4ra verk\u00fcndet. Der Maroon-5-Frontmann hat offensichtlich genug von der Qu\u00e4lerei, die das T\u00e4towieren so mit sich bringt. In einem Interview <a href=\"https:\/\/www.today.com\/popculture\/adam-levine-done-getting-tattoos-rcna218153\" rel=\"Follow noopener\" target=\"_blank\">mit &#8222;today.com&#8220;, <\/a>das er anl\u00e4sslich seines neuen Albums &#8222;Love Is Like&#8220; gab, machte der S\u00e4nger eine \u00fcberraschende Ank\u00fcndigung: Mit den Tattoos ist es nun vorbei. <\/p>\n<p>Der Wendepunkt sei mit seinem j\u00fcngsten Tattoo gekommen, einer \u00dcberarbeitung der Motive auf seinem linken Arm. &#8222;Ich habe mein Arm-Tattoo mit einem anderen \u00fcbert\u00e4towiert. Wer macht denn sowas? Was stimmt nicht mit mir? V\u00f6llig verr\u00fcckt&#8220;, so Levine.<\/p>\n<p>Mit dem Alter scheint Levine schmerzempfindlicher zu werden. Was einst als &#8222;Spa\u00df&#8220; begann, ist heute eine Qual. &#8222;Es hat wirklich wehgetan. Ich bin irgendwie fertig mit den Schmerzen, habe ich beschlossen&#8230;&#8220; Er sei &#8222;weicher geworden&#8220;, erkl\u00e4rt der Musiker weiter. &#8222;Wenn ich mir jetzt ein Tattoo stechen lasse, denke ich: &#8218;Das tut so verdammt weh&#8216;, und frage mich, was falsch ist. Ich bin fertig.&#8220;<\/p>\n<p>Neben der nachlassenden Schmerztoleranz k\u00e4mpft Levine aber auch mit einem ganz praktischen Problem: Ihm geht die Fl\u00e4che aus f\u00fcr weitere Kunstwerke. &#8222;Ich habe keinen Platz mehr auf meinem K\u00f6rper&#8220;, gesteht er. Sein Gesicht bleibt tabu &#8211; das hat er sich &#8222;versprochen&#8220;. Allerdings hatte er 2013 gegen\u00fcber &#8222;People&#8220; auch noch behauptet, dass seine H\u00e4nde und Beine ebenfalls tabu seien.<\/p>\n<p>  <a href=\"https:\/\/www.n-tv.de\/img\/25896635-1752320797000\/16-9\/750\/496549898.jpg\" target=\"_blank\" rel=\"noopener\">     <img decoding=\"async\" alt=\"Auf den Armen, am Bauch und am Hals: Und das sind nur die sichtbaren Tattoos von Adam Levine.\" src=\"https:\/\/www.europesays.com\/de\/wp-content\/uploads\/2025\/07\/496549898.jpg\" class=\"lazyload\"\/>  <\/a>  <\/p>\n<p class=\"article__aside__caption\">Auf den Armen, am Bauch und am Hals: Und das sind nur die sichtbaren Tattoos von Adam Levine.<\/p>\n<p class=\"article__aside__copy\">(Foto: picture alliance \/ Sipa USA)<\/p>\n<p>   Erstes Tattoo mit 21<\/p>\n<p>Die Schrift und Zeichnungen auf seiner Hand sind nun sogar Levines liebste. Auf die Frage nach seinem Lieblings-Tattoo antwortet er nachdenklich: &#8222;Nein, es sind zu viele. Das ist zu \u00fcberw\u00e4ltigend.&#8220; Nach kurzem \u00dcberlegen f\u00fcgt er hinzu: &#8222;Ich mag die an meinen H\u00e4nden&#8220;, wo &#8222;true love&#8220; \u00fcber acht Finger verteilt prangt.<\/p>\n<p>Das erste Tattoo des K\u00fcnstlers war eine Taube auf seinem linken Bizeps, die er sich nach dem Terroranschlag auf das World Trade Center stechen lie\u00df. &#8222;Ich war 21. Es war f\u00fcnf Tage nach 9\/11. Ich hatte das Bed\u00fcrfnis, etwas mit dieser friedlichen Sache auf meinem K\u00f6rper zu sagen&#8220;, erkl\u00e4rte er &#8222;People&#8220;.<\/p>\n","protected":false},"excerpt":{"rendered":"&#8222;Was stimmt nicht mit mir?&#8220; Adam Levine schildert unertr\u00e4gliche Schmerzen beim T\u00e4towieren 12.07.2025, 14:35 Uhr Artikel anh\u00f6ren Diese&hellip;\n","protected":false},"author":2,"featured_media":262648,"comment_status":"","ping_status":"","sticky":false,"template":"","format":"standard","meta":{"footnotes":""},"categories":[155],"tags":[29,214,30,809,39240,2904,215,64],"class_list":{"0":"post-262647","1":"post","2":"type-post","3":"status-publish","4":"format-standard","5":"has-post-thumbnail","7":"category-unterhaltung","8":"tag-deutschland","9":"tag-entertainment","10":"tag-germany","11":"tag-popmusik","12":"tag-schmerz","13":"tag-tattoos","14":"tag-unterhaltung","15":"tag-usa"},"share_on_mastodon":{"url":"","error":""},"_links":{"self":[{"href":"https:\/\/www.europesays.com\/de\/wp-json\/wp\/v2\/posts\/262647","targetHints":{"allow":["GET"]}}],"collection":[{"href":"https:\/\/www.europesays.com\/de\/wp-json\/wp\/v2\/posts"}],"about":[{"href":"https:\/\/www.europesays.com\/de\/wp-json\/wp\/v2\/types\/post"}],"author":[{"embeddable":true,"href":"https:\/\/www.europesays.com\/de\/wp-json\/wp\/v2\/users\/2"}],"replies":[{"embeddable":true,"href":"https:\/\/www.europesays.com\/de\/wp-json\/wp\/v2\/comments?post=262647"}],"version-history":[{"count":0,"href":"https:\/\/www.europesays.com\/de\/wp-json\/wp\/v2\/posts\/262647\/revisions"}],"wp:featuredmedia":[{"embeddable":true,"href":"https:\/\/www.europesays.com\/de\/wp-json\/wp\/v2\/media\/262648"}],"wp:attachment":[{"href":"https:\/\/www.europesays.com\/de\/wp-json\/wp\/v2\/media?parent=262647"}],"wp:term":[{"taxonomy":"category","embeddable":true,"href":"https:\/\/www.europesays.com\/de\/wp-json\/wp\/v2\/categories?post=262647"},{"taxonomy":"post_tag","embeddable":true,"href":"https:\/\/www.europesays.com\/de\/wp-json\/wp\/v2\/tags?post=262647"}],"curies":[{"name":"wp","href":"https:\/\/api.w.org\/{rel}","templated":true}]}}