{"id":262661,"date":"2025-07-12T14:10:12","date_gmt":"2025-07-12T14:10:12","guid":{"rendered":"https:\/\/www.europesays.com\/de\/262661\/"},"modified":"2025-07-12T14:10:12","modified_gmt":"2025-07-12T14:10:12","slug":"re-9-aus-siegen-betroffen-zugverkehr-nach-aachen-unterbrochen","status":"publish","type":"post","link":"https:\/\/www.europesays.com\/de\/262661\/","title":{"rendered":"RE 9 aus Siegen betroffen: Zugverkehr nach Aachen unterbrochen"},"content":{"rendered":"<p class=\"rubric-datestamp\">Pressemitteilung vom 12.07.2025 \u00a0\u00a0\u00a0 <a href=\"https:\/\/www.ak-kurier.de\/akkurier\/www\/newsprint.php?nid=158621\" target=\"_new\" rel=\"noopener\"><img decoding=\"async\" src=\"https:\/\/www.europesays.com\/de\/wp-content\/uploads\/2025\/04\/print.gif\" border=\"0\" title=\"Artikel drucken\"\/><\/a><\/p>\n<p class=\"sdescript\">&#13;<br \/>\n\t\t\t\t\t\t\t\tAm Samstag (12. Juli) kam es laut einer Mitteilung des Zuginfo NRW-Teams zu einer Streckensperrung zwischen Aachen Hauptbahnhof und den Bahnh\u00f6fen Aachen-Rothe Erde sowie Aachen West. Der Grund f\u00fcr die Sperrung waren unbefugte Personen auf den Gleisen. Die Auswirkungen auf den Bahnverkehr waren erheblich.<\/p>\n<p>\t\t\t\t&#13;<br \/>\n                                    <a href=\"https:\/\/www.ak-kurier.de\/akkurier\/www\/artikelbild\/158621-re-9-aus-siegen-betroffen--zugverkehr-nach-aachen-unterbrochen\" target=\"_blank\" rel=\"noopener\">&#13;<br \/>\n\t\t\t\t\t\t\t\t\t&#13;<br \/>\n\t\t\t\t\t\t\t\t\t\t\t\t\t<img decoding=\"async\" class=\"lazy\" src=\"https:\/\/www.europesays.com\/de\/wp-content\/uploads\/2025\/07\/Zuginfo_Pixa_120725.jpg\" alt=\"\"\/>&#13;<br \/>\n\t\t\t\t\t\t\t\t\t\t\t\t\t\t\t\t\t\t<\/a>&#13;<br \/>\n                                    Foto: Pixabay&#13;<\/p>\n<p class=\"rubric-textblock\">Aachen. Am Samstagnachmittag (12. Juli) um 15.19 Uhr wurde die Strecke zwischen Aachen Hauptbahnhof und den Bahnh\u00f6fen Aachen-Rothe Erde sowie Aachen West gesperrt. Grund hierf\u00fcr waren unbefugte Personen, die sich auf der Strecke befanden.  <\/p>\n<p>Infolge der Sperrung kam es zu Versp\u00e4tungen und Teilausf\u00e4llen im Zugverkehr. Betroffen war auch die Regionalexpress-Linie RE 9. Die Z\u00fcge aus Richtung Siegen Hauptbahnhof endeten und starteten in Stolberg (Rheinl) Hauptbahnhof. Dadurch fielen Verbindungen zwischen Stolberg (Rheinl) Hauptbahnhof und Aachen Hauptbahnhof teilweise aus.  <\/p>\n<p>Reisende werden gebeten, ihre Reiseverbindungen kurz vor Abfahrt des Zuges zu \u00fcberpr\u00fcfen, da es kurzfristig zu \u00c4nderungen im Zuglauf kommen kann. (PM\/Red)<\/p>\n<p class=\"rubric-textblock\">&#13;<br \/>\n&#13;<br \/>\n\t\t\t\t\t\t\t\t&#13;<br \/>\n\t\t\t\t&#13;<br \/>\n&#13;<br \/>\n\t\t\t\t\t&#13;<br \/>\n\t\t\t   Feedback:\u00a0<a href=\"https:\/\/easy-feedback.de\/mitteilung\/1781508\/U2n2Hq\/?CMSID=158621\" target=\"_blank\" rel=\"noopener\">Hinweise an die Redaktion<\/a>&#13;\n\t\t\t   \t\t\t   <\/p>\n","protected":false},"excerpt":{"rendered":"Pressemitteilung vom 12.07.2025 \u00a0\u00a0\u00a0 &#13; Am Samstag (12. Juli) kam es laut einer Mitteilung des Zuginfo NRW-Teams zu&hellip;\n","protected":false},"author":2,"featured_media":262662,"comment_status":"","ping_status":"","sticky":false,"template":"","format":"standard","meta":{"footnotes":""},"categories":[1853],"tags":[1424,9193,590,3364,29,548,663,3934,30,13,9194,9192,14,15,1209,5399,12,591],"class_list":{"0":"post-262661","1":"post","2":"type-post","3":"status-publish","4":"format-standard","5":"has-post-thumbnail","7":"category-aachen","8":"tag-aachen","9":"tag-ak-kurier","10":"tag-aktuell","11":"tag-de","12":"tag-deutschland","13":"tag-eu","14":"tag-europa","15":"tag-europe","16":"tag-germany","17":"tag-headlines","18":"tag-internetzeitung","19":"tag-kreis-altenkirchen","20":"tag-nachrichten","21":"tag-news","22":"tag-nordrhein-westfalen","23":"tag-region","24":"tag-schlagzeilen","25":"tag-wissen"},"share_on_mastodon":{"url":"https:\/\/pubeurope.com\/@de\/114840667878971235","error":""},"_links":{"self":[{"href":"https:\/\/www.europesays.com\/de\/wp-json\/wp\/v2\/posts\/262661","targetHints":{"allow":["GET"]}}],"collection":[{"href":"https:\/\/www.europesays.com\/de\/wp-json\/wp\/v2\/posts"}],"about":[{"href":"https:\/\/www.europesays.com\/de\/wp-json\/wp\/v2\/types\/post"}],"author":[{"embeddable":true,"href":"https:\/\/www.europesays.com\/de\/wp-json\/wp\/v2\/users\/2"}],"replies":[{"embeddable":true,"href":"https:\/\/www.europesays.com\/de\/wp-json\/wp\/v2\/comments?post=262661"}],"version-history":[{"count":0,"href":"https:\/\/www.europesays.com\/de\/wp-json\/wp\/v2\/posts\/262661\/revisions"}],"wp:featuredmedia":[{"embeddable":true,"href":"https:\/\/www.europesays.com\/de\/wp-json\/wp\/v2\/media\/262662"}],"wp:attachment":[{"href":"https:\/\/www.europesays.com\/de\/wp-json\/wp\/v2\/media?parent=262661"}],"wp:term":[{"taxonomy":"category","embeddable":true,"href":"https:\/\/www.europesays.com\/de\/wp-json\/wp\/v2\/categories?post=262661"},{"taxonomy":"post_tag","embeddable":true,"href":"https:\/\/www.europesays.com\/de\/wp-json\/wp\/v2\/tags?post=262661"}],"curies":[{"name":"wp","href":"https:\/\/api.w.org\/{rel}","templated":true}]}}