{"id":262673,"date":"2025-07-12T14:16:14","date_gmt":"2025-07-12T14:16:14","guid":{"rendered":"https:\/\/www.europesays.com\/de\/262673\/"},"modified":"2025-07-12T14:16:14","modified_gmt":"2025-07-12T14:16:14","slug":"neue-attraktion-in-reisinger-anlage-in-wiesbaden-spatenstich-fuer-wasserspielplatz","status":"publish","type":"post","link":"https:\/\/www.europesays.com\/de\/262673\/","title":{"rendered":"Neue Attraktion in Reisinger-Anlage in Wiesbaden: Spatenstich f\u00fcr Wasserspielplatz"},"content":{"rendered":"<p>            <a href=\"https:\/\/www.rheinmainverlag.de\/wp-content\/uploads\/2025\/07\/250707-PXL_20250707_131900783.jpg\" data-caption=\"Mit einem feierlichen Spatenstich durch B\u00fcrgermeisterin und Gr\u00fcnfl\u00e4chendezernentin Christiane Hinninger hat am vergangenen Montag der Bau des Wasserspielplatzes in der Reisinger-Anlage begonnen. (Foto: Stadt Wiesbaden)\" rel=\"nofollow noopener\" target=\"_blank\"><img loading=\"lazy\" decoding=\"async\" width=\"696\" height=\"524\" class=\"entry-thumb td-modal-image\" src=\"data:image\/svg+xml,%3Csvg%20xmlns=\" http:=\"\" data-lazy- data-lazy- alt=\"\" title=\"250707-PXL_20250707_131900783\" data-lazy-src=\"https:\/\/www.europesays.com\/de\/wp-content\/uploads\/2025\/07\/250707-PXL_20250707_131900783-696x524.jpg\"\/><\/a>Mit einem feierlichen Spatenstich durch B\u00fcrgermeisterin und Gr\u00fcnfl\u00e4chendezernentin Christiane Hinninger hat am vergangenen Montag der Bau des Wasserspielplatzes in der Reisinger-Anlage begonnen. (Foto: Stadt Wiesbaden)<\/p>\n<p>Mit einem feierlichen Spatenstich durch Wiesbadens B\u00fcrgermeisterin und Gr\u00fcnfl\u00e4chendezernentin Christiane Hinninger hat am vergangenen Montag der Bau des Wasserspielplatzes in der Reisinger-Anlage begonnen.<\/p>\n<p>\u201eWir schaffen eine kindgerechte und familienfreundliche Anlage im Herzen Wiesbadens als ein neuer Ort der Begegnung, der Bewegung und der Erholung\u201c, sagte Hinninger. \u201eGleichzeitig entsteht durch die Verdunstungsk\u00fchle des Wassers an hei\u00dfen Tagen eine sp\u00fcrbare Abk\u00fchlung. Das verbessert das Mikroklima und steigert die Aufenthaltsqualit\u00e4t \u2013 gerade in Zeiten zunehmender Hitzebelastung ein bedeutender Faktor f\u00fcr die Lebensqualit\u00e4t in unserer Stadt.\u201c<\/p>\n<p>Die Gestaltung des Wasserspielplatzes orientiert sich an der Sage vom Riesen Ekko, der der Legende nach die Topografie Wiesbadens mit seinem Talkessel und den T\u00e4lern hervorgerufen hat. In Anlehnung daran entstehen f\u00fcnf Wasserrinnen mit insgesamt 35 spr\u00fchenden D\u00fcsen, deren Wasser in einem beckenf\u00f6rmigen Handabdruck gesammelt wird. Ein separater, sicher gestalteter Bereich in Form eines Fu\u00dfabdrucks bietet Kleinkindern Raum zum Spielen.<\/p>\n<p>Auch bei diesem Spielplatzprojekt hatten die B\u00fcrgerinnen und B\u00fcrger Gelegenheit, sich einzubringen, im Rahmen einer Onlinebeteiligung. Die Schwerpunkte der R\u00fcckmeldungen lagen auf den Themen Wasser, Schatten und naturnahe Gestaltung. Die R\u00fcckmeldungen haben die weitere Planung ma\u00dfgeblich beeinflusst und so f\u00fcr eine klimafreundliche Gestaltung, schattenspendende B\u00e4ume, begr\u00fcnte Fl\u00e4chen und eine k\u00fchlende Wirkung des Wassers gesorgt.<\/p>\n<p>\u201eKlimaanpassung ist ein zentrales Element unserer Stadtentwicklung, insbesondere in dicht bebauten Quartieren\u201c, betont Gabriele Wolter, Leiterin des Gr\u00fcnfl\u00e4chenamts. \u201eHier entsteht in den n\u00e4chsten Monaten ein moderner Wasserspielplatz, der den Bed\u00fcrfnissen unserer j\u00fcngsten B\u00fcrgerinnen und B\u00fcrger gerecht wird.\u201c<\/p>\n<p>Die Kosten des Wasserspielplatzes betragen etwa 1,7 Millionen Euro. Etwa die H\u00e4lfte wird durch F\u00f6rdermittel in H\u00f6he von rund 835.000 Euro aus dem St\u00e4dtebauf\u00f6rderprogramm Wachstum und nachhaltige Erneuerung getragen. Die Fertigstellung ist f\u00fcr Sommer 2026 vorgesehen.<\/p>\n<p>(Text: PM Landeshauptstadt Wiesbaden)<\/p>\n<p><a href=\"https:\/\/www.rheinmainverlag.de\/author\/ahessberger\/\" rel=\"nofollow noopener\" target=\"_blank\"><img loading=\"lazy\" decoding=\"async\" src=\"data:image\/svg+xml,%3Csvg%20xmlns=\" http:=\"\" width=\"200\" height=\"200\" alt=\"\" itemprop=\"image\" data-lazy-src=\"https:\/\/www.europesays.com\/de\/wp-content\/uploads\/2025\/04\/Katja_Hessberger.jpg\"\/><\/a><\/p>\n<p>\u2026 erschlie\u00dft sich ihre Welt, indem sie viel Zeit in der Natur verbringt. Bei langen Fahrradtouren und sch\u00f6ne Wanderungen tankt sie Kraft. Lokale Themen sind ihre Welt. Sowohl in den Printprodukten als auch online informiert sie am liebsten \u00fcber Polizeiberichte, Tiergeschichten und Umweltthemen. Absolute Lieblingsbesch\u00e4ftigung in der Adventszeit: Pl\u00e4tzchen backen.<br \/>Mag: Tiere | Backen | Lokale Geschichten<\/p>\n<p>Set your Author Custom HTML Tab Content on your <a href=\"https:\/\/www.rheinmainverlag.de\/wp-admin\/profile.php#sabox-custom-job-title\" target=\"_blank\" class=\"clickable\" rel=\"nofollow noopener\">Profile page<\/a><\/p>\n","protected":false},"excerpt":{"rendered":"Mit einem feierlichen Spatenstich durch B\u00fcrgermeisterin und Gr\u00fcnfl\u00e4chendezernentin Christiane Hinninger hat am vergangenen Montag der Bau des Wasserspielplatzes&hellip;\n","protected":false},"author":2,"featured_media":262674,"comment_status":"","ping_status":"","sticky":false,"template":"","format":"standard","meta":{"footnotes":""},"categories":[1847],"tags":[3364,29,548,663,3934,30,13,2052,14,15,12,4544],"class_list":{"0":"post-262673","1":"post","2":"type-post","3":"status-publish","4":"format-standard","5":"has-post-thumbnail","7":"category-wiesbaden","8":"tag-de","9":"tag-deutschland","10":"tag-eu","11":"tag-europa","12":"tag-europe","13":"tag-germany","14":"tag-headlines","15":"tag-hessen","16":"tag-nachrichten","17":"tag-news","18":"tag-schlagzeilen","19":"tag-wiesbaden"},"share_on_mastodon":{"url":"https:\/\/pubeurope.com\/@de\/114840691311365976","error":""},"_links":{"self":[{"href":"https:\/\/www.europesays.com\/de\/wp-json\/wp\/v2\/posts\/262673","targetHints":{"allow":["GET"]}}],"collection":[{"href":"https:\/\/www.europesays.com\/de\/wp-json\/wp\/v2\/posts"}],"about":[{"href":"https:\/\/www.europesays.com\/de\/wp-json\/wp\/v2\/types\/post"}],"author":[{"embeddable":true,"href":"https:\/\/www.europesays.com\/de\/wp-json\/wp\/v2\/users\/2"}],"replies":[{"embeddable":true,"href":"https:\/\/www.europesays.com\/de\/wp-json\/wp\/v2\/comments?post=262673"}],"version-history":[{"count":0,"href":"https:\/\/www.europesays.com\/de\/wp-json\/wp\/v2\/posts\/262673\/revisions"}],"wp:featuredmedia":[{"embeddable":true,"href":"https:\/\/www.europesays.com\/de\/wp-json\/wp\/v2\/media\/262674"}],"wp:attachment":[{"href":"https:\/\/www.europesays.com\/de\/wp-json\/wp\/v2\/media?parent=262673"}],"wp:term":[{"taxonomy":"category","embeddable":true,"href":"https:\/\/www.europesays.com\/de\/wp-json\/wp\/v2\/categories?post=262673"},{"taxonomy":"post_tag","embeddable":true,"href":"https:\/\/www.europesays.com\/de\/wp-json\/wp\/v2\/tags?post=262673"}],"curies":[{"name":"wp","href":"https:\/\/api.w.org\/{rel}","templated":true}]}}