{"id":262688,"date":"2025-07-12T14:24:15","date_gmt":"2025-07-12T14:24:15","guid":{"rendered":"https:\/\/www.europesays.com\/de\/262688\/"},"modified":"2025-07-12T14:24:15","modified_gmt":"2025-07-12T14:24:15","slug":"transferticker-arminia-bielefeld-eigengewaechs-daniel-richter-verlaengert-langfristig","status":"publish","type":"post","link":"https:\/\/www.europesays.com\/de\/262688\/","title":{"rendered":"Transferticker Arminia Bielefeld: Eigengew\u00e4chs Daniel Richter verl\u00e4ngert langfristig"},"content":{"rendered":"<p id=\"absatz1\" class=\"em_text\">Bielefeld. Arminia Bielefelds Aufstiegs- und Pokalhelden sind nach einer kurzen Sommerpause auf den Trainingsplatz zur\u00fcckgekehrt. Im Hintergrund gehen derweil die Planungen f\u00fcr die kommende Zweitligasaison weiter.<\/p>\n<p id=\"absatz2\" class=\"em_text\">Die ersten Transfers sind unter Dach und Fach, der DSC wird zudem mit weiteren Namen in Verbindung gebracht. Dar\u00fcber hinaus hat der Klub einige auslaufende Vertr\u00e4ge nicht verl\u00e4ngert und auch die ersten Abg\u00e4nge vermeldet.<\/p>\n<p id=\"absatz4\" class=\"em_text\">Zur Transferpolitik gibt es vom Klub verschiedene Aussagen: Man wolle sich in der Spitze verst\u00e4rken und man setze weiter darauf, entwicklungsf\u00e4hige Spieler zu holen.<\/p>\n<p>\n        \u00d7\n    <\/p>\n<p>\n            Sie erhalten in wenigen Minuten eine E-Mail zur Best\u00e4tigung Ihrer Anmeldung.\n        <\/p>\n<p>Erst danach ist diese abgeschlossen.<\/p>\n<p>Bitte pr\u00fcfen Sie auch den Spam-Ordner.<\/p>\n<p>\n        \u00d7\n    <\/p>\n<p>\n            Sie haben bisher Ihre E-Mail-Adresse noch nicht best\u00e4tigt.\n        <\/p>\n<p>Erst danach ist diese abgeschlossen.<\/p>\n<p>Bitte pr\u00fcfen Sie auch den Spam-Ordner.<\/p>\n<p>\n        \u00d7\n    <\/p>\n<p>\n            Es ist einen Fehler aufgetreten\n        <\/p>\n<p>Bei Fragen hilft unser Newsletter-Support<\/p>\n<p> Newsletter<\/p>\n<p> DSC Arminia Bielefeld<\/p>\n<p>W\u00f6chentlich alle News rund um Arminia Bielefeld.<\/p>\n<p>                Jetzt anmelden<\/p>\n<p>Hier gibt\u2019s alle Transfers und Ger\u00fcchte rund um Arminia Bielefeld:<\/p>\n","protected":false},"excerpt":{"rendered":"Bielefeld. Arminia Bielefelds Aufstiegs- und Pokalhelden sind nach einer kurzen Sommerpause auf den Trainingsplatz zur\u00fcckgekehrt. Im Hintergrund gehen&hellip;\n","protected":false},"author":2,"featured_media":262689,"comment_status":"","ping_status":"","sticky":false,"template":"","format":"standard","meta":{"footnotes":""},"categories":[1841],"tags":[2368,1605,79564,3364,29,26680,30,4281,1611,9308,12434,16344,1608,16346,2381,2380,1613,1209,4279],"class_list":{"0":"post-262688","1":"post","2":"type-post","3":"status-publish","4":"format-standard","5":"has-post-thumbnail","7":"category-bielefeld","8":"tag-arminia-bielefeld","9":"tag-bielefeld","10":"tag-daniel-richter","11":"tag-de","12":"tag-deutschland","13":"tag-gercht","14":"tag-germany","15":"tag-label_arminia","16":"tag-label_informiere-mich","17":"tag-label_republish","18":"tag-label_seo-ok","19":"tag-label_ticker","20":"tag-label_top-news","21":"tag-meta_artikelklasse_sonstiges","22":"tag-meta_copyrights_rgowl_freier_mitarbeiter","23":"tag-meta_themen_arminia_bielefeld","24":"tag-meta_userneeds_informieremich","25":"tag-nordrhein-westfalen","26":"tag-serie_nlarminia"},"share_on_mastodon":{"url":"https:\/\/pubeurope.com\/@de\/114840722663959585","error":""},"_links":{"self":[{"href":"https:\/\/www.europesays.com\/de\/wp-json\/wp\/v2\/posts\/262688","targetHints":{"allow":["GET"]}}],"collection":[{"href":"https:\/\/www.europesays.com\/de\/wp-json\/wp\/v2\/posts"}],"about":[{"href":"https:\/\/www.europesays.com\/de\/wp-json\/wp\/v2\/types\/post"}],"author":[{"embeddable":true,"href":"https:\/\/www.europesays.com\/de\/wp-json\/wp\/v2\/users\/2"}],"replies":[{"embeddable":true,"href":"https:\/\/www.europesays.com\/de\/wp-json\/wp\/v2\/comments?post=262688"}],"version-history":[{"count":0,"href":"https:\/\/www.europesays.com\/de\/wp-json\/wp\/v2\/posts\/262688\/revisions"}],"wp:featuredmedia":[{"embeddable":true,"href":"https:\/\/www.europesays.com\/de\/wp-json\/wp\/v2\/media\/262689"}],"wp:attachment":[{"href":"https:\/\/www.europesays.com\/de\/wp-json\/wp\/v2\/media?parent=262688"}],"wp:term":[{"taxonomy":"category","embeddable":true,"href":"https:\/\/www.europesays.com\/de\/wp-json\/wp\/v2\/categories?post=262688"},{"taxonomy":"post_tag","embeddable":true,"href":"https:\/\/www.europesays.com\/de\/wp-json\/wp\/v2\/tags?post=262688"}],"curies":[{"name":"wp","href":"https:\/\/api.w.org\/{rel}","templated":true}]}}