{"id":262703,"date":"2025-07-12T14:33:12","date_gmt":"2025-07-12T14:33:12","guid":{"rendered":"https:\/\/www.europesays.com\/de\/262703\/"},"modified":"2025-07-12T14:33:12","modified_gmt":"2025-07-12T14:33:12","slug":"offenbar-abkommen-ueber-zukunft-des-franzoesischen-ueberseegebiets-erzielt","status":"publish","type":"post","link":"https:\/\/www.europesays.com\/de\/262703\/","title":{"rendered":"Offenbar Abkommen \u00fcber Zukunft des franz\u00f6sischen \u00dcberseegebiets erzielt"},"content":{"rendered":"<p>                    <img decoding=\"async\" loading=\"lazy\" class=\"internal-image\" title=\"Karte der Pazifik-Region um Neukaledonien\" alt=\"Karte der Pazifik-Region um Neukaledonien\" src=\"https:\/\/www.europesays.com\/de\/wp-content\/uploads\/2025\/07\/neukaledonien-106-768x432.jpg\" \/><\/p>\n<p>                  Die Pazifik-Region um Neukaledonien (picture alliance \/ dpa-infografik | dpa-infografik)<\/p>\n<p>Vertreter des franz\u00f6sischen Staates und Neukaledoniens h\u00e4tten bei ihrem Treffen in Bougival in der N\u00e4he von Paris ein Abkommen unterzeichnet, wie mehrere Teilnehmer bekanntgaben. Einzelheiten wurden nicht mitgeteilt. Nach Informationen der Nachrichtenagentur AFP wird mit dem Abkommen ein &#8222;Staat Neukaledonien&#8220; in die franz\u00f6sische Verfassung aufgenommen. Es soll demnach eine neukaledonische Staatsangeh\u00f6rigkeit geben.<\/p>\n<p>Im vergangenen Jahr hatte es in dem franz\u00f6sischen \u00dcberseegebiet massive Unruhen gegeben. Ausl\u00f6ser war eine von Paris geplante Verfassungsreform. Diese sollte tausenden franz\u00f6sischst\u00e4mmigen B\u00fcrgern das Wahlrecht und somit mehr politischen Einfluss einr\u00e4umen. Dagegen wehren sich Bef\u00fcrworter einer Unabh\u00e4ngigkeit der Inselgruppe.<\/p>\n<p>Diese Nachricht wurde am 12.07.2025 im Programm Deutschlandfunk gesendet.<\/p>\n","protected":false},"excerpt":{"rendered":"Die Pazifik-Region um Neukaledonien (picture alliance \/ dpa-infografik | dpa-infografik) Vertreter des franz\u00f6sischen Staates und Neukaledoniens h\u00e4tten bei&hellip;\n","protected":false},"author":2,"featured_media":262704,"comment_status":"","ping_status":"","sticky":false,"template":"","format":"standard","meta":{"footnotes":""},"categories":[3974],"tags":[331,332,548,663,3934,3980,156,13,14,15,12],"class_list":{"0":"post-262703","1":"post","2":"type-post","3":"status-publish","4":"format-standard","5":"has-post-thumbnail","7":"category-frankreich","8":"tag-aktuelle-nachrichten","9":"tag-aktuelle-news","10":"tag-eu","11":"tag-europa","12":"tag-europe","13":"tag-france","14":"tag-frankreich","15":"tag-headlines","16":"tag-nachrichten","17":"tag-news","18":"tag-schlagzeilen"},"share_on_mastodon":{"url":"https:\/\/pubeurope.com\/@de\/114840758704128893","error":""},"_links":{"self":[{"href":"https:\/\/www.europesays.com\/de\/wp-json\/wp\/v2\/posts\/262703","targetHints":{"allow":["GET"]}}],"collection":[{"href":"https:\/\/www.europesays.com\/de\/wp-json\/wp\/v2\/posts"}],"about":[{"href":"https:\/\/www.europesays.com\/de\/wp-json\/wp\/v2\/types\/post"}],"author":[{"embeddable":true,"href":"https:\/\/www.europesays.com\/de\/wp-json\/wp\/v2\/users\/2"}],"replies":[{"embeddable":true,"href":"https:\/\/www.europesays.com\/de\/wp-json\/wp\/v2\/comments?post=262703"}],"version-history":[{"count":0,"href":"https:\/\/www.europesays.com\/de\/wp-json\/wp\/v2\/posts\/262703\/revisions"}],"wp:featuredmedia":[{"embeddable":true,"href":"https:\/\/www.europesays.com\/de\/wp-json\/wp\/v2\/media\/262704"}],"wp:attachment":[{"href":"https:\/\/www.europesays.com\/de\/wp-json\/wp\/v2\/media?parent=262703"}],"wp:term":[{"taxonomy":"category","embeddable":true,"href":"https:\/\/www.europesays.com\/de\/wp-json\/wp\/v2\/categories?post=262703"},{"taxonomy":"post_tag","embeddable":true,"href":"https:\/\/www.europesays.com\/de\/wp-json\/wp\/v2\/tags?post=262703"}],"curies":[{"name":"wp","href":"https:\/\/api.w.org\/{rel}","templated":true}]}}