{"id":262705,"date":"2025-07-12T14:34:13","date_gmt":"2025-07-12T14:34:13","guid":{"rendered":"https:\/\/www.europesays.com\/de\/262705\/"},"modified":"2025-07-12T14:34:13","modified_gmt":"2025-07-12T14:34:13","slug":"basketball-mhp-riesen-ludwigsburg-verzichten-auf-teilnahme-am-europe-cup","status":"publish","type":"post","link":"https:\/\/www.europesays.com\/de\/262705\/","title":{"rendered":"Basketball: MHP Riesen Ludwigsburg verzichten auf Teilnahme am Europe Cup"},"content":{"rendered":"<p>\t\t\t\t\t\t\t\t\t\t\t\t\t\t\t\t\t\t\t\t\t\t\t\t\t\t\t\t      \t\t            \t\t             \t\t\t\t   \t\t\t\t\t   <img decoding=\"async\" id=\"article-image\" fetchpriority=\"high\" alt=\"Basketball: MHP Riesen Ludwigsburg verzichten auf Teilnahme am Europe Cup\" title=\"Basketball: MHP Riesen Ludwigsburg verzichten auf Teilnahme am Europe Cup\" src=\"https:\/\/www.europesays.com\/de\/wp-content\/uploads\/2025\/07\/media.media.13bf89ed-4720-4a33-bda1-c181c26a8b55.16x9_700.jpg\" data-linkto=\"https:\/\/www.stuttgarter-nachrichten.de\/javascript:void(0);\"\/>\t\t\t\t\t\t\t\t\t\t\t\t\t\t\t\t\t\t\t\t\t\t\t\tJDA Dijon (li.) war f\u00fcr die MHP Riesen im Vorjahr Endstation.\u00a0Foto: Pressefoto Baumann\t\t\t<\/p>\n<p>Ludwigsburgs Basketballer starten die n\u00e4chste Saison nicht international \u2013 jetzt wartet der Club auf die Pokal-Auslosung am Dienstag.<\/p>\n<p>In der vergangene Saison hat es Basketball-Bundesligist <a href=\"https:\/\/www.stuttgarter-nachrichten.de\/thema\/MHP_Riesen_Ludwigsburg\" title=\"MHP Riesen Ludwigsburg\" class=\"art_thema\" target=\"_blank\" rel=\"noopener\">MHP Riesen Ludwigsburg<\/a> als einziger deutscher Verein bis ins Viertelfinale eines offiziellen europ\u00e4ischen Wettbewerbs geschafft, ehe man dort gegen JDA Dijon im Fiba Europe Cup scheiterte. Dennoch verzichtete der Club dieses Mal auf eine Teilnahme, was der <a href=\"https:\/\/www.stuttgarter-zeitung.de\/inhalt.basketball-mhp-riesen-ludwigsburg-vfb-stuttgart-und-bayern-muenchen-gratulieren-alexander-reil-zu-25-jahren-im-amt.8052979a-5dbe-489f-9965-f6250814c889.html\" target=\"_blank\" rel=\"noopener\">Vorsitzende Alexander Reil <\/a>mit sportlichen Argumenten begr\u00fcndete: \u201eIch w\u00fcrde immer gerne international spielen, wenn wir eine Saison absolviert haben, die dazu berechtigt\u201c, sagte er auf der Pallform X. Als Elfter haben wir aber nicht die Leistung erbracht, international zu spielen.\u201c<\/p>\n<p>Zumindest nicht direkt. Doch der in der Abschlusstabelle vor den Riesen platzierte Mitteldeutsche BC spielt in der unterklassigen European North Basketball League, Oldenburg (als Neunter) verzichtet ganz auf eine internationale Teilnahme, sodass die Rostock Seawolves (Zehnter) zun\u00e4chst einziger BBL-Club waren. Deshalb gab es von der Fiba die Anfrage zur Teilnahme, die die Riesen abgelehnt haben. <\/p>\n<p>Das einen Platz dahinter liegende <a href=\"https:\/\/www.stuttgarter-zeitung.de\/gallery.rasta-vechta-rockt-die-bundesliga-ein-hauch-jamaika-im-basketball.52667ac6-e312-415a-8232-10a1f772da23.html\" target=\"_blank\" rel=\"noopener\">Rasta Vechta <\/a>sah die Dinge offensichtlich anders \u2013 und wird nun als zweiter Bundesligist in dem Wettbewerb starten, muss allerdings in die Qualifikation. \u201eEs ist toll, dass wir die M\u00f6glichkeit bekommen, es zu versuchen, international zu spielen. Nach Platz zw\u00f6lf in der letzen Saison hatte man davon ja nicht unbedingt ausgehen k\u00f6nnen. Aber nun ist die Chance da. Internationale Partien im Rasta Dome sind f\u00fcr uns und ganz sicher auch f\u00fcr die Stadt Vechta einfach immer etwas Besonderes\u201c, sagt Clubchef Stefan Niemeyer.<\/p>\n<p>F\u00fcr die Riesen bleibt neben der Liga also noch der nationales Pokalwettbewerb, dessen erste Runde (23.\/24. September) an diesem Dienstag ausgelost wird.<\/p>\n","protected":false},"excerpt":{"rendered":"JDA Dijon (li.) war f\u00fcr die MHP Riesen im Vorjahr Endstation.\u00a0Foto: Pressefoto Baumann Ludwigsburgs Basketballer starten die n\u00e4chste&hellip;\n","protected":false},"author":2,"featured_media":262706,"comment_status":"","ping_status":"","sticky":false,"template":"","format":"standard","meta":{"footnotes":""},"categories":[3933],"tags":[331,332,79568,2493,548,663,158,3934,3935,79567,13,9953,14,15,12,7400],"class_list":{"0":"post-262705","1":"post","2":"type-post","3":"status-publish","4":"format-standard","5":"has-post-thumbnail","7":"category-eu","8":"tag-aktuelle-nachrichten","9":"tag-aktuelle-news","10":"tag-alexander-reil","11":"tag-basketball","12":"tag-eu","13":"tag-europa","14":"tag-europaeische-union","15":"tag-europe","16":"tag-european-union","17":"tag-fiba-europe-cup","18":"tag-headlines","19":"tag-mhp-riesen-ludwigsburg","20":"tag-nachrichten","21":"tag-news","22":"tag-schlagzeilen","23":"tag-sportmeldungen"},"share_on_mastodon":{"url":"https:\/\/pubeurope.com\/@de\/114840762876409977","error":""},"_links":{"self":[{"href":"https:\/\/www.europesays.com\/de\/wp-json\/wp\/v2\/posts\/262705","targetHints":{"allow":["GET"]}}],"collection":[{"href":"https:\/\/www.europesays.com\/de\/wp-json\/wp\/v2\/posts"}],"about":[{"href":"https:\/\/www.europesays.com\/de\/wp-json\/wp\/v2\/types\/post"}],"author":[{"embeddable":true,"href":"https:\/\/www.europesays.com\/de\/wp-json\/wp\/v2\/users\/2"}],"replies":[{"embeddable":true,"href":"https:\/\/www.europesays.com\/de\/wp-json\/wp\/v2\/comments?post=262705"}],"version-history":[{"count":0,"href":"https:\/\/www.europesays.com\/de\/wp-json\/wp\/v2\/posts\/262705\/revisions"}],"wp:featuredmedia":[{"embeddable":true,"href":"https:\/\/www.europesays.com\/de\/wp-json\/wp\/v2\/media\/262706"}],"wp:attachment":[{"href":"https:\/\/www.europesays.com\/de\/wp-json\/wp\/v2\/media?parent=262705"}],"wp:term":[{"taxonomy":"category","embeddable":true,"href":"https:\/\/www.europesays.com\/de\/wp-json\/wp\/v2\/categories?post=262705"},{"taxonomy":"post_tag","embeddable":true,"href":"https:\/\/www.europesays.com\/de\/wp-json\/wp\/v2\/tags?post=262705"}],"curies":[{"name":"wp","href":"https:\/\/api.w.org\/{rel}","templated":true}]}}