{"id":262711,"date":"2025-07-12T14:37:11","date_gmt":"2025-07-12T14:37:11","guid":{"rendered":"https:\/\/www.europesays.com\/de\/262711\/"},"modified":"2025-07-12T14:37:11","modified_gmt":"2025-07-12T14:37:11","slug":"blog-zum-motogp-am-sachsenring-so-schuetzen-sich-die-piloten-vor-stuerzen","status":"publish","type":"post","link":"https:\/\/www.europesays.com\/de\/262711\/","title":{"rendered":"Blog zum MotoGP am Sachsenring: So sch\u00fctzen sich die Piloten vor St\u00fcrzen"},"content":{"rendered":"<p>9:40 Uhr | Blinddarmentz\u00fcndung: Bastianini nicht am Sachsenring<\/p>\n<p class=\"text\">\nWegen einer Blinddarmentz\u00fcndung ist MotoGP-Pilot Enea Bastianini nicht zum Sachsenring gekommen. Der Italiener hatte sich die ganze Woche \u00fcber schlecht gef\u00fchlt, Fieber gehabt und \u00fcber Schmerzen geklagt, am Donnerstag wurde schlie\u00dflich die Diagnose gestellt. Bastianini sollte die Nacht zu Freitag im Krankenhaus verbringen.<\/p>\n<p>Es gehe nun darum, &#8222;eine Operation zu vermeiden&#8220;, teilte das Red Bull KTM Tech3 Team mit. Am Freitag soll es am Rande des Gro\u00dfen Motorrad-Preises von Deutschland Updates zum Gesundheitszustand des Moto2-Champions von 2020 geben. Der Rennstall tritt nach derzeitigem Stand im Sprint am Samstag und im Hauptrennen am Sonntag nur mit dem Spanier Maverick Vinales an.\n<\/p>\n<p>9:00 Uhr | Erste Trainings starten<\/p>\n<p class=\"text\">\nPunkt 9 Uhr beginnt heute das Rennwochenende auf dem Sachsenring mit dem ersten freien Training. Auch in diesem Jahr werden wieder mehr als 250.000 Zuschauer an der Strecke erwartet. Laut B\u00fcrgermeister Lars Kluge ist die Stadt auf den Besucheransturm vorbereitet. <\/p>\n<p>Der Weg zum Sachsenring ist weitr\u00e4umig ausgeschildert. Die Polizei r\u00e4t, die Park&amp;Ride-Parkpl\u00e4tze und den kostenlosen Shuttle zur Rennstrecke zu nutzen.\n<\/p>\n<p>Freitag, 8:30 Uhr | Hello again<\/p>\n<p class=\"text\">\nHallo, wir sind\u2018s wieder. Auch in diesem Jahr berichten wir &#8211; Philipp und Benni &#8211; wieder vom MotoGP-Wochenende am Sachsenring. Heute startet der Rennzirkus mit den ersten freien Trainings, morgen wird es dann mit Qualifying und Sprint richtig ernst. <\/p>\n<p>Rund um die Strecke sind die Trib\u00fcnen bereits gut gef\u00fcllt, die Fans freuen sich auf eine richtige Motorsportparty. Noch spielt auch das Wetter mit, die Jacken liegen trotzdem griffbereit. F\u00fcr den Mittag ist Regen angek\u00fcndigt. Wir hoffen auf das Beste und sind f\u00fcr euch das ganze Wochenende am Start!\n<\/p>\n<p>17:30 Uhr | Selfis und Autogramme<\/p>\n<p class=\"text\">\nManche Fans m\u00fcssen lange warten, bis sie einen ihrer Motorrad-G\u00f6tter zu Gesicht bekommen. Einige haben Gl\u00fcck und k\u00f6nnen einen schnellen Schnappschuss mit dem belgischen Motorradrennfahrer Barry Baltus bekommen. Der erst 21-J\u00e4hrige hat sich in der Moto2-Weltmeisterschaft bereits als einer der aktuell erfolgreichsten Fahrer seines Landes behauptet.\n<\/p>\n<p>16:30 Uhr | Vorab einen Blick in die Boxengassen werfen<\/p>\n<p class=\"text\">\nBeim Pitlane Walk lohnt es sich schnell sein, denn hier haben heute die Boxengassen f\u00fcr Fans ge\u00f6ffnet. Eingefleischte MotoGP-Fans k\u00f6nnen hier ihren Motorsporthelden und deren Teams dabei zuschauen, wie sie die Motorr\u00e4der \u00f6len, Ersatzteile austauschen und die letzten Checks vor den Rennen am langen MotoGP-Wochenende vorbereiten. Zu manchen Werkstattboxen, wie von Alex Marquez, sind besonders viele Motorradbegeisterte geeilt. Vielleicht l\u00e4sst sich ein Blick auf den Spitzensportler werfen und ein Autogramm abstauben?\n<\/p>\n<p>15:00 Uhr | Hinweise f\u00fcr die Anreise zum Sachsenring<\/p>\n<p class=\"text\">\nF\u00fcr das Rennwochenende am Sachsenring rechnet die Polizei bereits ab heute mit erh\u00f6htem Verkehrsaufkommen um Hohenstein-Ernstthal. Viele Fans reisen bereits jetzt an. Enrico Liebold, Sprecher der Polizeidirektion Zwickau, empfiehlt den Zuschauern, die aus S\u00fcden, Osten oder Norden anreisen, dass sie die A72-Anschlussstelle Stollberg Nord daf\u00fcr nutzen. <\/p>\n<p>Zuschauer, die aus westlicher Richtung kommen, nutzen bestenfalls die A4-Anschlussstellen W\u00fcstenbrand und Hohenstein-Ernstthal. Ab den jeweiligen Abfahrten sind Parkpl\u00e4tze ausgeschildert. Die Polizei ist rund um den Zeltplatz am Ankerberg in den folgenden Tagen immer mit vielen Kollegen im Einsatz. <\/p>\n<p>Weitere Informationen zu den Anreisewegen und Stra\u00dfensperrungen finden Sie auf den Internetseiten der Polizei Sachsen, des ADAC und des Landkreises Zwickau.\n<\/p>\n<p>14:30 Uhr | Wer ist der MotoGP-Favorit?<\/p>\n<p class=\"text\">\nMarc M\u00e1rquez. Der &#8222;King of Sachsenring&#8220;, im Vorjahr ausnahmsweise von Francesco Bagnaia geschlagen und erstmals nicht der Sieger bei einem Start in Deutschland, dominiert nicht nur auf der Strecke mit den vielen Linkskurven. Der Spanier hat in diesem Jahr sechs der bisherigen zehn Hauptrennen gewonnen, dazu neun von zehn Sprints. <\/p>\n<p>Gr\u00f6\u00dfter Konkurrent ist sein j\u00fcngerer Bruder \u00c1lex (beide Ducati), der trotz einer Handfraktur nach einer OP starten will.\u00a0F\u00fcr Weltmeister Jorge Mart\u00edn (Spanien\/Aprilia) kommt das Rennwochenende nach einer Serie von St\u00fcrzen mit schwerwiegenden Verletzungen zu fr\u00fch.<\/p>\n","protected":false},"excerpt":{"rendered":"9:40 Uhr | Blinddarmentz\u00fcndung: Bastianini nicht am Sachsenring Wegen einer Blinddarmentz\u00fcndung ist MotoGP-Pilot Enea Bastianini nicht zum Sachsenring&hellip;\n","protected":false},"author":2,"featured_media":262712,"comment_status":"","ping_status":"","sticky":false,"template":"","format":"standard","meta":{"footnotes":""},"categories":[5],"tags":[331,332,79571,73,3364,29,79570,1002,30,13,57941,81,14,15,859,53267,12],"class_list":{"0":"post-262711","1":"post","2":"type-post","3":"status-publish","4":"format-standard","5":"has-post-thumbnail","7":"category-nachrichten","8":"tag-aktuelle-nachrichten","9":"tag-aktuelle-news","10":"tag-ankerberg","11":"tag-bilder","12":"tag-de","13":"tag-deutschland","14":"tag-ernstthal","15":"tag-fans","16":"tag-germany","17":"tag-headlines","18":"tag-hohenstein","19":"tag-mdr","20":"tag-nachrichten","21":"tag-news","22":"tag-sachsen","23":"tag-sachsenring","24":"tag-schlagzeilen"},"share_on_mastodon":{"url":"https:\/\/pubeurope.com\/@de\/114840773777977083","error":""},"_links":{"self":[{"href":"https:\/\/www.europesays.com\/de\/wp-json\/wp\/v2\/posts\/262711","targetHints":{"allow":["GET"]}}],"collection":[{"href":"https:\/\/www.europesays.com\/de\/wp-json\/wp\/v2\/posts"}],"about":[{"href":"https:\/\/www.europesays.com\/de\/wp-json\/wp\/v2\/types\/post"}],"author":[{"embeddable":true,"href":"https:\/\/www.europesays.com\/de\/wp-json\/wp\/v2\/users\/2"}],"replies":[{"embeddable":true,"href":"https:\/\/www.europesays.com\/de\/wp-json\/wp\/v2\/comments?post=262711"}],"version-history":[{"count":0,"href":"https:\/\/www.europesays.com\/de\/wp-json\/wp\/v2\/posts\/262711\/revisions"}],"wp:featuredmedia":[{"embeddable":true,"href":"https:\/\/www.europesays.com\/de\/wp-json\/wp\/v2\/media\/262712"}],"wp:attachment":[{"href":"https:\/\/www.europesays.com\/de\/wp-json\/wp\/v2\/media?parent=262711"}],"wp:term":[{"taxonomy":"category","embeddable":true,"href":"https:\/\/www.europesays.com\/de\/wp-json\/wp\/v2\/categories?post=262711"},{"taxonomy":"post_tag","embeddable":true,"href":"https:\/\/www.europesays.com\/de\/wp-json\/wp\/v2\/tags?post=262711"}],"curies":[{"name":"wp","href":"https:\/\/api.w.org\/{rel}","templated":true}]}}