{"id":262723,"date":"2025-07-12T14:43:11","date_gmt":"2025-07-12T14:43:11","guid":{"rendered":"https:\/\/www.europesays.com\/de\/262723\/"},"modified":"2025-07-12T14:43:11","modified_gmt":"2025-07-12T14:43:11","slug":"18-juli-muettergenesungswerk-feiert-75-jaehriges-bestehen","status":"publish","type":"post","link":"https:\/\/www.europesays.com\/de\/262723\/","title":{"rendered":"18. Juli |\u00a0M\u00fcttergenesungswerk feiert 75-j\u00e4hriges Bestehen"},"content":{"rendered":"<p>Das M\u00fcttergenesungswerk in Stein feiert am Freitag (18. Juli) sein 75-j\u00e4hriges Bestehen. Zu der Veranstaltung werde die Schirmherrin des M\u00fcttergenesungswerks Bayern, Karin Baum\u00fcller-S\u00f6der, kommen, teilte das Frauenwerk Stein mit. Die Frau des Ministerpr\u00e4sidenten werde die erste Stele eines historischen Pfads enth\u00fcllen. Dieser Pfad soll an die Geschichte der M\u00fcttergenesung in Deutschland und an das Engagement seiner Gr\u00fcnderinnen erinnern, hie\u00df es. Deutschland sei bis heute das einzige Land weltweit, in dem M\u00fcttergenesung ein gesetzlich verankertes Recht ist.<\/p>\n<p>Antonie Nopitsch (1901 bis 1975) und Elly Heuss-Knapp (1881 bis 1952), die Frau des damaligen Bundespr\u00e4sidenten Theodor Heuss, setzten nach einer eher zuf\u00e4lligen Begegnung 1949 ein Jahr sp\u00e4ter die Idee des Deutschen M\u00fctter-Genesungswerks um. Bis heute sind immer die Frauen der amtierenden Bundespr\u00e4sidenten Schirmherrinnen des M\u00fcttergenesungswerks.<\/p>\n<p>Bereits 1933 begr\u00fcndete Nopitsch, eine promovierte Sozialwissenschaftlerin, den Bayerischen M\u00fctterdienst, um seelisch und k\u00f6rperlich ersch\u00f6pften M\u00fcttern zu helfen. Heute geh\u00f6ren 70 Kliniken zum Verbund des M\u00fcttergenesungwerks, die station\u00e4re medizinische Kuren zur Vorsorge und Rehabilitation anbieten, teilt die Gesch\u00e4ftsf\u00fchrerin der Einrichtungen der M\u00fcttergenesung in Bayern, Sylvia Bogenreuther, mit. Unter dem Dach des M\u00fcttergenesungswerks arbeiten f\u00fcnf gemeinn\u00fctzige Organisationen zusammen: Arbeiterwohlfahrt (AWO), Rotes Kreuz, Caritas, Parit\u00e4tischer Wohlfahrtsverband und Evangelische Kirche. Bundesweit arbeiten \u00fcber 1.000 Beratungsstellen als Anlaufpunkte f\u00fcr M\u00fctter, V\u00e4ter und pflegende Angeh\u00f6rige und unterst\u00fctzen bei allen Fragen rund um die Kur.<\/p>\n","protected":false},"excerpt":{"rendered":"Das M\u00fcttergenesungswerk in Stein feiert am Freitag (18. Juli) sein 75-j\u00e4hriges Bestehen. Zu der Veranstaltung werde die Schirmherrin&hellip;\n","protected":false},"author":2,"featured_media":262724,"comment_status":"","ping_status":"","sticky":false,"template":"","format":"standard","meta":{"footnotes":""},"categories":[1837],"tags":[3274,772,3364,29,9485,30,5508,14,15,3783,575,9486],"class_list":{"0":"post-262723","1":"post","2":"type-post","3":"status-publish","4":"format-standard","5":"has-post-thumbnail","7":"category-nuernberg","8":"tag-kirche","9":"tag-bayern","10":"tag-de","11":"tag-deutschland","12":"tag-evangelisch","13":"tag-germany","14":"tag-journalismus","15":"tag-nachrichten","16":"tag-news","17":"tag-nuernberg","18":"tag-religion","19":"tag-sonntagsblatt"},"share_on_mastodon":{"url":"https:\/\/pubeurope.com\/@de\/114840797478535786","error":""},"_links":{"self":[{"href":"https:\/\/www.europesays.com\/de\/wp-json\/wp\/v2\/posts\/262723","targetHints":{"allow":["GET"]}}],"collection":[{"href":"https:\/\/www.europesays.com\/de\/wp-json\/wp\/v2\/posts"}],"about":[{"href":"https:\/\/www.europesays.com\/de\/wp-json\/wp\/v2\/types\/post"}],"author":[{"embeddable":true,"href":"https:\/\/www.europesays.com\/de\/wp-json\/wp\/v2\/users\/2"}],"replies":[{"embeddable":true,"href":"https:\/\/www.europesays.com\/de\/wp-json\/wp\/v2\/comments?post=262723"}],"version-history":[{"count":0,"href":"https:\/\/www.europesays.com\/de\/wp-json\/wp\/v2\/posts\/262723\/revisions"}],"wp:featuredmedia":[{"embeddable":true,"href":"https:\/\/www.europesays.com\/de\/wp-json\/wp\/v2\/media\/262724"}],"wp:attachment":[{"href":"https:\/\/www.europesays.com\/de\/wp-json\/wp\/v2\/media?parent=262723"}],"wp:term":[{"taxonomy":"category","embeddable":true,"href":"https:\/\/www.europesays.com\/de\/wp-json\/wp\/v2\/categories?post=262723"},{"taxonomy":"post_tag","embeddable":true,"href":"https:\/\/www.europesays.com\/de\/wp-json\/wp\/v2\/tags?post=262723"}],"curies":[{"name":"wp","href":"https:\/\/api.w.org\/{rel}","templated":true}]}}