{"id":262735,"date":"2025-07-12T14:49:09","date_gmt":"2025-07-12T14:49:09","guid":{"rendered":"https:\/\/www.europesays.com\/de\/262735\/"},"modified":"2025-07-12T14:49:09","modified_gmt":"2025-07-12T14:49:09","slug":"bremen-zivilpolizei-fasst-kettendiebe-im-steintor-regional","status":"publish","type":"post","link":"https:\/\/www.europesays.com\/de\/262735\/","title":{"rendered":"Bremen: Zivilpolizei fasst Kettendiebe im Steintor | Regional"},"content":{"rendered":"<p>Bremen \u2013 <b>Zwei junge M\u00e4nner sind in der Nacht von Freitag auf Samstag im Bremer Viertel wegen eines Raub\u00fcberfalls festgenommen worden.<\/b><\/p>\n<p>Der 21-j\u00e4hrige T\u00e4ter riss einem Mann die Goldkette vom Hals, w\u00e4hrend ein 22-j\u00e4hriger Komplize die Tat absicherte. Die Zivilpolizisten, die im Rahmen der Breminale im Steintor unterwegs waren, beobachteten den Vorfall und nahmen sofort die Verfolgung auf. Sie stellten die beiden Verd\u00e4chtigen in der N\u00e4he und nahmen sie fest. Bei der Durchsuchung fanden die Beamten die gestohlene Kette sowie drei weitere Ketten im Schuh des 21-J\u00e4hrigen, die m\u00f6glicherweise aus anderen Diebst\u00e4hlen stammen.<\/p>\n<p>Der 22-J\u00e4hrige hatte ein Pfefferspray bei sich. Beide M\u00e4nner, die aus Tunesien und Libyen stammen, sollen noch am selben Tag einem Haftrichter vorgef\u00fchrt werden. Die Ermittlungen dauern an.<\/p>\n<p>Dieser Text basiert auf einer offiziellen Beh\u00f6rden-Information und wurde mit Hilfe von KI erstellt.<\/p>\n","protected":false},"excerpt":{"rendered":"Bremen \u2013 Zwei junge M\u00e4nner sind in der Nacht von Freitag auf Samstag im Bremer Viertel wegen eines&hellip;\n","protected":false},"author":2,"featured_media":247087,"comment_status":"","ping_status":"","sticky":false,"template":"","format":"standard","meta":{"footnotes":""},"categories":[1824],"tags":[2420,3364,29,1686,30,1000,2509,121,45,1995],"class_list":{"0":"post-262735","1":"post","2":"type-post","3":"status-publish","4":"format-standard","5":"has-post-thumbnail","7":"category-bremen","8":"tag-bremen","9":"tag-de","10":"tag-deutschland","11":"tag-diebstahl","12":"tag-germany","13":"tag-gewalt","14":"tag-ki-ots","15":"tag-polizei","16":"tag-texttospeech","17":"tag-verbrechen"},"share_on_mastodon":{"url":"https:\/\/pubeurope.com\/@de\/114840821000576759","error":""},"_links":{"self":[{"href":"https:\/\/www.europesays.com\/de\/wp-json\/wp\/v2\/posts\/262735","targetHints":{"allow":["GET"]}}],"collection":[{"href":"https:\/\/www.europesays.com\/de\/wp-json\/wp\/v2\/posts"}],"about":[{"href":"https:\/\/www.europesays.com\/de\/wp-json\/wp\/v2\/types\/post"}],"author":[{"embeddable":true,"href":"https:\/\/www.europesays.com\/de\/wp-json\/wp\/v2\/users\/2"}],"replies":[{"embeddable":true,"href":"https:\/\/www.europesays.com\/de\/wp-json\/wp\/v2\/comments?post=262735"}],"version-history":[{"count":0,"href":"https:\/\/www.europesays.com\/de\/wp-json\/wp\/v2\/posts\/262735\/revisions"}],"wp:featuredmedia":[{"embeddable":true,"href":"https:\/\/www.europesays.com\/de\/wp-json\/wp\/v2\/media\/247087"}],"wp:attachment":[{"href":"https:\/\/www.europesays.com\/de\/wp-json\/wp\/v2\/media?parent=262735"}],"wp:term":[{"taxonomy":"category","embeddable":true,"href":"https:\/\/www.europesays.com\/de\/wp-json\/wp\/v2\/categories?post=262735"},{"taxonomy":"post_tag","embeddable":true,"href":"https:\/\/www.europesays.com\/de\/wp-json\/wp\/v2\/tags?post=262735"}],"curies":[{"name":"wp","href":"https:\/\/api.w.org\/{rel}","templated":true}]}}