{"id":262738,"date":"2025-07-12T14:51:47","date_gmt":"2025-07-12T14:51:47","guid":{"rendered":"https:\/\/www.europesays.com\/de\/262738\/"},"modified":"2025-07-12T14:51:47","modified_gmt":"2025-07-12T14:51:47","slug":"xxl-citysandkasten-in-essen-im-sommer","status":"publish","type":"post","link":"https:\/\/www.europesays.com\/de\/262738\/","title":{"rendered":"XXL-Citysandkasten in Essen im Sommer"},"content":{"rendered":"<p>XXL-Citysandkasten in Essen \u00f6ffnet wieder<\/p>\n<p>Eimer, Schaufeln, F\u00f6rmchen und ganz viel Sand. Der XXL-Citysandkasten steht ab Freitag (11. Juli) wieder auf dem Burgplatz in der Innenstadt. In 52 Kubikmetern Sand k\u00f6nnt Ihr Sandburgen bauen, F\u00fc\u00dfe einbuddeln und spielen. Wer sich entspannen will, kann Pause auf den Liegest\u00fchlen machen. Zur Er\u00f6ffnung am Freitag und Samstag steht eine H\u00fcpfburg am Burgplatz und Kinder k\u00f6nnen bei einer Malaktion mitmachen. Der XXL-Citysandkasten ist bis zum 21. September montags bis samstags von 11 bis 18 Uhr ge\u00f6ffnet. Abends wird der Sandkasten abgedeckt und \u00fcber Nacht mit Videokameras \u00fcberwacht. <\/p>\n<p>Mehr Nachrichten aus Essen<\/p>\n","protected":false},"excerpt":{"rendered":"XXL-Citysandkasten in Essen \u00f6ffnet wieder Eimer, Schaufeln, F\u00f6rmchen und ganz viel Sand. Der XXL-Citysandkasten steht ab Freitag (11.&hellip;\n","protected":false},"author":2,"featured_media":262739,"comment_status":"","ping_status":"","sticky":false,"template":"","format":"standard","meta":{"footnotes":""},"categories":[1834],"tags":[79578,6494,3275,79579,24788,3364,29,3688,30,2065,1209,2715,21726],"class_list":{"0":"post-262738","1":"post","2":"type-post","3":"status-publish","4":"format-standard","5":"has-post-thumbnail","7":"category-essen","8":"tag-emg","9":"tag-gute-nachrichten","10":"tag-lokalnachrichten","11":"tag-xxl-sandkasten","12":"tag-burgplatz","13":"tag-de","14":"tag-deutschland","15":"tag-essen","16":"tag-germany","17":"tag-innenstadt","18":"tag-nordrhein-westfalen","19":"tag-sommer","20":"tag-spielen"},"share_on_mastodon":{"url":"https:\/\/pubeurope.com\/@de\/114840828903536060","error":""},"_links":{"self":[{"href":"https:\/\/www.europesays.com\/de\/wp-json\/wp\/v2\/posts\/262738","targetHints":{"allow":["GET"]}}],"collection":[{"href":"https:\/\/www.europesays.com\/de\/wp-json\/wp\/v2\/posts"}],"about":[{"href":"https:\/\/www.europesays.com\/de\/wp-json\/wp\/v2\/types\/post"}],"author":[{"embeddable":true,"href":"https:\/\/www.europesays.com\/de\/wp-json\/wp\/v2\/users\/2"}],"replies":[{"embeddable":true,"href":"https:\/\/www.europesays.com\/de\/wp-json\/wp\/v2\/comments?post=262738"}],"version-history":[{"count":0,"href":"https:\/\/www.europesays.com\/de\/wp-json\/wp\/v2\/posts\/262738\/revisions"}],"wp:featuredmedia":[{"embeddable":true,"href":"https:\/\/www.europesays.com\/de\/wp-json\/wp\/v2\/media\/262739"}],"wp:attachment":[{"href":"https:\/\/www.europesays.com\/de\/wp-json\/wp\/v2\/media?parent=262738"}],"wp:term":[{"taxonomy":"category","embeddable":true,"href":"https:\/\/www.europesays.com\/de\/wp-json\/wp\/v2\/categories?post=262738"},{"taxonomy":"post_tag","embeddable":true,"href":"https:\/\/www.europesays.com\/de\/wp-json\/wp\/v2\/tags?post=262738"}],"curies":[{"name":"wp","href":"https:\/\/api.w.org\/{rel}","templated":true}]}}