{"id":262754,"date":"2025-07-12T15:00:12","date_gmt":"2025-07-12T15:00:12","guid":{"rendered":"https:\/\/www.europesays.com\/de\/262754\/"},"modified":"2025-07-12T15:00:12","modified_gmt":"2025-07-12T15:00:12","slug":"vfb-stuttgart-personal-sorgen-im-fellbach-test-drei-stuttgarter-verletzt-vom-platz-sport","status":"publish","type":"post","link":"https:\/\/www.europesays.com\/de\/262754\/","title":{"rendered":"VfB Stuttgart: Personal-Sorgen im Fellbach-Test: Drei Stuttgarter verletzt vom Platz | Sport"},"content":{"rendered":"<p><b>Das erste Spiel seit dem Pokalsieg in Berlin Ende Mai!<\/b><\/p>\n<p>Stuttgart startet in die neue Saison \u2013\u00a0ohne die Nationalspieler Undav, N\u00fcbel, Mittelst\u00e4dt, Demirovic und Woltemade.<\/p>\n<p>Beim JAKO-Testspiel gegen Verbandsligist Fellbach (6. Liga) zeigte sich der VfB nach der Sommerpause gut erholt. Vor 3000 Zuschauern gewinnt der Pokalsieger mit 7:1.<\/p>\n<p><b>Einer war von Beginn an so richtig hei\u00df auf die Partie: Justin Diehl (20).<\/b><\/p>\n<p>Der Fl\u00fcgelst\u00fcrmer startete sehr aktiv und erarbeitete sich in den ersten Minuten zwei gute Chancen. In der sechsten Minute war es dann auch folgerichtig das Offensiv-Talent, das den VfB in F\u00fchrung brachte.<\/p>\n<p><b>Das erste Tor der neuen Saison: Neuzugang Lazar Jovanovic (18) setzt sich auf rechts durch, passt zu Leweling. Der Ball springt zu Diehl, der Ex-K\u00f6lner trifft aus kurzer Distanz.<\/b><\/p>\n<p>Diehl legt los und bleibt stark. Auf links dribbelt er sich sehenswert nach vorne, legt auf Jovanovic, der nur noch einschieben muss (2:0, 8.).<\/p>\n<p><b>Tor, Vorlage \u2013 dann das bittere Ende. <\/b><\/p>\n<p>Lesen Sie auch<\/p>\n<p>\n<b>In der 17. Minute geht der Angreifer zu Boden, zeigt an, dass er mit dem linken Kn\u00f6chel weggeknickt ist.<\/b><\/p>\n<p>Bitter: Diehl muss verletzt ausgewechselt werden.<\/p>\n<p>In der vergangenen Saison kam Diehl wegen seiner Verletzungsanf\u00e4lligkeit zu nur sechs Kurzeins\u00e4tzen. Diese Saison wollte er endlich zeigen, warum ihn der VfB vergangenen Sommer aus K\u00f6ln verpflichtet hatte.<\/p>\n<p><img decoding=\"async\" width=\"992\" height=\"558\" alt=\"Justin Diehl (20\/r.) will auch diese Saison in der Bundesliga \u00fcber eigene Treffer jubeln\" src=\"https:\/\/www.europesays.com\/de\/wp-content\/uploads\/2025\/07\/c3ea9950d99064b1d4d56e537fd04eee,dd1eec5d\"   class=\"landscape\" loading=\"lazy\"\/><\/p>\n<p class=\"fig__caption__text\">Justin Diehl (20\/r.) will auch diese Saison in der Bundesliga \u00fcber eigene Treffer jubeln<\/p>\n<p>Foto: Tom Weller\/dpa<\/p>\n<p>Erst vor dem Spiel k\u00fcndigte er an: \u201eIch habe \u00fcber den Sommer viel getan, um meinen K\u00f6rper noch besser kennenzulernen. Jetzt f\u00fchle ich mich gut und will \u00fcber einen l\u00e4ngeren Zeitraum zeigen, was ich draufhabe.\u201c<\/p>\n<p>17 Minuten konnte Diehl \u00fcberzeugen, dann die Verletzung.<\/p>\n<p><b>Doppelt bitter: F\u00fcr Diehl kam Talent Salvatore Mule (17) in die Partie. 14 Minuten sp\u00e4ter musste aber auch er angeschlagen raus.<\/b><\/p>\n<p><b>Kurz vor Schluss musste dann auch noch Innenverteidiger Finn Jeltsch (18) angeschlagen vom Platz&#8230;<\/b><\/p>\n<p>Zagadou mit der Kapit\u00e4nsbinde<\/p>\n<p><b>Positiv: Dauerpatient Dan-Axel Zagadou (26) ist zur\u00fcck!<\/b><\/p>\n<p>Vergangene Saison kam er wegen zwei schweren Knieverletzungen auf nur 27 Minuten Spielzeit. Am Samstag in Fellbach durfte der Franzose von Beginn an ran, bekam von Trainer Sebastian Hoene\u00df (43) sogar die Kapit\u00e4nsbinde. Nach 35 durfte Zagadou vom Platz \u2013 ein abgesprochener Wechsel.<\/p>\n<p>Auch interessant<\/p>\n<p>Anzeige<\/p>\n<p>Auch interessant<\/p>\n<p>Anzeige<\/p>\n<p><b>Stuttgart in Halbzeit zwei lange passiv. Die Quittung:<\/b> <b>Fellbachs Maximilian Bresic trifft nach einem Konter zum 1:4-Anschluss (70.) f\u00fcr den Sechstligisten.<\/b><\/p>\n<p>Die Tore: Bresic; Diehl, Jovanovic, Eigentor, Korkut, Sankoh, Penna, Penna<\/p>\n<p>So startete der VfB: Bredlow &#8211; Olivier, Zagadou, Jaquez, Assignon \u2013 Stiller, Keitel \u2013\u00a0Diehl, Jovanovic \u2013 Leweling, Korkut<\/p>\n<p>VfB in Halbzeit 2: Drljaca &#8211; Hendriks, Al Dakhil, Jeltsch, Stenzel \u2013\u00a0F\u00fchrich, Karazor, Catovic, Vagnoman \u2013\u00a0Penna, Sankoh<\/p>\n<p>\u201eDanke f\u00fcr das sch\u00f6nste Jahr!\u201c: Emotionaler Selke-Abschied im Video<a href=\"https:\/\/www.bild.de\/sport\/fussball\/danke-fuer-das-schoenste-jahr-emotionaler-selke-abschied-im-video-68717542151ec83419fd31fa\" class=\"anchor\" target=\"_blank\" rel=\"noopener\"><img decoding=\"async\" width=\"992\" height=\"558\" alt=\"Teaser-Bild\" src=\"https:\/\/www.europesays.com\/de\/wp-content\/uploads\/2025\/07\/d305073c0187fe14a03c35abed0963b2,6e942031\"   class=\"landscape teaser__image\" loading=\"lazy\"\/><\/a><\/p>\n<p>Quelle: BILD\/Instagram @davieselke12.07.2025<\/p>\n","protected":false},"excerpt":{"rendered":"Das erste Spiel seit dem Pokalsieg in Berlin Ende Mai! Stuttgart startet in die neue Saison \u2013\u00a0ohne die&hellip;\n","protected":false},"author":2,"featured_media":262755,"comment_status":"","ping_status":"","sticky":false,"template":"","format":"standard","meta":{"footnotes":""},"categories":[1830],"tags":[1634,3364,29,538,347,30,3861,1470,1441,2915],"class_list":{"0":"post-262754","1":"post","2":"type-post","3":"status-publish","4":"format-standard","5":"has-post-thumbnail","7":"category-stuttgart","8":"tag-baden-wuerttemberg","9":"tag-de","10":"tag-deutschland","11":"tag-erste-bundesliga","12":"tag-fussball","13":"tag-germany","14":"tag-hoeness-sebastian","15":"tag-sport-leuchtturm-muenchen","16":"tag-stuttgart","17":"tag-vfb-stuttgart"},"share_on_mastodon":{"url":"https:\/\/pubeurope.com\/@de\/114840864348965688","error":""},"_links":{"self":[{"href":"https:\/\/www.europesays.com\/de\/wp-json\/wp\/v2\/posts\/262754","targetHints":{"allow":["GET"]}}],"collection":[{"href":"https:\/\/www.europesays.com\/de\/wp-json\/wp\/v2\/posts"}],"about":[{"href":"https:\/\/www.europesays.com\/de\/wp-json\/wp\/v2\/types\/post"}],"author":[{"embeddable":true,"href":"https:\/\/www.europesays.com\/de\/wp-json\/wp\/v2\/users\/2"}],"replies":[{"embeddable":true,"href":"https:\/\/www.europesays.com\/de\/wp-json\/wp\/v2\/comments?post=262754"}],"version-history":[{"count":0,"href":"https:\/\/www.europesays.com\/de\/wp-json\/wp\/v2\/posts\/262754\/revisions"}],"wp:featuredmedia":[{"embeddable":true,"href":"https:\/\/www.europesays.com\/de\/wp-json\/wp\/v2\/media\/262755"}],"wp:attachment":[{"href":"https:\/\/www.europesays.com\/de\/wp-json\/wp\/v2\/media?parent=262754"}],"wp:term":[{"taxonomy":"category","embeddable":true,"href":"https:\/\/www.europesays.com\/de\/wp-json\/wp\/v2\/categories?post=262754"},{"taxonomy":"post_tag","embeddable":true,"href":"https:\/\/www.europesays.com\/de\/wp-json\/wp\/v2\/tags?post=262754"}],"curies":[{"name":"wp","href":"https:\/\/api.w.org\/{rel}","templated":true}]}}