{"id":262762,"date":"2025-07-12T15:04:10","date_gmt":"2025-07-12T15:04:10","guid":{"rendered":"https:\/\/www.europesays.com\/de\/262762\/"},"modified":"2025-07-12T15:04:10","modified_gmt":"2025-07-12T15:04:10","slug":"nordrhein-westfalen-1-fc-koeln-gewinnt-bei-kwasniok-debuet-deutlich","status":"publish","type":"post","link":"https:\/\/www.europesays.com\/de\/262762\/","title":{"rendered":"Nordrhein-Westfalen: 1. FC K\u00f6ln gewinnt bei Kwasniok-Deb\u00fct deutlich"},"content":{"rendered":"<p>                    Nordrhein-Westfalen<br \/>\n                1. FC K\u00f6ln gewinnt bei Kwasniok-Deb\u00fct deutlich<\/p>\n<p>\t\t\t\t              12.07.2025, 16:24 Uhr<\/p>\n<p><strong>Der neue Trainer Lukas Kwasniok hatte gleich &#8222;ein Statement&#8220; gefordert. Und die Mannschaft gehorcht. Beim 7:1 in Bergisch Gladbach trifft Neuzugang Ragnar Ache ein halbe Minute nach der Einwechslung.<\/strong><\/p>\n<p>K\u00f6ln (dpa\/lnw) &#8211; Bundesliga-Aufsteiger 1. FC K\u00f6ln hat am Samstag das erste Spiel unter dem neuen Trainer Lukas Kwasniok gewonnen. Die Domst\u00e4dter siegten beim benachbarten F\u00fcnftligisten SV Bergisch Gladbach 09 mit 7:1 (3:1).<\/p>\n<p>&#8222;Der Auftrag an die Mannschaft war, direkt ein Statement zu setzen&#8220;, hatte Kwasniok kurz vor dem Spiel gesagt und wurde nicht entt\u00e4uscht. Die K\u00f6lner Tore erzielten Linton Maina (2), Steffen Tigges, Ragnar Ache, Etienne Borie, Fayssal Harchaoui und Luca Waldschmidt.<\/p>\n<p>In der K\u00f6lner Startelf stand mit Isak Johannesson im zentral-offensiven Mittelfeld zun\u00e4chst nur ein Neuzugang. Eingewechselt wurden zur zweiten Halbzeit aber auch noch die Neuen Ron-Robert Zieler im Tor, Tom Krau\u00df im Mittelfeld, Jakub Kaminski auf dem Fl\u00fcgel und Ragnar Ache in der zentralen Spitze. Ache, vom 1. FC Kaiserslautern gekommen, ben\u00f6tigte nach seiner Einwechslung nur eine halbe Minute f\u00fcr seinen ersten Treffer.<\/p>\n","protected":false},"excerpt":{"rendered":"Nordrhein-Westfalen 1. FC K\u00f6ln gewinnt bei Kwasniok-Deb\u00fct deutlich 12.07.2025, 16:24 Uhr Der neue Trainer Lukas Kwasniok hatte gleich&hellip;\n","protected":false},"author":2,"featured_media":262763,"comment_status":"","ping_status":"","sticky":false,"template":"","format":"standard","meta":{"footnotes":""},"categories":[1828],"tags":[29,7579,30,1420,79581,1209],"class_list":{"0":"post-262762","1":"post","2":"type-post","3":"status-publish","4":"format-standard","5":"has-post-thumbnail","7":"category-koeln","8":"tag-deutschland","9":"tag-fc","10":"tag-germany","11":"tag-koeln","12":"tag-kwasniok-debuet","13":"tag-nordrhein-westfalen"},"share_on_mastodon":{"url":"https:\/\/pubeurope.com\/@de\/114840879988681943","error":""},"_links":{"self":[{"href":"https:\/\/www.europesays.com\/de\/wp-json\/wp\/v2\/posts\/262762","targetHints":{"allow":["GET"]}}],"collection":[{"href":"https:\/\/www.europesays.com\/de\/wp-json\/wp\/v2\/posts"}],"about":[{"href":"https:\/\/www.europesays.com\/de\/wp-json\/wp\/v2\/types\/post"}],"author":[{"embeddable":true,"href":"https:\/\/www.europesays.com\/de\/wp-json\/wp\/v2\/users\/2"}],"replies":[{"embeddable":true,"href":"https:\/\/www.europesays.com\/de\/wp-json\/wp\/v2\/comments?post=262762"}],"version-history":[{"count":0,"href":"https:\/\/www.europesays.com\/de\/wp-json\/wp\/v2\/posts\/262762\/revisions"}],"wp:featuredmedia":[{"embeddable":true,"href":"https:\/\/www.europesays.com\/de\/wp-json\/wp\/v2\/media\/262763"}],"wp:attachment":[{"href":"https:\/\/www.europesays.com\/de\/wp-json\/wp\/v2\/media?parent=262762"}],"wp:term":[{"taxonomy":"category","embeddable":true,"href":"https:\/\/www.europesays.com\/de\/wp-json\/wp\/v2\/categories?post=262762"},{"taxonomy":"post_tag","embeddable":true,"href":"https:\/\/www.europesays.com\/de\/wp-json\/wp\/v2\/tags?post=262762"}],"curies":[{"name":"wp","href":"https:\/\/api.w.org\/{rel}","templated":true}]}}