{"id":262768,"date":"2025-07-12T15:07:12","date_gmt":"2025-07-12T15:07:12","guid":{"rendered":"https:\/\/www.europesays.com\/de\/262768\/"},"modified":"2025-07-12T15:07:12","modified_gmt":"2025-07-12T15:07:12","slug":"hamburger-gruene-waehlen-storm-und-alam-zu-neuen-vorsitzenden","status":"publish","type":"post","link":"https:\/\/www.europesays.com\/de\/262768\/","title":{"rendered":"Hamburger Gr\u00fcne w\u00e4hlen Storm und Alam zu neuen Vorsitzenden"},"content":{"rendered":"<p>        <img decoding=\"async\" src=\"https:\/\/www.europesays.com\/de\/wp-content\/uploads\/2025\/07\/gruene-442.webp\" alt=\"Leon Alam (r.), Landesvorsitzender der Hamburger Gr\u00fcnen, gratuliert Selina Storm zur Wahl als neue Landesvorsitzende.\" title=\"Leon Alam (r.), Landesvorsitzender der Hamburger Gr\u00fcnen, gratuliert Selina Storm zur Wahl als neue Landesvorsitzende. | picture alliance\/dpa, Marcus Brandt\" class=\"responsive\"\/><\/p>\n<p>AUDIO: Hamburger Gr\u00fcne w\u00e4hlen neue Doppelspitze (1 Min)<\/p>\n<p>\n            Stand: 12.07.2025 15:37 Uhr<\/p>\n<p class=\"preface\">Selina Storm und Leon Alam bilden f\u00fcr die kommenden zwei Jahre die Doppelspitze im Landesvorstand der Hamburger Gr\u00fcnen. <\/p>\n<p class=\"\">\nEine Landesmitgliederversammlung w\u00e4hlte die B\u00fcrgerschaftsabgeordnete Storm am Sonnabend zur Co-Vorsitzenden und Nachfolgerin von Wissenschaftssenatorin Maryam Blumenthal, die nach ihrem Wechsel in den Senat nicht mehr zur Verf\u00fcgung stand. Alam wurde nach seiner Wahl zum Co-Vorsitzenden 2023 im Amt best\u00e4tigt.<\/p>\n<p>    Keine Gegenkandidaten<\/p>\n<p class=\"\">\nF\u00fcr Storm stimmten 203 Mitglieder, 29 votierten gegen sie, 30 enthielten sich. Das entspricht einer Zustimmung von rund 77 Prozent. Eine Gegenkandidatin gab es nicht.\u00a0Auch Alam wurde ohne Gegenkandidaten gew\u00e4hlt. F\u00fcr ihn stimmten 237 Mitglieder bei 13 Nein-Stimmen und 13 Enthaltungen. Er kam damit auf eine Zustimmung von 88 Prozent.<\/p>\n<p>    Physikerin Storm seit vier Monaten in der B\u00fcrgerschaft<\/p>\n<p class=\"\">\nStorm sagte in ihrer Rede, man m\u00fcsse wieder mehr auf die Menschen zugehen. Es gehe darum, sich gemeinsam danach umzusehen, was woanders noch besser gelinge. &#8222;Wie kann die Gemeinschaft der Zukunft aussehen? Und wie k\u00f6nnen wir die Menschen daf\u00fcr begeistern?&#8220; Die 37 Jahre alte Storm ist Physikerin und zog vor vier Monaten erstmals in die B\u00fcrgerschaft ein.<\/p>\n<p>    Gr\u00fcnen-Spitze will etwas gegen den Rechtsruck unternehmen<\/p>\n<p class=\"\">\nSowohl Storm als auch Alam stellten den Kampf gegen Rechtsruck und Populismus in den Mittelpunkt ihrer Bewerbungsreden. &#8222;Wir erleben seit Jahren, dass dies nicht nur in den USA, sondern auch hier in Europa und in Deutschland auftritt&#8220;, sagte Storm. &#8222;Die AfD betreibt in ihrer Polemik, ihrer Hetze und der Ver\u00e4chtlichmachung staatlicher Institutionen das gleiche Spiel.&#8220; Und die CDU habe &#8222;ohne jede Not gemeinsame Sache mit der AfD&#8220; gemacht.<\/p>\n<p class=\"\">\nCo-Parteichef Leon Alam sagte, man wolle jetzt junge Leute und auch Menschen in Hamburgs \u00e4u\u00dferen Stadtteilen f\u00fcr die Gr\u00fcnen zur\u00fcckgewinnen. Ein Rezept daf\u00fcr: Mehr Dialog und mehr zuh\u00f6ren. Um Erfolg zu haben, m\u00fcssten die Gr\u00fcnen zeigen, wof\u00fcr sie im Kern stehen, sagte Alam. &#8222;Wir sind die Partei, die in der Vielfalt unserer Stadt eine gro\u00dfe St\u00e4rke sieht.&#8220;\u00a0<\/p>\n<p>    Fegebank dankt altem Vorstand<\/p>\n<p class=\"\">\nHamburgs Zweite B\u00fcrgermeisterin und Umweltsenatorin Katharina Fegebank dankte dem alten Vorstand im Namen der Partei: In den vergangenen Jahren seien f\u00fcr die Parteif\u00fchrung &#8222;dicke Brocken&#8220; zu schlucken gewesen. &#8222;F\u00fcnf Wahlen in vier Jahren&#8220;, dazu die Corona-Pandemie und die sich v\u00f6llig ver\u00e4ndernde Weltlage. Es sei aber immer gelungen, geschlossen nach vorne zu blicken.<\/p>\n<p>    Blumenthal: &#8222;Vier sehr hitzige Jahre&#8220;<\/p>\n<p class=\"\">\nBlumenthal sagte zu ihrem Abschied als Landesvorsitzende: &#8222;Es waren vier sehr hitzige Jahre mit sehr vielen H\u00f6hen und sehr vielen Tiefen.&#8220; Zugleich seien es &#8222;unfassbar lehrreiche Jahre&#8220; gewesen.\u00a0Sie stand seit 2021 an der Spitze der Hamburger Gr\u00fcnen &#8211; seit zwei Jahren in einer Doppelspitze mit Alam.\u00a0<\/p>\n<p>        <img decoding=\"async\" src=\"https:\/\/www.europesays.com\/de\/wp-content\/uploads\/2025\/07\/gruene2132.webp\" alt=\"Kollage: Die Gr\u00fcnen-Politiker Michael Gwosdz und Sina Imhof bei Reden in der Hamburgischen B\u00fcrgerschaft.\" title=\"Kollage: Die Gr\u00fcnen-Politiker Michael Gwosdz und Sina Imhof bei Reden in der Hamburgischen B\u00fcrgerschaft. | picture alliance\/dpa, Marcus Brandt, Markus Scholz\" class=\"responsive\" loading=\"lazy\"\/><\/p>\n<p>Die bisherigen Amtsinhaber verzichteten auf eine Kandidatur, doch ihre Nachfolger bekamen zun\u00e4chst nur eine knappe Mehrheit.<\/p>\n<p>        <img decoding=\"async\" src=\"https:\/\/www.europesays.com\/de\/wp-content\/uploads\/2025\/07\/gruene2128.webp\" alt=\"Jenny Jasberg und Dominik Lorenzen, Fraktionsvorsitzende von B\u00fcndnis 90\/Die Gr\u00fcnen in der Hamburgischen B\u00fcrgerschaft, unterhalten sich w\u00e4hrend der Sitzung der Hamburgischen B\u00fcrgerschaft im Rathaus.\" title=\"Jenny Jasberg und Dominik Lorenzen, Fraktionsvorsitzende von B\u00fcndnis 90\/Die Gr\u00fcnen in der Hamburgischen B\u00fcrgerschaft, unterhalten sich w\u00e4hrend der Sitzung der Hamburgischen B\u00fcrgerschaft im Rathaus. | picture alliance\/dpa | Marcus Brandt\" class=\"responsive\" loading=\"lazy\"\/><\/p>\n<p>Die bisherigen Amtsinhaber Jennifer Jasberg und Dominik Lorenzen hatten auf eine erneute Kandidatur verzichtet.<\/p>\n","protected":false},"excerpt":{"rendered":"AUDIO: Hamburger Gr\u00fcne w\u00e4hlen neue Doppelspitze (1 Min) Stand: 12.07.2025 15:37 Uhr Selina Storm und Leon Alam bilden&hellip;\n","protected":false},"author":2,"featured_media":262769,"comment_status":"","ping_status":"","sticky":false,"template":"","format":"standard","meta":{"footnotes":""},"categories":[1826],"tags":[29,30,2013,692,79582,50036],"class_list":{"0":"post-262768","1":"post","2":"type-post","3":"status-publish","4":"format-standard","5":"has-post-thumbnail","7":"category-hamburg","8":"tag-deutschland","9":"tag-germany","10":"tag-gruene","11":"tag-hamburg","12":"tag-landesmitgliederversammlung","13":"tag-landesvorstand"},"share_on_mastodon":{"url":"https:\/\/pubeurope.com\/@de\/114840891943286892","error":""},"_links":{"self":[{"href":"https:\/\/www.europesays.com\/de\/wp-json\/wp\/v2\/posts\/262768","targetHints":{"allow":["GET"]}}],"collection":[{"href":"https:\/\/www.europesays.com\/de\/wp-json\/wp\/v2\/posts"}],"about":[{"href":"https:\/\/www.europesays.com\/de\/wp-json\/wp\/v2\/types\/post"}],"author":[{"embeddable":true,"href":"https:\/\/www.europesays.com\/de\/wp-json\/wp\/v2\/users\/2"}],"replies":[{"embeddable":true,"href":"https:\/\/www.europesays.com\/de\/wp-json\/wp\/v2\/comments?post=262768"}],"version-history":[{"count":0,"href":"https:\/\/www.europesays.com\/de\/wp-json\/wp\/v2\/posts\/262768\/revisions"}],"wp:featuredmedia":[{"embeddable":true,"href":"https:\/\/www.europesays.com\/de\/wp-json\/wp\/v2\/media\/262769"}],"wp:attachment":[{"href":"https:\/\/www.europesays.com\/de\/wp-json\/wp\/v2\/media?parent=262768"}],"wp:term":[{"taxonomy":"category","embeddable":true,"href":"https:\/\/www.europesays.com\/de\/wp-json\/wp\/v2\/categories?post=262768"},{"taxonomy":"post_tag","embeddable":true,"href":"https:\/\/www.europesays.com\/de\/wp-json\/wp\/v2\/tags?post=262768"}],"curies":[{"name":"wp","href":"https:\/\/api.w.org\/{rel}","templated":true}]}}