{"id":262770,"date":"2025-07-12T15:08:24","date_gmt":"2025-07-12T15:08:24","guid":{"rendered":"https:\/\/www.europesays.com\/de\/262770\/"},"modified":"2025-07-12T15:08:24","modified_gmt":"2025-07-12T15:08:24","slug":"wilhelmshaven-fregatte-hamburg-zu-nato-einsatz-aufgebrochen","status":"publish","type":"post","link":"https:\/\/www.europesays.com\/de\/262770\/","title":{"rendered":"Wilhelmshaven: Fregatte &#8222;Hamburg&#8220; zu NATO-Einsatz aufgebrochen"},"content":{"rendered":"<p>        <img decoding=\"async\" src=\"https:\/\/www.europesays.com\/de\/wp-content\/uploads\/2025\/07\/fregatte-hamburg-108.webp\" alt=\"Die Fregatte Hamburg liegt an der Pier des Marinehafens. \" title=\"Die Fregatte Hamburg liegt an der Pier des Marinehafens.  | picture alliance\/Lars Penning\" class=\"responsive\"\/><\/p>\n<p>\n            Stand: 12.07.2025 16:13 Uhr<\/p>\n<p class=\"preface\">Am Samstag ist die deutsche Fregatte &#8222;Hamburg&#8220; von ihrem Heimathafen Wilhelmshaven zu einem Nato-Einsatz aufgebrochen. Das Kommando \u00fcbernimmt ein neuer Kapit\u00e4n. <\/p>\n<p class=\"\">\nDie rund 250 Soldatinnen und Soldaten sind vor dem Start ihrer Mission von Angeh\u00f6rigen am Pier des Marinest\u00fctzpunktes verabschiedet worden. In den kommenden Monaten wird sich die &#8222;Hamburg&#8220; in der Nordsee, Ostsee und im Atlantik der sogenannten Standing Nato Maritime Group 1 anschlie\u00dfen. Dabei handelt es sich um einen der maritimen Einsatzverb\u00e4nde des Milit\u00e4rb\u00fcndnisses, der vor allem f\u00fcr die Kontrolle und den Schutz der Seewege zust\u00e4ndig ist.<\/p>\n<p>    &#8222;Gehen geeint in diesen Einsatz&#8220;<\/p>\n<p>                    <a href=\"https:\/\/www.europesays.com\/de\/wp-content\/uploads\/2025\/07\/fregatte-hamburg-106.webp\" class=\"zoomimage\" title=\"Bild vergr\u00f6\u00dfern\"><\/p>\n<p>        <img decoding=\"async\" src=\"https:\/\/www.europesays.com\/de\/wp-content\/uploads\/2025\/07\/fregatte-hamburg-106.webp\" alt=\" Fregattenkapit\u00e4n Alexander Timpf kurz vor dem Auslaufen der Fregatte &quot;Hamburg&quot; in Uniform.\" title=\"Alexander Timpf ist der neue Kommandant der Fregatte &quot;Hamburg&quot;. | Lars Penning, dpa\" class=\"responsive\" loading=\"lazy\"\/><\/p>\n<p>                    <\/a><\/p>\n<p>                    Alexander Timpf ist der neue Kommandant der Fregatte &#8222;Hamburg&#8220;.<\/p>\n<p class=\"\">\nF\u00fcr Fregattenkapit\u00e4n Alexander Timpf ist es der erste Einsatz als neuer Kommandant der &#8222;Hamburg&#8220;. Zuletzt hatte die Besatzung Ausbildungsfahrten absolviert. &#8222;Wir gehen geeint in diesen Einsatz, mit starkem Teamgeist und klarem Blick auf unsere Verantwortung&#8220;, wird Timpf in einer Mitteilung zitiert. Ende des Jahres soll die Fregatte nach Wilhelmshaven zur\u00fcckkehren.<\/p>\n<p>    Schiff f\u00fcr Geleitschutz und die Seeraumkontrolle konzipiert<\/p>\n<p class=\"\">\nDie Fregatte &#8222;Hamburg&#8220; z\u00e4hlt zur sogenannten Sachsen-Klasse. Dieser Kriegsschifftyp ist speziell f\u00fcr den Geleitschutz und die Seeraumkontrolle konzipiert. Das 143 Meter lange Kriegsschiff verf\u00fcgt \u00fcber ein spezielles Radar: Es kann nach Angaben der Bundeswehr einen Luftraum von der Gr\u00f6\u00dfe der gesamten Nordsee \u00fcberwachen. Au\u00dferdem sind die Fregatten mit Flugabwehrraketen ausger\u00fcstet.<\/p>\n<p>        <img decoding=\"async\" src=\"https:\/\/www.europesays.com\/de\/wp-content\/uploads\/2025\/07\/fregatte2200.webp\" alt=\"Wenige Tage vor Weihnachten kommt die deutsche Fregatte &quot;Hamburg&quot; mit ihrer Besatzung von einem Einsatz im Mittelmeer zur\u00fcck.\" title=\"Wenige Tage vor Weihnachten kommt die deutsche Fregatte &quot;Hamburg&quot; mit ihrer Besatzung von einem Einsatz im Mittelmeer zur\u00fcck. | dpa-Bildfunk, Sina Schuldt\" class=\"responsive\" loading=\"lazy\"\/><\/p>\n<p>Das Kriegsschiff war f\u00fcr mehrere Monate im \u00f6stlichen Mittelmeer im Einsatz. Am Freitag kehrte es in den Heimathafen zur\u00fcck.<\/p>\n<p>        <img decoding=\"async\" src=\"https:\/\/www.europesays.com\/de\/wp-content\/uploads\/2025\/07\/fregattehamburg164.webp\" alt=\"Die Fregatte &quot;Hamburg&quot; der Deutschen Marine\" title=\"Die Fregatte &quot;Hamburg&quot; der Deutschen Marine | Presse Deutsche Marine, Presse Deutsche Marine\" class=\"responsive\" loading=\"lazy\"\/><\/p>\n<p>Die Fregatte ist am Montag in Richtung Rotes Meer ausgelaufen. Nach Angaben eines Beteiligten fehlt ein wichtiges Ger\u00e4t.<\/p>\n<p>        <img decoding=\"async\" src=\"https:\/\/www.europesays.com\/de\/wp-content\/uploads\/2025\/07\/puma-110.webp\" alt=\"Ein Sch\u00fctzenpanzer vom Typ Puma f\u00e4hrt bei der Vorbereitung zu einer Informationslehr\u00fcbung \u00fcber einen \u00dcbungsplatz. (zu dpa &quot;Bundeswehr hat neue schwere Probleme mit dem Sch\u00fctzenpanzer Puma&quot;)\" title=\"Ein Sch\u00fctzenpanzer vom Typ Puma f\u00e4hrt bei der Vorbereitung zu einer Informationslehr\u00fcbung \u00fcber einen \u00dcbungsplatz. (zu dpa &quot;Bundeswehr hat neue schwere Probleme mit dem Sch\u00fctzenpanzer Puma&quot;) | dpa, Philipp Schulze\" class=\"responsive\" loading=\"lazy\"\/><\/p>\n<p>Der Sicherheitsstahl wurde nach Unternehmensangaben von der Bundeswehr zertifiziert. Der Aktienkurs stieg um 20 Prozent.<\/p>\n<p>Dieses Thema im Programm:<\/p>\n<p>                NDR 1 Niedersachsen | Aktuell | 12.07.2025 | 12:00 Uhr<\/p>\n","protected":false},"excerpt":{"rendered":"Stand: 12.07.2025 16:13 Uhr Am Samstag ist die deutsche Fregatte &#8222;Hamburg&#8220; von ihrem Heimathafen Wilhelmshaven zu einem Nato-Einsatz&hellip;\n","protected":false},"author":2,"featured_media":262771,"comment_status":"","ping_status":"","sticky":false,"template":"","format":"standard","meta":{"footnotes":""},"categories":[1826],"tags":[10072,685,29,79583,30,692,29955,1159,7292,2852,5226,7638],"class_list":{"0":"post-262770","1":"post","2":"type-post","3":"status-publish","4":"format-standard","5":"has-post-thumbnail","7":"category-hamburg","8":"tag-atlantik","9":"tag-bundeswehr","10":"tag-deutschland","11":"tag-fregatte","12":"tag-germany","13":"tag-hamburg","14":"tag-marine","15":"tag-nato","16":"tag-nordsee","17":"tag-ostsee","18":"tag-schifffahrt","19":"tag-wilhelmshaven"},"share_on_mastodon":{"url":"https:\/\/pubeurope.com\/@de\/114840896002191998","error":""},"_links":{"self":[{"href":"https:\/\/www.europesays.com\/de\/wp-json\/wp\/v2\/posts\/262770","targetHints":{"allow":["GET"]}}],"collection":[{"href":"https:\/\/www.europesays.com\/de\/wp-json\/wp\/v2\/posts"}],"about":[{"href":"https:\/\/www.europesays.com\/de\/wp-json\/wp\/v2\/types\/post"}],"author":[{"embeddable":true,"href":"https:\/\/www.europesays.com\/de\/wp-json\/wp\/v2\/users\/2"}],"replies":[{"embeddable":true,"href":"https:\/\/www.europesays.com\/de\/wp-json\/wp\/v2\/comments?post=262770"}],"version-history":[{"count":0,"href":"https:\/\/www.europesays.com\/de\/wp-json\/wp\/v2\/posts\/262770\/revisions"}],"wp:featuredmedia":[{"embeddable":true,"href":"https:\/\/www.europesays.com\/de\/wp-json\/wp\/v2\/media\/262771"}],"wp:attachment":[{"href":"https:\/\/www.europesays.com\/de\/wp-json\/wp\/v2\/media?parent=262770"}],"wp:term":[{"taxonomy":"category","embeddable":true,"href":"https:\/\/www.europesays.com\/de\/wp-json\/wp\/v2\/categories?post=262770"},{"taxonomy":"post_tag","embeddable":true,"href":"https:\/\/www.europesays.com\/de\/wp-json\/wp\/v2\/tags?post=262770"}],"curies":[{"name":"wp","href":"https:\/\/api.w.org\/{rel}","templated":true}]}}