{"id":262774,"date":"2025-07-12T15:10:16","date_gmt":"2025-07-12T15:10:16","guid":{"rendered":"https:\/\/www.europesays.com\/de\/262774\/"},"modified":"2025-07-12T15:10:16","modified_gmt":"2025-07-12T15:10:16","slug":"fuenf-vergessene-berliner-fussball-talente-und-was-aus-ihnen-wurde","status":"publish","type":"post","link":"https:\/\/www.europesays.com\/de\/262774\/","title":{"rendered":"F\u00fcnf vergessene Berliner Fu\u00dfball-Talente und was aus ihnen wurde"},"content":{"rendered":"<p>\tFu\u00dfball<br \/>\n\t &#8211; <\/p>\n<p>\t\tF\u00fcnf vergessene Berliner Talente und was aus ihnen wurde<\/p>\n<p>\n        Sa 12.07.25 | 10:06 Uhr  | Von Ilja Behnisch\n    <\/p>\n<p>    <a href=\"#top-of-comments\"\/><\/p>\n<p><img decoding=\"async\" src=\"https:\/\/www.europesays.com\/de\/wp-content\/uploads\/2025\/07\/1752333016_3_size=708x398.jpg\" alt=\"Die ehemaligen Hertha-Talente Elias Abouchabaka, Damir Bektic und Gedion Zelalem (imago images)\" title=\"Die ehemaligen Hertha-Talente Elias Abouchabaka, Damir Bektic und Gedion Zelalem (imago images)\" id=\"1714139248\"\/>Bild: imago images<\/p>\n<p>Unl\u00e4ngst verl\u00e4ngerte Hertha BSC den Vertrag mit Mamuzah Lum, der der j\u00fcngste Spieler der Vereinsgeschichte ist und als riesiges Talent gilt. Dass sein Weg kein Selbstl\u00e4ufer ist, zeigt dieser R\u00fcckblick. Von Ilja Behnisch<\/p>\n<p>\t\t\t\t\t<a name=\"articlesContList\/text_0\"\/><br \/>\n\t\t\t\t\tElias Abouchabaka<\/p>\n<p>Der 2000 geborene, offensive Mittelfeldspieler Elias Abouchabaka begann bei Blau-Weiss Berolina Mitte mit dem Fu\u00dfballspielen und wechselte im Alter von zehn Jahren zur <a href=\"https:\/\/www.rbb24.de\/sport\/fussball\/hertha-bsc\/index.html\" rel=\"nofollow noopener\" target=\"_blank\">Hertha<\/a>. F\u00fcnf Jahre sp\u00e4ter ging er f\u00fcr die damalige Jugendspieler-Rekordabl\u00f6se zu RB Leipzig, die f\u00fcr Abouchabaka eine Viertel Million Euro Abl\u00f6se zahlten. Ein Schritt, der sich zun\u00e4chst auszuzahlen schien. Im zweiten B-Junioren-Jahr erzielte er 17 Tore in 21 Spielen. Abouchabaka war von der U16 bis zur U19 Junioren-Nationalspieler und unterschrieb im Mai 2018 seinen ersten Profi-Vertrag. Dann ging es bergab.<\/p>\n<p>Ausgeliehen nach F\u00fcrth (2018-2020) kam er in der dortigen Zweitliga-Mannschaft kaum zum Zug, sondern nur in der Regionalliga-Mannschaft auf Amateurebene. Anschlie\u00dfend wechselte er nach Portugal, zum Erstligisten Vitoria Guimares. Doch auch dort wurde er schnell in die zweite Mannschaft abgeschoben. Zusammen mit Yann-Aurel Bisseck, der inzwischen f\u00fcr Inter Mailand spielt und deutscher Nationalspieler ist. Abouchabaka hingegen hat die Profi-Karriere aufgegeben.<\/p>\n<p>\t\t\t\t\t<a name=\"articlesContList\/teaserbox\"\/><\/p>\n<p>\t\t\t\t\t<a name=\"articlesContList\/text_1361785619\"\/><br \/>\n\t\t\t\t\tDamir Bektic<\/p>\n<p>Er galt als eines der gr\u00f6\u00dften deutschen Mittelfeld-Talente seiner Generation: Geboren 1997 erhielt Damir Bektic seine fu\u00dfballerische Ausbildung bei Hertha BSC, wo er 2015 mit der U19 den DFB-Junioren-Pokal gewann. Ein Jahr zuvor wurde ihm die Fritz-Walter-Medaille in Silber verliehen, die die besten Spieler eines Jahrgangs ehrt. Zu der Zeit war der technisch versierte Mittelfeldspieler ein absoluter Fixpunkt in der deutschen U17-Nationalmannschaft.<\/p>\n<p>Nach dem Wechsel in den Herrenbereich spielte Bektic f\u00fcr Hertha BSC II in der Regionalliga, bevor er 2018 zur zweiten Mannschaft von Werder Bremen in die 3. Liga wechselte. Dort kam er allerdings nur zu einem Kurzeinsatz, bevor er zum FC St. Pauli II und anschlie\u00dfend zu Energie Cottbus wechselte. Ab 2020 lief er f\u00fcr den SV Tasmania Berlin auf, wo er nach mehreren schweren Verletzungen 2022 seine aktive Karriere beendete und ins Trainerteam wechselte.<\/p>\n<p>\t\t\t\t\t<a name=\"articlesContList\/text_23829527\"\/><br \/>\n\t\t\t\t\tLeander Siemann<\/p>\n<p>Eigentlich, so der Wunsch der Eltern, soll der 1995 geborene Abwehrspieler Leander Siemann einfach nur ein schulisches Austauschjahr in England absolvieren. Papa Joachim, ein Kardiologe, organisiert daher ein Probetraining beim Weltklasse-Klub Arsenal London. Siemann \u00fcberzeugt, soll von 2011 an aber gleich f\u00fcr drei Jahre unterschreiben. Hertha kassiert eine circa eine Viertelmillion Euro Abl\u00f6se.<\/p>\n<p>Doch der erst 15-J\u00e4hrige, der einst beim BFC Preu\u00dfen mit dem Fu\u00dfball begann, fremdelt in der englischen Hauptstadt und sagt dem <a href=\"https:\/\/www.tagesspiegel.de\/sport\/der-schwierige-weg-zum-fussballprofi-3580075.html\" target=\"_blank\" rel=\"nofollow noopener\">Berliner &#8222;Tagesspiegel&#8220;<\/a> im Jahr 2014: &#8222;Im R\u00fcckblick war es f\u00fcr mich zu fr\u00fch.&#8220; Und: &#8222;Es ist schon professioneller und kein Spa\u00df mehr.&#8220; Zwar schafft er immerhin sein Abitur und spielt regelm\u00e4\u00dfig in den Nachwuchsteams des mit Talenten aus aller Welt gespickten Klubs. F\u00fcr die erste Mannschaft aber reicht es nicht.<\/p>\n<p>2014 geht Leander Siemann zum FC Porto, noch so ein gigantischer Klub. Dort kommt er auf vier Spiele in der zweiten Mannschaft. Nach einem Jahr Vereinslosigkeit geht es von 2018 an \u00fcber die Regionalligisten 1. FC K\u00f6ln II und Berliner AK zum Drittliga-Aufsteiger SC Verl. Nach nur sieben Minuten in der Liga wird sein Vertrag nicht mehr verl\u00e4ngert. Aktuell gilt Siemann mit 29 Jahren als vereinslos.<\/p>\n<p>\t\t\t\t\t<a name=\"articlesContList\/teaserbox_1475988083\"\/><\/p>\n<p>\t\t\t\t\t<a name=\"articlesContList\/text\"\/><br \/>\n\t\t\t\t\tAnthony Syhre<\/p>\n<p>Noch ein Verteidiger aus der Hertha-Jugend, der die ihm angedachte, ganz gro\u00dfe Karriere dann doch nicht gemacht hat: 1995 geboren spielte der B-Juniorenmeister Anthony Syhre von 2012 und U19-Europameister von 2014 zun\u00e4chst f\u00fcr den Nordberliner SC und den SC Heiligensee, ehe es zur Hertha ging. Dort war er bereits von 2012 an Teil der zweiten Mannschaft. 2013 schlie\u00dflich wurde er mit der Fritz-Walter-Medaille in Bronze ausgezeichnet. 2015 folgte der Wechsel zum VfL Osnabr\u00fcck in die 3. Liga, wo er sein Profideb\u00fct gab.<\/p>\n<p>Nach zwei Jahren schloss sich Syhre den W\u00fcrzburger Kickers an, ehe er 2019 zum niederl\u00e4ndischen Erstligisten Fortuna Sittard wechselte, dort aber verletzungsbedingt nur ein Spiel absolvierte. Es folgten Stationen beim Halleschen FC, FSV Zwickau, Greifswalder FC und der SpVgg Bayreuth. 2024 wechselte er zum SV Horn in die \u00f6sterreichische 2. Liga. Seit diesem Sommer ist der inzwischen 30-J\u00e4hrige vereinslos.<\/p>\n<p>\t\t\t\t\t<a name=\"articlesContList\/text_1177324698\"\/><br \/>\n\t\t\t\t\tGedion Zelalem<\/p>\n<p>Auch der 1998 geborene Mittelfeldspieler Gedion Zelalem lief nach seinen Anf\u00e4ngen beim BFC Germania 1888 zwischen 2003 und 2006 f\u00fcr die Hertha auf, zog dann aber 2007 mit seiner Familie in die USA. Dem Fu\u00dfball blieb der Sohn \u00e4thiopischer Eltern auch in Amerika treu. Bei einem Turnier in Dallas wurde er dann von einem Scout des FC Arsenal entdeckt. Doch anders als Leander Siemann schaffte es Zelalem bis zu den Profis, spielte im englischen Pokal und im Dezember 2014 sogar in der Champions League.<\/p>\n<p>Der ansonsten eher n\u00fcchterne <a href=\"https:\/\/www.theguardian.com\/football\/2014\/jan\/24\/gedion-zelalem-arsenal-next-fabregas\" target=\"_blank\" rel=\"nofollow noopener\">&#8222;Guardian&#8220;<\/a> schrieb vom &#8222;Wunderkind&#8220;, dem &#8222;die Welt zu F\u00fc\u00dfen&#8220; liege. Doch statt Traum-Karriere bei Arsenal folgte ein Leben als Globetrotter. Die Stationen seit 2015: Glasgow Rangers, VVV Venlo, Kansas City, Swope Park, New York City, FC Den Bosch, NK Lokomotiva, New Mexiko United. Beim amerikanischen Zweitligisten ist der inzwischen 28-J\u00e4hrige aktuell immerhin Stammspieler.<\/p>\n<p>\t\t\t\t\t<a name=\"articlesContList\/text_1\"\/><\/p>\n<p>Sendung: rbb|24 Inforadio, 11.07.2025, 22:15 Uhr<\/p>\n<p class=\"textblock\">Beitrag von Ilja Behnisch<\/p>\n<p><a class=\"ico ico_arrow_wide_up\" title=\"An den Anfang\" href=\"#top\">  <\/a><\/p>\n","protected":false},"excerpt":{"rendered":"Fu\u00dfball &#8211; F\u00fcnf vergessene Berliner Talente und was aus ihnen wurde Sa 12.07.25 | 10:06 Uhr | Von&hellip;\n","protected":false},"author":2,"featured_media":262775,"comment_status":"","ping_status":"","sticky":false,"template":"","format":"standard","meta":{"footnotes":""},"categories":[1825],"tags":[1941,1939,296,1937,29,30,1940,1938],"class_list":{"0":"post-262774","1":"post","2":"type-post","3":"status-publish","4":"format-standard","5":"has-post-thumbnail","7":"category-berlin","8":"tag-aktuelle-nachrichten-aus-berlin","9":"tag-aktuelle-news-aus-berlin","10":"tag-berlin","11":"tag-berlin-news","12":"tag-deutschland","13":"tag-germany","14":"tag-nachrichten-aus-berlin","15":"tag-news-aus-berlin"},"share_on_mastodon":{"url":"https:\/\/pubeurope.com\/@de\/114840903862295731","error":""},"_links":{"self":[{"href":"https:\/\/www.europesays.com\/de\/wp-json\/wp\/v2\/posts\/262774","targetHints":{"allow":["GET"]}}],"collection":[{"href":"https:\/\/www.europesays.com\/de\/wp-json\/wp\/v2\/posts"}],"about":[{"href":"https:\/\/www.europesays.com\/de\/wp-json\/wp\/v2\/types\/post"}],"author":[{"embeddable":true,"href":"https:\/\/www.europesays.com\/de\/wp-json\/wp\/v2\/users\/2"}],"replies":[{"embeddable":true,"href":"https:\/\/www.europesays.com\/de\/wp-json\/wp\/v2\/comments?post=262774"}],"version-history":[{"count":0,"href":"https:\/\/www.europesays.com\/de\/wp-json\/wp\/v2\/posts\/262774\/revisions"}],"wp:featuredmedia":[{"embeddable":true,"href":"https:\/\/www.europesays.com\/de\/wp-json\/wp\/v2\/media\/262775"}],"wp:attachment":[{"href":"https:\/\/www.europesays.com\/de\/wp-json\/wp\/v2\/media?parent=262774"}],"wp:term":[{"taxonomy":"category","embeddable":true,"href":"https:\/\/www.europesays.com\/de\/wp-json\/wp\/v2\/categories?post=262774"},{"taxonomy":"post_tag","embeddable":true,"href":"https:\/\/www.europesays.com\/de\/wp-json\/wp\/v2\/tags?post=262774"}],"curies":[{"name":"wp","href":"https:\/\/api.w.org\/{rel}","templated":true}]}}