{"id":262778,"date":"2025-07-12T15:12:15","date_gmt":"2025-07-12T15:12:15","guid":{"rendered":"https:\/\/www.europesays.com\/de\/262778\/"},"modified":"2025-07-12T15:12:15","modified_gmt":"2025-07-12T15:12:15","slug":"tausende-feiern-bei-party-demo-in-berlin","status":"publish","type":"post","link":"https:\/\/www.europesays.com\/de\/262778\/","title":{"rendered":"Tausende feiern bei Party-Demo in Berlin"},"content":{"rendered":"<p>Vierte Ausgabe <\/p>\n<p>&#8222;Rave the Planet&#8220;: Techno-Spektakel zieht Tausende Feiernde an<\/p>\n<p>12.07.2025 &#8211; 17:00 UhrLesedauer: 1 Min.<\/p>\n<p><a href=\"#focus-0\" class=\"transition-colors duration-200 focus-within:text-magenta block text-current relative\" data-sctrack=\"FocusGalleryImage.Reference\"><img fetchpriority=\"high\" data-testid=\"Opener.Image\" style=\"--lqipURL:url('https:\/\/images.t-online.de\/2025\/07\/b5EgKgQEyEtz\/0x215:2048x1152\/fit-in\/150x0\/filters:blur(25)\/teilnehmer-von-rave-the-planet-berlin-wird-erneut-zum-anziehungspunkt-fuer-die-techno-szene.jpg')\"   loading=\"eager\" src=\"https:\/\/www.europesays.com\/de\/wp-content\/uploads\/2025\/07\/teilnehmer-von-rave-the-planet-berlin-wird-erneut-zum-anziehungspunkt-fuer-die-techno-szene.jpg\" alt=\"Teilnehmer von &quot;Rave the Planet&quot;: Berlin wird erneut zum Anziehungspunkt f\u00fcr die Techno-Szene.\" title=\"Teilnehmer von &quot;Rave the Planet&quot;: Berlin wird erneut zum Anziehungspunkt f\u00fcr die Techno-Szene.\" width=\"2048\" height=\"1152\" class=\"bg-[url:var(--lqipURL)] bg-cover bg-center flex h-full w-full max-w-full\" decoding=\"async\"\/><img style=\"--width:32;--height:32\" loading=\"lazy\" src=\"https:\/\/www.t-online.de\/s\/paper\/_next\/static\/media\/zoom-in.f7dae02f.svg\" alt=\"Vergr\u00f6\u00dfern des Bildes\" title=\"Vergr\u00f6\u00dfern des Bildes\" class=\"block h-[calc(var(--height)_\/_16_*_1rem)] w-[calc(var(--width)_\/_16_*_1rem)] max-w-none absolute bottom-8 right-8 rounded-4 bg-snow p-8\" decoding=\"async\"\/><\/a><\/p>\n<p>Teilnehmer von &#8222;Rave the Planet&#8220;: Berlin wird erneut zum Anziehungspunkt f\u00fcr die Techno-Szene. (Quelle: Nadja Wohlleben)<\/p>\n<p class=\"font-bold text-18 leading-17\">Tausende Menschen feiern bei einer Party-Demo in Berlin, die an die fr\u00fchere Loveparade erinnert. Die Veranstalter wollen auch ein Zeichen setzen.<\/p>\n<p class=\"text-18 leading-17\">Die vierte Ausgabe der Techno-Parade &#8222;Rave the Planet&#8220; zieht durch den Berliner Tiergarten und lockt Tausende Feiernde an. Laut dpa-Reportern tanzen die Menschen ausgelassen auf der Stra\u00dfe des 17. Juni zwischen dem <a class=\"transition-colors duration-200 cursor-pointer text-inherit no-underline text-salemsfur md:hover:text-magenta md:hover:border-magenta md:focus:text-magenta border-current border-b border-solid break-words\" href=\"https:\/\/www.t-online.de\/themen\/brandenburger-tor\/\" data-sctrack=\"BodyAnchor\" target=\"_blank\" rel=\"noopener\">Brandenburger Tor<\/a> und der Siegess\u00e4ule. Die Polizei machte dazu keine offiziellen Angaben. Insgesamt 35 Wagen \u2013 sogenannte Floats \u2013 sollten laut Veranstalter zun\u00e4chst die Siegess\u00e4ule umrunden und anschlie\u00dfend zur\u00fcck zum Pariser Platz am Brandenburger Tor rollen. Rund 290 K\u00fcnstlerinnen und K\u00fcnstler sind mit dabei.<\/p>\n<p class=\"text-18 leading-17\">Die Veranstalter rund um Loveparade-Gr\u00fcnder Dr. Motte rechneten wie schon im vergangenen Jahr mit etwa 300.000 Besucherinnen und Besuchern. Zum Auftakt herrschte auf der Strecke im Tiergarten bei regnerischem <a class=\"transition-colors duration-200 cursor-pointer text-inherit no-underline text-salemsfur md:hover:text-magenta md:hover:border-magenta md:focus:text-magenta border-current border-b border-solid break-words\" href=\"https:\/\/www.t-online.de\/wetter\" data-sctrack=\"BodyAnchor\" target=\"_blank\" rel=\"noopener\">Wetter<\/a> noch reichlich Platz. Das Techno-Spektakel soll jedoch bis in die sp\u00e4ten Abendstunden andauern.<\/p>\n<p class=\"text-18 leading-17\">Nach Angaben der Polizei begleiten rund 1.000 Beamtinnen und Beamte die Parade. Dar\u00fcber hinaus sind laut Veranstalter etwa 600 Sicherheitskr\u00e4fte sowie bis zu 300 Sanit\u00e4ter und Helfer im Einsatz.<\/p>\n<p class=\"text-18 leading-17\">Neben dem Techno-Event wird auch andernorts in der Hauptstadt gefeiert: Auf dem Olympiagel\u00e4nde in Westend findet das Lollapalooza-Festival statt, zu dem ebenfalls Tausende Musikfans erwartet werden. Zudem gastiert die Formel E an diesem Wochenende auf dem ehemaligen Flughafengel\u00e4nde in Tempelhof, wo heute und morgen Rennen ausgetragen werden.<\/p>\n<p class=\"text-18 leading-17\">Die Verkehrsinformationszentrale warnte aufgrund der vielen Veranstaltungen vor Verkehrsbehinderungen und riet dazu, auf \u00f6ffentliche Verkehrsmittel umzusteigen. Allerdings k\u00f6nne es auch dort wegen der Anreise der zahlreichen Besucher zu Einschr\u00e4nkungen kommen.<\/p>\n","protected":false},"excerpt":{"rendered":"Vierte Ausgabe &#8222;Rave the Planet&#8220;: Techno-Spektakel zieht Tausende Feiernde an 12.07.2025 &#8211; 17:00 UhrLesedauer: 1 Min. Teilnehmer von&hellip;\n","protected":false},"author":2,"featured_media":262779,"comment_status":"","ping_status":"","sticky":false,"template":"","format":"standard","meta":{"footnotes":""},"categories":[1825],"tags":[722,296,8482,29,30,79415,32771,121],"class_list":{"0":"post-262778","1":"post","2":"type-post","3":"status-publish","4":"format-standard","5":"has-post-thumbnail","7":"category-berlin","8":"tag-722","9":"tag-berlin","10":"tag-brandenburger-tor","11":"tag-deutschland","12":"tag-germany","13":"tag-loveparade","14":"tag-pariser-platz","15":"tag-polizei"},"share_on_mastodon":{"url":"https:\/\/pubeurope.com\/@de\/114840912413679360","error":""},"_links":{"self":[{"href":"https:\/\/www.europesays.com\/de\/wp-json\/wp\/v2\/posts\/262778","targetHints":{"allow":["GET"]}}],"collection":[{"href":"https:\/\/www.europesays.com\/de\/wp-json\/wp\/v2\/posts"}],"about":[{"href":"https:\/\/www.europesays.com\/de\/wp-json\/wp\/v2\/types\/post"}],"author":[{"embeddable":true,"href":"https:\/\/www.europesays.com\/de\/wp-json\/wp\/v2\/users\/2"}],"replies":[{"embeddable":true,"href":"https:\/\/www.europesays.com\/de\/wp-json\/wp\/v2\/comments?post=262778"}],"version-history":[{"count":0,"href":"https:\/\/www.europesays.com\/de\/wp-json\/wp\/v2\/posts\/262778\/revisions"}],"wp:featuredmedia":[{"embeddable":true,"href":"https:\/\/www.europesays.com\/de\/wp-json\/wp\/v2\/media\/262779"}],"wp:attachment":[{"href":"https:\/\/www.europesays.com\/de\/wp-json\/wp\/v2\/media?parent=262778"}],"wp:term":[{"taxonomy":"category","embeddable":true,"href":"https:\/\/www.europesays.com\/de\/wp-json\/wp\/v2\/categories?post=262778"},{"taxonomy":"post_tag","embeddable":true,"href":"https:\/\/www.europesays.com\/de\/wp-json\/wp\/v2\/tags?post=262778"}],"curies":[{"name":"wp","href":"https:\/\/api.w.org\/{rel}","templated":true}]}}