{"id":262782,"date":"2025-07-12T15:14:13","date_gmt":"2025-07-12T15:14:13","guid":{"rendered":"https:\/\/www.europesays.com\/de\/262782\/"},"modified":"2025-07-12T15:14:13","modified_gmt":"2025-07-12T15:14:13","slug":"formel-e-in-berlin-besonderes-erlebnis-fuer-deutschen-star-alica-schmidt-motorsport","status":"publish","type":"post","link":"https:\/\/www.europesays.com\/de\/262782\/","title":{"rendered":"Formel E in Berlin: Besonderes Erlebnis f\u00fcr deutschen Star Alica Schmidt | Motorsport"},"content":{"rendered":"<p><b>Freude bei den Fans in Berlin \u00fcber den Besuch einer deutschen Star-L\u00e4uferin beim E-Prix auf dem Tempelhofer Feld!<\/b><\/p>\n<p>Der alte Flughafen der deutschen Hauptstadt wird heute und morgen als Rennstrecke genutzt \u2013 die Formel E ist zu Gast in Berlin. Nissan-Pilot Oliver Rowland (32) kann sich den Titel sichern, aber auch abseits der Strecke wird es spannend.<\/p>\n<p>Lesen Sie auch<\/p>\n<p>Leichtathletin <a href=\"https:\/\/sportbild.bild.de\/motorsport\/promi-besuch-in-berlin-alica-schmidt-und-stefanie-giesinger-besuchen-e-prix-68667c42aa0dfb270f804d2c\" class=\"text-link\" target=\"_blank\" rel=\"noopener\">Alica Schmidt<\/a> (26) schaut zu. Die Olympia-Teilnehmerin von 2024 war schon einmal zu Gast bei der Formel E. Wie 2023 besucht sie auch dieses Mal in Berlin die Box von Porsche \u2013 l\u00e4sst sich dort die Technik zeigen.<\/p>\n<p><b>Schmidt zu BILD:<\/b> \u201eAls Sportlerin ist es immer toll, auch andere Sportarten zu verfolgen. Ich freue mich sehr darauf, das Rennen heute live anzuschauen.\u201c<\/p>\n<p>Porsche ist ein offizieller Partner der deutschen Athletin. Sie selbst f\u00e4hrt einen elektrischen Macan.<\/p>\n<p><b>Vor dem Rennen gibt es ein besonderes Erlebnis f\u00fcr Schmidt! Sie darf mit dem amtierenden Weltmeister <\/b><a href=\"https:\/\/sportbild.bild.de\/motorsport\/berlin-e-prix-bittere-strafe-fuer-wehrlein-nach-crash-mit-teamkollegen-687208f376c936104ca789be\" class=\"text-link\" target=\"_blank\" rel=\"noopener\"><b>Pascal Wehrlein<\/b><\/a><b> (30), der am Freitag f\u00fcr viel Aufregung mit seinem Crash mit Porsche-Teamkollege Antonio Felix da Costa gesorgt hat, im Safety-Car \u00fcber die Strecke rasen. Schmidt begeistert: \u201eDas war so schnell und aufregend, es hat total Spa\u00df gemacht.\u201c<\/b><\/p>\n<p>Sie ist erst 20: Dieses Team verpflichtet MEGA-Talent<a href=\"https:\/\/www.bild.de\/sport\/mehr-sport\/bianca-bustamante-begeistert-formel-e-team-holt-motorsport-talent-68514601130760260040d7a4\" class=\"anchor\" target=\"_blank\" rel=\"noopener\"><img decoding=\"async\" width=\"992\" height=\"558\" alt=\"Bianca Bustamante begeistert: Formel-E-Team holt Motorsport-Talent\" src=\"https:\/\/www.europesays.com\/de\/wp-content\/uploads\/2025\/07\/50ac91bb4cab093f6952da07cc7e5fef,363c9d8\"   class=\"landscape teaser__image\" loading=\"lazy\"\/><\/a><\/p>\n<p>Quelle: BILD\/Instagram @biaracing\/YouTube @McLaren17.06.2025<\/p>\n<p>Die Leichtathletin war bei Olympia 2024 in Paris Teil der 4x400m-Staffel und 4&#215;400-m-Mixed-Staffel. Ende 2024 entschied sie sich jedoch dazu, sich prim\u00e4r auf 800-Meter-Rennen zu fokussieren. In dieser neuen Disziplin will sie sich etablieren \u2013 mit dem langfristigen Ziel Olympia 2028 in Los Angeles.<\/p>\n<p><b>Schmidt ist zudem in den sozialen Medien ein Star. Sie hat auf Instagram rund 5,6 Millionen Follower, ist des Weiteren auch immer wieder als Model aktiv.<\/b><\/p>\n<p>Und interessiert sich auch f\u00fcr die <a href=\"https:\/\/sportbild.bild.de\/motorsport\/formel-e-xZ6paNRo1mqkb8aUrUpK\" class=\"text-link\" target=\"_blank\" rel=\"noopener\">Formel E<\/a>!<\/p>\n<p><b>Wichtig f\u00fcr alle Motorsport-Fans: Der deutsche Sender DF1 zeigt auch dieses Saison ALLE 16 Rennen und Qualifyings der Formel E im Free-TV und im Livestream auf df1.de. Zus\u00e4tzliche Video-Berichterstattung und Livestreams der Freien Trainings liefert die Formel E auf ihrem offiziellen YouTube-Kanal.<\/b><\/p>\n","protected":false},"excerpt":{"rendered":"Freude bei den Fans in Berlin \u00fcber den Besuch einer deutschen Star-L\u00e4uferin beim E-Prix auf dem Tempelhofer Feld!&hellip;\n","protected":false},"author":2,"featured_media":262783,"comment_status":"","ping_status":"","sticky":false,"template":"","format":"standard","meta":{"footnotes":""},"categories":[1825],"tags":[296,29,39113,30,11270,74969,1575,14056,74968,79584],"class_list":{"0":"post-262782","1":"post","2":"type-post","3":"status-publish","4":"format-standard","5":"has-post-thumbnail","7":"category-berlin","8":"tag-berlin","9":"tag-deutschland","10":"tag-formel-e","11":"tag-germany","12":"tag-germanys-next-topmodel","13":"tag-giesinger-stefanie","14":"tag-motorsport","15":"tag-porsche","16":"tag-schmidt-alica","17":"tag-spobi-formel-e"},"share_on_mastodon":{"url":"","error":""},"_links":{"self":[{"href":"https:\/\/www.europesays.com\/de\/wp-json\/wp\/v2\/posts\/262782","targetHints":{"allow":["GET"]}}],"collection":[{"href":"https:\/\/www.europesays.com\/de\/wp-json\/wp\/v2\/posts"}],"about":[{"href":"https:\/\/www.europesays.com\/de\/wp-json\/wp\/v2\/types\/post"}],"author":[{"embeddable":true,"href":"https:\/\/www.europesays.com\/de\/wp-json\/wp\/v2\/users\/2"}],"replies":[{"embeddable":true,"href":"https:\/\/www.europesays.com\/de\/wp-json\/wp\/v2\/comments?post=262782"}],"version-history":[{"count":0,"href":"https:\/\/www.europesays.com\/de\/wp-json\/wp\/v2\/posts\/262782\/revisions"}],"wp:featuredmedia":[{"embeddable":true,"href":"https:\/\/www.europesays.com\/de\/wp-json\/wp\/v2\/media\/262783"}],"wp:attachment":[{"href":"https:\/\/www.europesays.com\/de\/wp-json\/wp\/v2\/media?parent=262782"}],"wp:term":[{"taxonomy":"category","embeddable":true,"href":"https:\/\/www.europesays.com\/de\/wp-json\/wp\/v2\/categories?post=262782"},{"taxonomy":"post_tag","embeddable":true,"href":"https:\/\/www.europesays.com\/de\/wp-json\/wp\/v2\/tags?post=262782"}],"curies":[{"name":"wp","href":"https:\/\/api.w.org\/{rel}","templated":true}]}}