{"id":262784,"date":"2025-07-12T15:15:16","date_gmt":"2025-07-12T15:15:16","guid":{"rendered":"https:\/\/www.europesays.com\/de\/262784\/"},"modified":"2025-07-12T15:15:16","modified_gmt":"2025-07-12T15:15:16","slug":"jennifer-aniston-jetzt-ist-es-raus-sie-soll-einen-neuen-partner-haben","status":"publish","type":"post","link":"https:\/\/www.europesays.com\/de\/262784\/","title":{"rendered":"Jennifer Aniston: Jetzt ist es raus! Sie soll einen neuen Partner haben"},"content":{"rendered":"<p>Jennifer Aniston<br \/>\nJetzt ist es offiziell! Sie soll einen neuen Partner haben <\/p>\n<p><img class=\"image image-element__image\"   src=\"https:\/\/www.europesays.com\/de\/wp-content\/uploads\/2025\/07\/jennifer-aniston-neu.jpg\" alt=\"Jennifer Aniston\" decoding=\"async\" fetchpriority=\"high\" loading=\"eager\"\/><br \/>\n<a href=\"https:\/\/image.gala.de\/24416760\/t\/xA\/v4\/w2048\/r1.5\/-\/jennifer-aniston-neu.jpg#James%20Devaney%20%2F%20Getty%20Images\" class=\"image__magnifier\" aria-label=\"Vergr\u00f6\u00dfern\" rel=\"nofollow noopener\" target=\"_blank\"><\/p>\n<p>\u00a9 James Devaney \/ Getty Images<\/p>\n<p><img class=\"image authors__image\"   src=\"https:\/\/www.europesays.com\/de\/wp-content\/uploads\/2025\/04\/julia-koschel.jpg\" alt=\"Julia Koschel\" decoding=\"async\" fetchpriority=\"auto\" loading=\"lazy\"\/><\/p>\n<p>\nZun\u00e4chst wurde nur spekuliert, aber nun scheint es ernst zu sein! Jennifer Aniston wurde H\u00e4ndchen haltend mit einem jetzt nicht mehr ganz so unbekannten Mann gesichtet und er soll sogar ihr neuer Partner sein. <\/p>\n<p class=\"text-element u-richtext u-typo u-typo--article-text article__text-element text-element--context-article\"> <a class=\"link--person\" data-target-type=\"article\" href=\"https:\/\/www.gala.de\/stars\/starportraets\/jennifer-aniston-20510962.html\" rel=\"nofollow noopener\" target=\"_blank\">Jennifer<\/a> Anistons, 56, Liebesleben ist bisher leider nicht ansatzweise so erfolgreich wie ihre berufliche Laufbahn. Nach gescheiterten Ehen mit <a class=\"link--person\" data-target-type=\"article\" href=\"https:\/\/www.gala.de\/stars\/starportraets\/brad-pitt-20517996.html\" rel=\"nofollow noopener\" target=\"_blank\">Brad Pitt<\/a>, 61, und <a class=\"link--person\" data-target-type=\"article\" href=\"https:\/\/www.gala.de\/stars\/starportraets\/justin-theroux-20609064.html\" rel=\"nofollow noopener\" target=\"_blank\">Justin Theroux<\/a>, 53, ist es beziehungstechnisch ruhig geworden. Dann \u00e4nderte es sich pl\u00f6tzlich und sie wurde um den 4. Juli mit einem neuen Mann gesichtet und die Spekulationen fingen an. Jetzt scheint aus der Spekulation ein Fakt zu werden, <a class=\"link--external\" href=\"https:\/\/www.dailymail.co.uk\/tvshowbiz\/article-14898011\/jennifer-aniston-romance-hypnotist-jim-curtis-insider-perfect-match.html\" rel=\"nofollow noopener\" target=\"_blank\">denn auf Fotos, die der &#8222;DailyMail&#8220; vorliegen, ist die Schauspielerin innig mit einem Mann zu sehen.<\/a><\/p>\n<p>Jennifer Aniston genie\u00dft die Zweisamkeit<\/p>\n<p class=\"text-element u-richtext u-typo u-typo--article-text article__text-element text-element--context-article\"> Die neuesten Aufnahmen zeigen die &#8222;Friends&#8220;-Darstellerin noch immer auf Mallorca. Auf einer Jacht sucht sie die N\u00e4he zu dem Mann, der sich als Jim Curtis entpuppt hat. Sie nimmt seine Hand, setzt sich eng neben ihn, er streichelt ihr durch das Haar \u2013 die beiden wirken vertraut miteinander.\u00a0<\/p>\n<p class=\"text-element u-richtext u-typo u-typo--article-text article__text-element text-element--context-article\"> Eine Quelle geht gegen\u00fcber der Nachrichtenseite sogar noch einen Schritt weiter und erkl\u00e4rt: &#8222;Jennifer ist mit Jim zusammen und sehr gl\u00fccklich, aber im Moment l\u00e4sst sie es noch langsam angehen.&#8220; Das scheint ernster zu sein, als zun\u00e4chst angenommen. Jedoch haben sich beide Seiten noch nicht offiziell zum Liebesgl\u00fcck ge\u00e4u\u00dfert. Der Insider ist sich dennoch sicher, dass sich hier zwei besondere Menschen gefunden haben. &#8222;Es war ein Treffen der Geister. Jen f\u00fchlt sich Jim sehr verbunden, da sie im Gegensatz zu einigen ihrer fr\u00fcheren Verehrer \u00fcber die gleiche emotionale Intelligenz verf\u00fcgen.&#8220; Es bleibt spannend, wie es sich zwischen den beiden weiterhin entwickelt.<\/p>\n<p>Liebesurlaub mit ihrem neuen Partner?  <\/p>\n<p class=\"text-element u-richtext u-typo u-typo--article-text article__text-element text-element--context-article\"> Anfangs ging es nur um das Wochenende des 4. Julis \u2013 dem Nationalfeiertag der US-Amerikaner:innen. Diesen verbrachte die beliebte Schauspielerin mit Freund:innen im Urlaub. An ihrer Seite war dabei nicht nur ihr langj\u00e4hriger, guter Freund <a class=\"link--person\" data-target-type=\"article\" href=\"https:\/\/www.gala.de\/stars\/starportraets\/jason-bateman-20598748.html\" rel=\"nofollow noopener\" target=\"_blank\">Jason Bateman<\/a>, 56, sondern auch der Buchautor und selbsternannte &#8222;Transformationscoach und Hypnotherapeut&#8220;. Wie &#8222;Daily Mail&#8220; schrieb, geh\u00f6rt der Hollywoodstar seit gut zwei Jahren zur Follower:innenschaft des Mannes, der mit Affirmationen und Lesetipps rund 550.000 Fans auf Instagram verzeichnet. Tats\u00e4chlich likte Aniston so ziemlich alle seine j\u00fcngeren Posts, unter anderem auch jenen, zu dem Curtis in die Caption schreibt: &#8222;Wiederholen Sie diese Affirmation, um nach einer Scheidung, Trennung oder schwierigen Beziehung zu heilen und sich zu erholen, und beginnen Sie, die neue, kraftvolle, gesunde und g\u00f6ttliche Liebe heraufzubeschw\u00f6ren.&#8220;<\/p>\n<p class=\"text-element u-richtext u-typo u-typo--article-text article__text-element text-element--context-article\"> Paparazzi jedenfalls h\u00e4tten schon zu diesem Zeitpunkt laut &#8222;Daily Mail&#8220; beobachtet, wie die Schauspielerin ihren vermeintlich neuen Partner &#8222;mit Begeisterung&#8220; ihrem Freundeskreis vorgestellt habe, bevor alle zusammen in einen Bus stiegen, um einen gemeinsamen Ausflug zu unternehmen. Doch der Trip nach Mallorca ist nicht das erste Mal, dass man die beiden zusammen gesehen hat. Bereits im Juni wurden sie in Kalifornien vor einem Luxushotel gesichtet. Diese Sichtungen folgten zahlreiche digitalen &#8222;\u00dcberschneidungen&#8220;, etwa als sie im Mai sein Buch &#8222;Shift&#8220; in ihre virtuelle Leseliste aufnahm.<\/p>\n<p class=\"text-element u-richtext u-typo u-typo--article-text article__text-element text-element--context-article\"> Verwendete Quelle: dailymail.co.uk<\/p>\n<p>\nGala\n<\/p>\n<p>#Themen<\/p>\n","protected":false},"excerpt":{"rendered":"Jennifer Aniston Jetzt ist es offiziell! Sie soll einen neuen Partner haben \u00a9 James Devaney \/ Getty Images&hellip;\n","protected":false},"author":2,"featured_media":262785,"comment_status":"","ping_status":"","sticky":false,"template":"","format":"standard","meta":{"footnotes":""},"categories":[1776],"tags":[1801,29,214,30,1802,215],"class_list":{"0":"post-262784","1":"post","2":"type-post","3":"status-publish","4":"format-standard","5":"has-post-thumbnail","7":"category-prominente","8":"tag-celebrities","9":"tag-deutschland","10":"tag-entertainment","11":"tag-germany","12":"tag-prominente","13":"tag-unterhaltung"},"share_on_mastodon":{"url":"https:\/\/pubeurope.com\/@de\/114840923336459934","error":""},"_links":{"self":[{"href":"https:\/\/www.europesays.com\/de\/wp-json\/wp\/v2\/posts\/262784","targetHints":{"allow":["GET"]}}],"collection":[{"href":"https:\/\/www.europesays.com\/de\/wp-json\/wp\/v2\/posts"}],"about":[{"href":"https:\/\/www.europesays.com\/de\/wp-json\/wp\/v2\/types\/post"}],"author":[{"embeddable":true,"href":"https:\/\/www.europesays.com\/de\/wp-json\/wp\/v2\/users\/2"}],"replies":[{"embeddable":true,"href":"https:\/\/www.europesays.com\/de\/wp-json\/wp\/v2\/comments?post=262784"}],"version-history":[{"count":0,"href":"https:\/\/www.europesays.com\/de\/wp-json\/wp\/v2\/posts\/262784\/revisions"}],"wp:featuredmedia":[{"embeddable":true,"href":"https:\/\/www.europesays.com\/de\/wp-json\/wp\/v2\/media\/262785"}],"wp:attachment":[{"href":"https:\/\/www.europesays.com\/de\/wp-json\/wp\/v2\/media?parent=262784"}],"wp:term":[{"taxonomy":"category","embeddable":true,"href":"https:\/\/www.europesays.com\/de\/wp-json\/wp\/v2\/categories?post=262784"},{"taxonomy":"post_tag","embeddable":true,"href":"https:\/\/www.europesays.com\/de\/wp-json\/wp\/v2\/tags?post=262784"}],"curies":[{"name":"wp","href":"https:\/\/api.w.org\/{rel}","templated":true}]}}