{"id":262792,"date":"2025-07-12T15:19:20","date_gmt":"2025-07-12T15:19:20","guid":{"rendered":"https:\/\/www.europesays.com\/de\/262792\/"},"modified":"2025-07-12T15:19:20","modified_gmt":"2025-07-12T15:19:20","slug":"auch-ich-musste-mich-vor-lou-pearlman-%e2%80%a062-ausziehen","status":"publish","type":"post","link":"https:\/\/www.europesays.com\/de\/262792\/","title":{"rendered":"Auch ich musste mich vor Lou Pearlman\u00a0(\u202062) ausziehen!"},"content":{"rendered":"<p>\u201eIch muss eure Sixpacks checken\u201dNach Jay Khan packt jetzt auch Marc Terenzi \u00fcber Lou Pearlman aus<img alt=\"Nachdem die Hamburger Staatsanwaltschaft den S\u00e4nger zur Fahndung freigegeben hat, meldet sich Marc Terenzi auf Instagram zu Wort.\" loading=\"lazy\" width=\"940\" height=\"529\" decoding=\"async\" data-nimg=\"1\" class=\"Image_image__SdgLQ Picture_image__vGN9W\" style=\"color:transparent\"   src=\"https:\/\/www.europesays.com\/de\/wp-content\/uploads\/2025\/07\/nachdem-die-hamburger-staatsanwaltschaft-den-saenger-zur-fahndung-freigegeben-hat-meldet-sich-marc-t.webp\"\/><\/p>\n<p>Marc Terenzi war von 1999 bis 2004 Teil der Boyband \u201eNatural\u201d<\/p>\n<p>Imago<\/p>\n<p>12. Juli 2025 um 14:57 Uhr<\/p>\n<p class=\"Typography_text-default__wldUd Typography_align-left__koBUM AnnotatedMarkup_paragraph__IUT9l\"><strong>Ich musste mich vor Lou Pearlman (\u202062) ausziehen! <\/strong><br \/>Das sagt jetzt Marc Terenzi (47), nachdem k\u00fcrzlich bereits Jay Khan (43) dem Boyband-Manager sexuelle \u00dcbergriffe vorwarf. Was ist damals genau passiert?<\/p>\n<p>Massagen und Sixpack-Kontrollen<\/p>\n<p class=\"Typography_text-default__wldUd Typography_align-left__koBUM AnnotatedMarkup_paragraph__IUT9l\">Im Interview mit Bild erinnert sich <a href=\"https:\/\/www.rtl.de\/themen\/personen\/marc-terenzi-t7585.html\" target=\"_self\" rel=\"noopener\">Marc Terenzi<\/a> an seine Erlebnisse mit Lou Pearlman zur\u00fcck. <strong>\u201eEs gab bei uns \u00e4hnliche Situationen. Lou wollte von uns immer, dass wir unsere T-Shirts ausziehen. Pearlman sagte oft: \u201aIch muss eure Sixpacks checken.\u2018 Dann tastete er uns ab\u201d<\/strong>, behauptet der ehemalige \u201eNatural\u201d-S\u00e4nger: \u201eEr meinte auch manchmal: \u201aIch muss dir eine Massage geben. Du bist so verspannt.\u2018\u201c<\/p>\n<p><img alt=\"100771834.jpg\" loading=\"lazy\" width=\"940\" height=\"529\" decoding=\"async\" data-nimg=\"1\" class=\"Image_image__SdgLQ Picture_image__vGN9W\" style=\"color:transparent\"   src=\"https:\/\/www.europesays.com\/de\/wp-content\/uploads\/2025\/07\/100771834jpg.webp.webp\"\/><\/p>\n<p>Gesch\u00e4ftsmann und Musikmanager Lou Pearlman (3. v. l.) posiert neben Marc Terenzi (4. v. l.) mit der von ihm gemanagten Boyband \u201eNatural\u201d<\/p>\n<p>picture alliance \/ United Archives | Gabowicz<\/p>\n<p class=\"Typography_text-default__wldUd Typography_align-left__koBUM AnnotatedMarkup_paragraph__IUT9l\">In seiner Autobiografie \u201eTariq und ich: Lieben und L\u00fcgen meines Lebens\u201c <a href=\"https:\/\/www.rtl.de\/unterhaltung\/stars\/jay-khan-wirft-boyband-manager-lou-pearlman-sexuelle-uebergriffe-vor-dunkle-seite-id5547844.html\" target=\"_self\" rel=\"noopener\">enth\u00fcllt zun\u00e4chst Jay Khan schockierende Erlebnisse<\/a> \u00fcber den 2016 verstorbenen amerikanischen Unternehmer. <strong>\u201eDass Lou eine Vorliebe f\u00fcr junge M\u00e4nner hatte, war mir fr\u00fch klar\u201d<\/strong>, hei\u00dft es darin unter anderem. Der \u201eUS5\u201d-Star erz\u00e4hlt von einer Situation in Pearlmans Haus. Er soll ihn in sein Schlafzimmer gebeten haben \u2013 und dann sogar unter dem Vorwand eines Gespr\u00e4chs in sein Bett gelockt haben. Dann soll Pearlman ihn in den Schritt gefasst und seine Brust gek\u00fcsst haben.<\/p>\n<p>Video-Tipp: Jay Khan wirft Boyband-Manager Lou Pearlman sexuelle \u00dcbergriffe vor<\/p>\n<p>09:26 min<\/p>\n<p>&#8222;Dunkle Seite!&#8220;<\/p>\n<p>Jay Khan wirft Boyband-Manager Lou Pearlman sexuelle \u00dcbergriffe vor<\/p>\n<p>Anzeige:<\/p>\n<p>Empfehlungen unserer Partner<\/p>\n<p>Marc Terenzi: \u201eDamals war das irgendwie normal\u201d<\/p>\n<p class=\"Typography_text-default__wldUd Typography_align-left__koBUM AnnotatedMarkup_paragraph__IUT9l\">Bei Marc Terenzi ging der Entdecker von Boybands wie den \u201eBackstreet Boys\u201d und \u201e*NSYNC\u201d nicht ganz so weit: \u201eWahrscheinlich war ich nicht sein Typ. <strong>Heute sind solche \u00dcbergriffe undenkbar und absto\u00dfend. Es klingt verr\u00fcckt, aber damals war das irgendwie normal.\u201d<\/strong><\/p>\n<p class=\"Typography_text-default__wldUd Typography_align-left__koBUM AnnotatedMarkup_paragraph__IUT9l\"><strong>Lese-Tipp: <\/strong><a href=\"https:\/\/www.rtl.de\/unterhaltung\/stars\/marc-terenzi-jay-khan-beendet-freundschaft-nach-20-jahren-id1789697.html\" target=\"_self\" rel=\"noopener\">Mit Marc Terenzi befreundet? Von wegen! Jay Khan spricht Klartext<\/a><\/p>\n<p class=\"Typography_text-default__wldUd Typography_align-left__koBUM AnnotatedMarkup_paragraph__IUT9l\">Lou Pearlman ist seit 2016 tot. Er starb im Gef\u00e4ngnis an einem Herzinfarkt und kann sich somit nicht mehr zu den genannten Vorw\u00fcrfen \u00e4u\u00dfern. Zum Zeitpunkt seines Todes verb\u00fc\u00dfte er eine 25-j\u00e4hrige Haftstrafe. Pearlman hatte seine Verbindungen zu prominenten K\u00fcnstlern genutzt, um Investoren um insgesamt rund 500 Millionen US-Dollar zu betr\u00fcgen. (dga)<\/p>\n","protected":false},"excerpt":{"rendered":"\u201eIch muss eure Sixpacks checken\u201dNach Jay Khan packt jetzt auch Marc Terenzi \u00fcber Lou Pearlman aus Marc Terenzi&hellip;\n","protected":false},"author":2,"featured_media":262793,"comment_status":"","ping_status":"","sticky":false,"template":"","format":"standard","meta":{"footnotes":""},"categories":[1772],"tags":[29,214,30,34448,79585,13269,1779,810,215],"class_list":{"0":"post-262792","1":"post","2":"type-post","3":"status-publish","4":"format-standard","5":"has-post-thumbnail","7":"category-musik","8":"tag-deutschland","9":"tag-entertainment","10":"tag-germany","11":"tag-jay-khan","12":"tag-lou-pearlman","13":"tag-marc-terenzi","14":"tag-music","15":"tag-musik","16":"tag-unterhaltung"},"share_on_mastodon":{"url":"https:\/\/pubeurope.com\/@de\/114840939185674354","error":""},"_links":{"self":[{"href":"https:\/\/www.europesays.com\/de\/wp-json\/wp\/v2\/posts\/262792","targetHints":{"allow":["GET"]}}],"collection":[{"href":"https:\/\/www.europesays.com\/de\/wp-json\/wp\/v2\/posts"}],"about":[{"href":"https:\/\/www.europesays.com\/de\/wp-json\/wp\/v2\/types\/post"}],"author":[{"embeddable":true,"href":"https:\/\/www.europesays.com\/de\/wp-json\/wp\/v2\/users\/2"}],"replies":[{"embeddable":true,"href":"https:\/\/www.europesays.com\/de\/wp-json\/wp\/v2\/comments?post=262792"}],"version-history":[{"count":0,"href":"https:\/\/www.europesays.com\/de\/wp-json\/wp\/v2\/posts\/262792\/revisions"}],"wp:featuredmedia":[{"embeddable":true,"href":"https:\/\/www.europesays.com\/de\/wp-json\/wp\/v2\/media\/262793"}],"wp:attachment":[{"href":"https:\/\/www.europesays.com\/de\/wp-json\/wp\/v2\/media?parent=262792"}],"wp:term":[{"taxonomy":"category","embeddable":true,"href":"https:\/\/www.europesays.com\/de\/wp-json\/wp\/v2\/categories?post=262792"},{"taxonomy":"post_tag","embeddable":true,"href":"https:\/\/www.europesays.com\/de\/wp-json\/wp\/v2\/tags?post=262792"}],"curies":[{"name":"wp","href":"https:\/\/api.w.org\/{rel}","templated":true}]}}