{"id":262814,"date":"2025-07-12T15:31:15","date_gmt":"2025-07-12T15:31:15","guid":{"rendered":"https:\/\/www.europesays.com\/de\/262814\/"},"modified":"2025-07-12T15:31:15","modified_gmt":"2025-07-12T15:31:15","slug":"mehr-als-6-000-menschen-feiern-christopher-street-day-in-kiel","status":"publish","type":"post","link":"https:\/\/www.europesays.com\/de\/262814\/","title":{"rendered":"Mehr als 6.000 Menschen feiern Christopher Street Day in Kiel"},"content":{"rendered":"<p>        <img decoding=\"async\" src=\"https:\/\/www.europesays.com\/de\/wp-content\/uploads\/2025\/07\/csd-194.webp\" alt=\"Der CSD in Kiel.\" title=\"Der CSD in Kiel. | NDR, Moritz Ohlsen\" class=\"responsive\"\/><\/p>\n<p>AUDIO: &#8222;Glitzer statt Queerphobie&#8220;: Christopher Street Day in Kiel (1 Min)<\/p>\n<p>\n            Stand: 12.07.2025 16:26 Uhr<\/p>\n<p class=\"preface\">Der CSD in Kiel ist am Sonnabend mit einem Umzug durch die Innenstadt gestartet, danach folgte ein politisches Stra\u00dfenfest an der Kieler H\u00f6rn. Laut Polizei ist es bislang friedlich.<\/p>\n<p class=\"\">\nIn <a href=\"https:\/\/www.ndr.de\/nachrichten\/schleswig-holstein\/Kiel-Aktuelle-Nachrichten-News-und-Videos,kiel7262.html\" title=\"Kiel - Aktuelle Nachrichten und Videos\" rel=\"nofollow noopener\" target=\"_blank\">Kiel<\/a> haben laut Veranstalter am Sonnabend (12.7.) mehr als 6.000 Menschen den Christopher Street Day gefeiert. Unter dem Motto &#8222;Glitzer statt Queerphobie&#8220; sind sie durch die Innenstadt gezogen, um gegen Diskriminierung und f\u00fcr die Rechte queerer Menschen zu demonstrieren. Queerphobie bedeutet: die Ablehnung von Menschen aufgrund ihrer sexuellen Orientierung oder Geschlechtsidentit\u00e4t. In Zeiten von rechten Str\u00f6mungen und populistischen Parteien ist es laut den Veranstaltern wichtiger denn je, dagegen auf die Stra\u00dfe zu gehen.<\/p>\n<p class=\"\">\nDer Umzug verlief ab 12 Uhr vom Kieler Hauptbahnhof durch die Innenstadt bis an die Kieler H\u00f6rn. Dort startete im Anschluss das sogenannte politische Stra\u00dfenfest mit Konzerten, Kundgebungen und St\u00e4nden von Organisationen aus der Szene. Laut Polizei verlief die Veranstaltung bislang friedlich. Die Polizei hatte vorab nach eigenen Angaben etwa 5.000 Teilnehmerinnen und Teilnehmer erwartet.<\/p>\n<p>    Polizei erwartete eine friedliche Party<\/p>\n<p class=\"\">\nLaut Polizei mussten Autofahrerinnen und Autofahrer zwischen 12 und 14 Uhr in der Innenstadt mit Verkehrsbehinderungen rechnen. Eine Gegendemonstration, wie am vergangenen Wochenende in <a href=\"https:\/\/www.ndr.de\/nachrichten\/schleswig-holstein\/Neumuenster-Aktuelle-Nachrichten-und-Videos,neumuenster770.html\" title=\"Neum\u00fcnster - Aktuelle Nachrichten und Videos\" rel=\"nofollow noopener\" target=\"_blank\">Neum\u00fcnster<\/a>, war laut Polizei nicht angemeldet. Die Beamten gingen daher im Vorfeld von einer friedlichen Demonstration und Party aus.<\/p>\n<p class=\"\">\nBis Anfang September sind <a href=\"https:\/\/www.ndr.de\/nachrichten\/schleswig-holstein\/CSD-2025-in-Schleswig-Holstein-Die-Termine-im-Ueberblick,csd1434.html\" title=\"CSD 2025 in Schleswig-Holstein: Die Termine im \u00dcberblick\" rel=\"nofollow noopener\" target=\"_blank\">weitere Christopher Street Day-Veranstaltungen<\/a> geplant &#8211; unter anderem in <a href=\"https:\/\/www.ndr.de\/nachrichten\/schleswig-holstein\/Dithmarschen-Aktuelle-Nachrichten-und-Videos,dithmarschen254.html\" title=\"Dithmarschen - Aktuelle Nachrichten und Videos\" rel=\"nofollow noopener\" target=\"_blank\">Dithmarschen<\/a>, <a href=\"https:\/\/www.ndr.de\/nachrichten\/schleswig-holstein\/Luebeck-Aktuelle-Nachrichten-und-Videos-,luebeck2802.html\" title=\"L\u00fcbeck - Aktuelle Nachrichten und Videos\" rel=\"nofollow noopener\" target=\"_blank\">L\u00fcbeck<\/a> und <a href=\"https:\/\/www.ndr.de\/nachrichten\/schleswig-holstein\/Elmshorn-Aktuelle-Nachrichten-und-Videos,elmshorn556.html\" title=\"Elmshorn: Aktuelle Nachrichten und Videos\" rel=\"nofollow noopener\" target=\"_blank\">Elmshorn<\/a>.<\/p>\n<p>        <img decoding=\"async\" src=\"https:\/\/www.europesays.com\/de\/wp-content\/uploads\/2025\/07\/csd-190.webp\" alt=\"Menschen mit einer Regenbogenflagge w\u00e4hrend einer Demonstration\" title=\"Menschen mit einer Regenbogenflagge w\u00e4hrend einer Demonstration | Paul Wessels\" class=\"responsive\" loading=\"lazy\"\/><\/p>\n<p>Rund 500 Menschen haben laut Polizei friedlich am Christopher-Street-Day teilgenommen. Unruhig wurde es auf einer Gegendemo.<\/p>\n<p>        <img decoding=\"async\" src=\"https:\/\/www.europesays.com\/de\/wp-content\/uploads\/2025\/07\/csdluebeck198.webp\" alt=\"Beim Christopher-Street-Day in L\u00fcbeck wird eine gro\u00dfe Regenbogenfahne entfaltet.\" title=\"Beim Christopher-Street-Day in L\u00fcbeck wird eine gro\u00dfe Regenbogenfahne entfaltet. | NDR, NDR Screenshots\" class=\"responsive\" loading=\"lazy\"\/><\/p>\n<p>Bis zum September gibt es in vielen St\u00e4dten wieder Veranstaltungen zum Christopher Street Day. <\/p>\n<p>Dieses Thema im Programm:<\/p>\n<p>                NDR 1 Welle Nord | Nachrichten f\u00fcr Schleswig-Holstein | 12.07.2025 | 16:00 Uhr<\/p>\n<p>        Schlagw\u00f6rter zu diesem Artikel<\/p>\n<p>            <a href=\"https:\/\/www.ndr.de\/nachrichten\/schleswig-holstein\/Kiel-Aktuelle-Nachrichten-News-und-Videos,kiel7262.html\" rel=\"nofollow noopener\" target=\"_blank\">Kiel<\/a><\/p>\n","protected":false},"excerpt":{"rendered":"AUDIO: &#8222;Glitzer statt Queerphobie&#8220;: Christopher Street Day in Kiel (1 Min) Stand: 12.07.2025 16:26 Uhr Der CSD in&hellip;\n","protected":false},"author":2,"featured_media":262815,"comment_status":"","ping_status":"","sticky":false,"template":"","format":"standard","meta":{"footnotes":""},"categories":[1852],"tags":[30546,79468,3364,507,29,548,663,3934,30,13,4949,14,15,79469,79470,12,1971],"class_list":{"0":"post-262814","1":"post","2":"type-post","3":"status-publish","4":"format-standard","5":"has-post-thumbnail","7":"category-kiel","8":"tag-csd","9":"tag-christoper-street-day","10":"tag-de","11":"tag-demonstration","12":"tag-deutschland","13":"tag-eu","14":"tag-europa","15":"tag-europe","16":"tag-germany","17":"tag-headlines","18":"tag-kiel","19":"tag-nachrichten","20":"tag-news","21":"tag-politisches-strassenfest","22":"tag-queere-community","23":"tag-schlagzeilen","24":"tag-schleswig-holstein"},"share_on_mastodon":{"url":"https:\/\/pubeurope.com\/@de\/114840986320578034","error":""},"_links":{"self":[{"href":"https:\/\/www.europesays.com\/de\/wp-json\/wp\/v2\/posts\/262814","targetHints":{"allow":["GET"]}}],"collection":[{"href":"https:\/\/www.europesays.com\/de\/wp-json\/wp\/v2\/posts"}],"about":[{"href":"https:\/\/www.europesays.com\/de\/wp-json\/wp\/v2\/types\/post"}],"author":[{"embeddable":true,"href":"https:\/\/www.europesays.com\/de\/wp-json\/wp\/v2\/users\/2"}],"replies":[{"embeddable":true,"href":"https:\/\/www.europesays.com\/de\/wp-json\/wp\/v2\/comments?post=262814"}],"version-history":[{"count":0,"href":"https:\/\/www.europesays.com\/de\/wp-json\/wp\/v2\/posts\/262814\/revisions"}],"wp:featuredmedia":[{"embeddable":true,"href":"https:\/\/www.europesays.com\/de\/wp-json\/wp\/v2\/media\/262815"}],"wp:attachment":[{"href":"https:\/\/www.europesays.com\/de\/wp-json\/wp\/v2\/media?parent=262814"}],"wp:term":[{"taxonomy":"category","embeddable":true,"href":"https:\/\/www.europesays.com\/de\/wp-json\/wp\/v2\/categories?post=262814"},{"taxonomy":"post_tag","embeddable":true,"href":"https:\/\/www.europesays.com\/de\/wp-json\/wp\/v2\/tags?post=262814"}],"curies":[{"name":"wp","href":"https:\/\/api.w.org\/{rel}","templated":true}]}}