{"id":262824,"date":"2025-07-12T15:36:09","date_gmt":"2025-07-12T15:36:09","guid":{"rendered":"https:\/\/www.europesays.com\/de\/262824\/"},"modified":"2025-07-12T15:36:09","modified_gmt":"2025-07-12T15:36:09","slug":"wiesbaden-sperrung-biebrich-verkehr-bauarbeiten-meldung","status":"publish","type":"post","link":"https:\/\/www.europesays.com\/de\/262824\/","title":{"rendered":"Wiesbaden Sperrung Biebrich Verkehr Bauarbeiten Meldung"},"content":{"rendered":"<p>In der \u00c4ppelallee unter der Autobahn 643 in Wiesbaden-Biebrich wird von Montag, 14. Juli, bis Freitag, 1. August, wechselseitig eine Fahrspur gesperrt. Grund daf\u00fcr sind Arbeiten zur Kanalsanierung und Erneuerung der Gehwege nach einer Besch\u00e4digung durch den Br\u00fcckenneubau der A643.<\/p>\n<p>Die Sperrung betrifft auch den Radverkehr. Fu\u00dfg\u00e4ngerinnen und Fu\u00dfg\u00e4nger k\u00f6nnen die gewohnten Wege nutzen. Die Stadt bittet um Verst\u00e4ndnis f\u00fcr die mit den Arbeiten verbundenen Verkehrsbehinderungen.<\/p>\n<p>P.S.: Sind Sie bei Facebook? Dann werden Sie Fan von <a href=\"https:\/\/www.facebook.com\/wiesbadenaktuell\" rel=\"nofollow noopener\" target=\"_blank\">Wiesbadenaktuell.de<\/a> und folgen Sie uns auch auf <a href=\"https:\/\/www.instagram.com\/wiesbadenaktuell.de\/\" rel=\"nofollow noopener\" target=\"_blank\">Instagram<\/a> sowie auf <a href=\"https:\/\/www.threads.net\/@wiesbadenaktuell.de\" rel=\"nofollow noopener\" target=\"_blank\">Threads<\/a>!<\/p>\n<p><script async src=\"\/\/www.instagram.com\/embed.js\"><\/script><\/p>\n","protected":false},"excerpt":{"rendered":"In der \u00c4ppelallee unter der Autobahn 643 in Wiesbaden-Biebrich wird von Montag, 14. Juli, bis Freitag, 1. August,&hellip;\n","protected":false},"author":2,"featured_media":262825,"comment_status":"","ping_status":"","sticky":false,"template":"","format":"standard","meta":{"footnotes":""},"categories":[1847],"tags":[3364,29,548,663,3934,30,13,2052,14,15,12,4544],"class_list":{"0":"post-262824","1":"post","2":"type-post","3":"status-publish","4":"format-standard","5":"has-post-thumbnail","7":"category-wiesbaden","8":"tag-de","9":"tag-deutschland","10":"tag-eu","11":"tag-europa","12":"tag-europe","13":"tag-germany","14":"tag-headlines","15":"tag-hessen","16":"tag-nachrichten","17":"tag-news","18":"tag-schlagzeilen","19":"tag-wiesbaden"},"share_on_mastodon":{"url":"https:\/\/pubeurope.com\/@de\/114841006012824637","error":""},"_links":{"self":[{"href":"https:\/\/www.europesays.com\/de\/wp-json\/wp\/v2\/posts\/262824","targetHints":{"allow":["GET"]}}],"collection":[{"href":"https:\/\/www.europesays.com\/de\/wp-json\/wp\/v2\/posts"}],"about":[{"href":"https:\/\/www.europesays.com\/de\/wp-json\/wp\/v2\/types\/post"}],"author":[{"embeddable":true,"href":"https:\/\/www.europesays.com\/de\/wp-json\/wp\/v2\/users\/2"}],"replies":[{"embeddable":true,"href":"https:\/\/www.europesays.com\/de\/wp-json\/wp\/v2\/comments?post=262824"}],"version-history":[{"count":0,"href":"https:\/\/www.europesays.com\/de\/wp-json\/wp\/v2\/posts\/262824\/revisions"}],"wp:featuredmedia":[{"embeddable":true,"href":"https:\/\/www.europesays.com\/de\/wp-json\/wp\/v2\/media\/262825"}],"wp:attachment":[{"href":"https:\/\/www.europesays.com\/de\/wp-json\/wp\/v2\/media?parent=262824"}],"wp:term":[{"taxonomy":"category","embeddable":true,"href":"https:\/\/www.europesays.com\/de\/wp-json\/wp\/v2\/categories?post=262824"},{"taxonomy":"post_tag","embeddable":true,"href":"https:\/\/www.europesays.com\/de\/wp-json\/wp\/v2\/tags?post=262824"}],"curies":[{"name":"wp","href":"https:\/\/api.w.org\/{rel}","templated":true}]}}