{"id":262838,"date":"2025-07-12T15:44:37","date_gmt":"2025-07-12T15:44:37","guid":{"rendered":"https:\/\/www.europesays.com\/de\/262838\/"},"modified":"2025-07-12T15:44:37","modified_gmt":"2025-07-12T15:44:37","slug":"gemeinsame-presseerklaerung-der-staatsanwaltschaft-bielefeld-und-der-polizei-bielefeld-festnahmen-im-verfahren-aus","status":"publish","type":"post","link":"https:\/\/www.europesays.com\/de\/262838\/","title":{"rendered":"Gemeinsame Presseerkl\u00e4rung der Staatsanwaltschaft Bielefeld und der Polizei Bielefeld: Festnahmen im Verfahren aus"},"content":{"rendered":"<p class=\"bodytext\">HC\/Bielefeld- Minden-L\u00fcbbecke- Bad Oeynhausen- Niedersachsen- Hameln-Pyrmont- Lauenstein- Hessen- <\/p>\n<p>Durch die Kriminalpolizei Bielefeld erfolgten gemeinsam mit Spezialeinheiten der Polizei NRW, Niedersachsen und Hessen mehrere Festnahmen im Bereich der organisierten Kriminalit\u00e4t. <\/p>\n<p>Der Dienststelle zur Bek\u00e4mpfung der organisierten Kriminalit\u00e4t des Polizeipr\u00e4sidiums Bielefeld gelang es, unter Federf\u00fchrung der Staatsanwaltschaft Bielefeld, in Bad Oeynhausen, Minden und Lauenstein, sechs Beschuldigte festzunehmen, die gemeinsam zwei professionelle Indoor Cannabisplantagen betrieben haben. Dem Einsatz waren umfangreiche Ermittlungen vorausgegangen. <\/p>\n<p>Fr\u00fch am Morgen des Dienstags, 08.07.2025, erfolgte der Zugriff durch die Ermittler unter Beteiligung von Spezialeinheiten aus Nordrhein-Westfalen, Niedersachsen und Hessen, welcher u.a. zur Auffindung der zwei gro\u00dfen Indoor Cannabisplantagen f\u00fchrte, die f\u00fcr die Aufzucht von insgesamt circa 4200 Pflanzen angelegt worden waren. Vor Ort waren ebenfalls Mitarbeiter des LKA Niedersachsen sowie des THW eingesetzt. Die bei dem Einsatz festgenommenen Personen sind albanischer Herkunft im Alter von 22, 26, 27, 29, 33 und 54 Jahren. Gegen alle sechs Beschuldigte wurde durch das Amtsgericht Bielefeld die Untersuchungshaft angeordnet. <\/p>\n<p>Es konnten zudem, neben den Plantagen, noch mehrere Kilogramm verkaufsfertiges Cannabis, eine f\u00fcnfstellige Summe Bargeld, ein PKW sowie diverse Speichermedien sichergestellt werden. <\/p>\n<p>Eine der Plantagen befand sich inmitten einer bekannten Eventhalle in Bad Oeynhausen, in der stets viel Publikumsverkehr herrscht und sich Familien normalerweise ausgelassen mit Bouldern, Lasertag-Spielen, Schwarzlicht-Minigolf, Escape-Rooms und mehr vergn\u00fcgen. <\/p>\n<p>Die zweite Plantage wurde in einem leerstehenden Fachwerkhaus in Niedersachsen entdeckt. <\/p>\n<p>Die Ermittlungen dauern weiter an. <\/p>\n<p>R\u00fcckfragen von Journalisten bitte an:<\/p>\n<p>Polizeipr\u00e4sidium Bielefeld Leitungsstab\/ Presse- und \u00d6ffentlichkeitsarbeit Kurt-Schumacher-Stra\u00dfe 46 33615 Bielefeld<\/p>\n<p>Sonja Rehmert (SR), Tel. 0521\/545-3020 Katja K\u00fcster (KK), Tel. 0521\/545-3195 Sarah Siedschlag (SI), Tel. 0521\/545-3021 Michael K\u00f6tter (MK), Tel. 0521\/545-3022 Hella Christoph (HC), Tel. 0521\/545-3023 Fabian Rickel (FR), Tel. 0521\/545-3024 Caroline Steffen (CS), Tel. 0521\/545-3026 Lukas Reker (LR), Tel. 0521\/545-3222 Jan Grote (JG), Tel. 0521\/545-3235<\/p>\n<p>E-Mail: pressestelle.bielefeld@polizei.nrw.de <a href=\"https:\/\/bielefeld.polizei.nrw\/\" target=\"_blank\" rel=\"nofollow noopener\">bielefeld.polizei.nrw<\/a><\/p>\n<p>Au\u00dferhalb der B\u00fcrodienstzeit: Leitstelle, Tel. 0521\/545-0<\/p>\n<p> Original-Content von: Polizei Bielefeld, \u00fcbermittelt durch news aktuell<\/p>\n","protected":false},"excerpt":{"rendered":"HC\/Bielefeld- Minden-L\u00fcbbecke- Bad Oeynhausen- Niedersachsen- Hameln-Pyrmont- Lauenstein- Hessen- Durch die Kriminalpolizei Bielefeld erfolgten gemeinsam mit Spezialeinheiten der Polizei&hellip;\n","protected":false},"author":2,"featured_media":262839,"comment_status":"","ping_status":"","sticky":false,"template":"","format":"standard","meta":{"footnotes":""},"categories":[1841],"tags":[1605,3364,29,30,1209,12925],"class_list":{"0":"post-262838","1":"post","2":"type-post","3":"status-publish","4":"format-standard","5":"has-post-thumbnail","7":"category-bielefeld","8":"tag-bielefeld","9":"tag-de","10":"tag-deutschland","11":"tag-germany","12":"tag-nordrhein-westfalen","13":"tag-polizeimeldungen"},"share_on_mastodon":{"url":"https:\/\/pubeurope.com\/@de\/114841037246828703","error":""},"_links":{"self":[{"href":"https:\/\/www.europesays.com\/de\/wp-json\/wp\/v2\/posts\/262838","targetHints":{"allow":["GET"]}}],"collection":[{"href":"https:\/\/www.europesays.com\/de\/wp-json\/wp\/v2\/posts"}],"about":[{"href":"https:\/\/www.europesays.com\/de\/wp-json\/wp\/v2\/types\/post"}],"author":[{"embeddable":true,"href":"https:\/\/www.europesays.com\/de\/wp-json\/wp\/v2\/users\/2"}],"replies":[{"embeddable":true,"href":"https:\/\/www.europesays.com\/de\/wp-json\/wp\/v2\/comments?post=262838"}],"version-history":[{"count":0,"href":"https:\/\/www.europesays.com\/de\/wp-json\/wp\/v2\/posts\/262838\/revisions"}],"wp:featuredmedia":[{"embeddable":true,"href":"https:\/\/www.europesays.com\/de\/wp-json\/wp\/v2\/media\/262839"}],"wp:attachment":[{"href":"https:\/\/www.europesays.com\/de\/wp-json\/wp\/v2\/media?parent=262838"}],"wp:term":[{"taxonomy":"category","embeddable":true,"href":"https:\/\/www.europesays.com\/de\/wp-json\/wp\/v2\/categories?post=262838"},{"taxonomy":"post_tag","embeddable":true,"href":"https:\/\/www.europesays.com\/de\/wp-json\/wp\/v2\/tags?post=262838"}],"curies":[{"name":"wp","href":"https:\/\/api.w.org\/{rel}","templated":true}]}}