{"id":262856,"date":"2025-07-12T15:54:11","date_gmt":"2025-07-12T15:54:11","guid":{"rendered":"https:\/\/www.europesays.com\/de\/262856\/"},"modified":"2025-07-12T15:54:11","modified_gmt":"2025-07-12T15:54:11","slug":"zoll-ankuendigung-trumps-alarm-signal-fuer-die-industrie","status":"publish","type":"post","link":"https:\/\/www.europesays.com\/de\/262856\/","title":{"rendered":"Zoll-Ank\u00fcndigung Trumps: &#8222;Alarm-Signal f\u00fcr die Industrie&#8220;"},"content":{"rendered":"<p>\n  Von&amp;nbsp<b>Euronews<\/b><\/p>\n<p>\n         Zuerst ver\u00f6ffentlicht am<br \/>\n            12\/07\/2025 &#8211; 17:09 MESZ<\/p>\n<p><img decoding=\"async\" class=\"c-ad__placeholder__logo\" src=\"https:\/\/static.euronews.com\/website\/images\/logos\/logo-euronews-grey-6-180x22.svg\" width=\"180\" height=\"22\" alt=\"\" loading=\"lazy\"\/>WERBUNG<\/p>\n<p>Der Bundesverband der Deutschen Industrie (BDI) wertete Trumps Entscheidung als Warnsignal f\u00fcr die transatlantische Industrie. Ein Handelskonflikt zwischen der EU und den USA gef\u00e4hrde wirtschaftliche Erholung, Innovationsf\u00e4higkeit und das Vertrauen in internationale Zusammenarbeit, erkl\u00e4rte BDI-Hauptgesch\u00e4ftsf\u00fchrer Wolfgang Niedermark. Die verbleibende Zeit bis zum Inkrafttreten der Z\u00f6lle am 1. August m\u00fcsse f\u00fcr faire Verhandlungen genutzt werden. Die USA sind Deutschlands wichtigster Handelspartner.<\/p>\n<p>Br\u00fcssel reagiert umgehend<\/p>\n<p>Unmittelbar nach der Ank\u00fcndigung Donald Trumps, ab dem 1. August 30 %ige Z\u00f6lle auf Importe aus der Europ\u00e4ischen Union und Mexiko in die Vereinigten Staaten einzuf\u00fchren, hat Br\u00fcssel reagiert.<\/p>\n<p>&#8222;Wir nehmen das Schreiben von US-Pr\u00e4sident Trump zur Kenntnis, in dem er eine \u00dcberpr\u00fcfung der Z\u00f6lle und einen neuen Zeitplan ank\u00fcndigt.<\/p>\n<p>Die Verh\u00e4ngung von 30 Prozent Z\u00f6llen auf EU-Exporte w\u00fcrde wichtige transatlantische Lieferketten unterbrechen, zum Nachteil von Unternehmen, Verbrauchern und Patienten auf beiden Seiten des Atlantiks&#8220;, hei\u00dft es in der Mitteilung, die kurz nach Trumps Post auf Truth Social verbreitet wurde.<\/p>\n<p>&#8222;Nur wenige Volkswirtschaften auf der Welt sind so offen und halten sich an faire Handelspraktiken wie die EU. Die EU hat einer Verhandlungsl\u00f6sung mit den Vereinigten Staaten stets Vorrang einger\u00e4umt, was unser Engagement f\u00fcr Dialog, Stabilit\u00e4t und eine konstruktive transatlantische Partnerschaft widerspiegelt&#8220;, so die Kommission weiter, die dann erkl\u00e4rt, sie sei bereit f\u00fcr die Reaktion Br\u00fcssels auf Donald Trumps Ank\u00fcndigung, ab dem 1. August 30 Prozent Z\u00f6lle auf Waren einzuf\u00fchren, die aus der EU und Mexiko in die Vereinigten Staaten eingef\u00fchrt werden.<\/p>\n<p>&#8222;Wir nehmen das Schreiben von US-Pr\u00e4sident Trump zur Kenntnis, in dem er eine \u00dcberpr\u00fcfung der Z\u00f6lle und einen neuen Zeitplan ank\u00fcndigt.<\/p>\n<p>&#8222;Gleichzeitig werden wir alle notwendigen Ma\u00dfnahmen ergreifen, um die Interessen der EU zu wahren, einschlie\u00dflich der Verabschiedung verh\u00e4ltnism\u00e4\u00dfiger Gegenma\u00dfnahmen, falls erforderlich&#8220;, hei\u00dft es in dem Schreiben, das mit den Worten endet: &#8222;In der Zwischenzeit werden wir unsere globalen Partnerschaften weiter vertiefen, fest verankert in den Grunds\u00e4tzen des regelbasierten internationalen Handels.&#8220;<\/p>\n","protected":false},"excerpt":{"rendered":"Von&amp;nbspEuronews Zuerst ver\u00f6ffentlicht am 12\/07\/2025 &#8211; 17:09 MESZ WERBUNG Der Bundesverband der Deutschen Industrie (BDI) wertete Trumps Entscheidung&hellip;\n","protected":false},"author":2,"featured_media":262857,"comment_status":"","ping_status":"","sticky":false,"template":"","format":"standard","meta":{"footnotes":""},"categories":[3933],"tags":[331,332,548,663,158,3934,3935,9236,13,355,14,15,12,71453],"class_list":{"0":"post-262856","1":"post","2":"type-post","3":"status-publish","4":"format-standard","5":"has-post-thumbnail","7":"category-eu","8":"tag-aktuelle-nachrichten","9":"tag-aktuelle-news","10":"tag-eu","11":"tag-europa","12":"tag-europaeische-union","13":"tag-europe","14":"tag-european-union","15":"tag-giorgia-meloni","16":"tag-headlines","17":"tag-italien","18":"tag-nachrichten","19":"tag-news","20":"tag-schlagzeilen","21":"tag-trumps-zoelle"},"share_on_mastodon":{"url":"https:\/\/pubeurope.com\/@de\/114841076875564939","error":""},"_links":{"self":[{"href":"https:\/\/www.europesays.com\/de\/wp-json\/wp\/v2\/posts\/262856","targetHints":{"allow":["GET"]}}],"collection":[{"href":"https:\/\/www.europesays.com\/de\/wp-json\/wp\/v2\/posts"}],"about":[{"href":"https:\/\/www.europesays.com\/de\/wp-json\/wp\/v2\/types\/post"}],"author":[{"embeddable":true,"href":"https:\/\/www.europesays.com\/de\/wp-json\/wp\/v2\/users\/2"}],"replies":[{"embeddable":true,"href":"https:\/\/www.europesays.com\/de\/wp-json\/wp\/v2\/comments?post=262856"}],"version-history":[{"count":0,"href":"https:\/\/www.europesays.com\/de\/wp-json\/wp\/v2\/posts\/262856\/revisions"}],"wp:featuredmedia":[{"embeddable":true,"href":"https:\/\/www.europesays.com\/de\/wp-json\/wp\/v2\/media\/262857"}],"wp:attachment":[{"href":"https:\/\/www.europesays.com\/de\/wp-json\/wp\/v2\/media?parent=262856"}],"wp:term":[{"taxonomy":"category","embeddable":true,"href":"https:\/\/www.europesays.com\/de\/wp-json\/wp\/v2\/categories?post=262856"},{"taxonomy":"post_tag","embeddable":true,"href":"https:\/\/www.europesays.com\/de\/wp-json\/wp\/v2\/tags?post=262856"}],"curies":[{"name":"wp","href":"https:\/\/api.w.org\/{rel}","templated":true}]}}