{"id":262905,"date":"2025-07-12T16:21:10","date_gmt":"2025-07-12T16:21:10","guid":{"rendered":"https:\/\/www.europesays.com\/de\/262905\/"},"modified":"2025-07-12T16:21:10","modified_gmt":"2025-07-12T16:21:10","slug":"vfb-stuttgart-beim-sv-fellbach-viele-tore-aber-auch-einige-verletzungssorgen","status":"publish","type":"post","link":"https:\/\/www.europesays.com\/de\/262905\/","title":{"rendered":"VfB Stuttgart beim SV Fellbach: Viele Tore \u2013 aber auch einige Verletzungssorgen"},"content":{"rendered":"<p>\t\t\t\t\t\t\t\t\t\t\t\t\t\t\t\t\t\t\t\t\t\t\t\t\t\t\t\t      \t\t            \t\t             \t\t\t\t   \t\t\t\t\t   <img decoding=\"async\" id=\"article-image\" fetchpriority=\"high\" alt=\"VfB Stuttgart beim SV Fellbach: Viele Tore \u2013 aber auch einige Verletzungssorgen\" onclick=\"var pA=document.createElement('a');pA.setAttribute('href','https:\/\/www.stuttgarter-nachrichten.de\/gallery.vfb-stuttgart-beim-sv-fellbach-viele-tore-aber-auch-einige-verletzungssorgen.3952f541-6471-48f9-98d8-0f524bf9f485.html'),pA.click();\" title=\"VfB Stuttgart beim SV Fellbach: Viele Tore \u2013 aber auch einige Verletzungssorgen\" src=\"https:\/\/www.europesays.com\/de\/wp-content\/uploads\/2025\/07\/media.media.41435091-c2b2-43de-957b-c48fa0cae5af.16x9_700.jpg\" data-linkto=\"https:\/\/www.stuttgarter-nachrichten.de\/gallery.vfb-stuttgart-beim-sv-fellbach-viele-tore-aber-auch-einige-verletzungssorgen.3952f541-6471-48f9-98d8-0f524bf9f485.html\"\/>\t\t\t\t\t\t\t\t\t\t\t\t\t\t\t\t\t\t\t\t\t\t\t\tJamie Leweling beim Testspiel gegen den SV Fellbach in Aktion\u00a0Foto: Baumann\t\t\t<\/p>\n<p>Der VfB Stuttgart hat seinen Testspielauftakt beim Verbandsligisten SV Fellbach erfolgreich bestritten, bangt aber auch um drei Spieler. Was Sebastian Hoene\u00df zu dem Spiel sagt.<\/p>\n<p>Pokalsieger <a href=\"https:\/\/www.stuttgarter-nachrichten.de\/vfb\" target=\"_blank\" rel=\"noopener\">VfB Stuttgart <\/a>hat nach sechsw\u00f6chiger Sommerpause seinen Testspielauftakt erfolgreich bestritten. Bei Oberliga-Absteiger <a href=\"https:\/\/www.stuttgarter-nachrichten.de\/thema\/SV_Fellbach\" title=\"SV Fellbach\" class=\"art_thema\" target=\"_blank\" rel=\"noopener\">SV Fellbach<\/a> setzte sich der Bundesligist standesgem\u00e4\u00df mit 7:1 (4:0) durch. F\u00fcr den <a href=\"https:\/\/www.stuttgarter-nachrichten.de\/thema\/VfB_Stuttgart\" title=\"VfB\" class=\"art_thema\" target=\"_blank\" rel=\"noopener\">VfB<\/a> trafen Justin Diehl (6.), Neuzugang Lazar Jovanovich (8.), Ibrahim Njie (Eigentor\/13.) und Efe Korkut (26.). Nach der Pause schraubten die Stuttgarter das Ergebnis durch Mo Sankoh (73.) und zweimal Lauri Penna (77.\/88.) in die H\u00f6he. Der Fellbacher Ehrentreffer gelang Maximilian Bresic nach 70 Minuten. <\/p>\n<p>Diehl, Mule und Jeltsch m\u00fcssen vorzeitig runter <\/p>\n<p>Getr\u00fcbt wurde der Stuttgarter Sieg im Fellbacher Max-Graser-Stadion vor 4000 Fans durch einige Verletzungen. Zun\u00e4chst musste Justin Diehl mit einer Blessur am Sprunggelenk vorzeitig das Feld verlassen. Den f\u00fcr ihn eingewechselten Salvatore Mule erwischte es wenige Minuten sp\u00e4ter. Ohne Fremdeinwirkung war auch f\u00fcr den Youngster vorzeitig Schluss. Kurz vor Spielende erwischte es dann auch noch Finn Jeltsch, der mit Problemen im Leistenbereich ausgewechselt werden musste. Eine genaue Diagnose stand bei allen Dreien nach Schlusspfiff noch nicht fest. <\/p>\n<p>Trainer Sebastian Hoene\u00df schaut mit einem lachenenden und einem weinenden Auge auf die Partie: \u201e Ich habe viele gute Dinge gesehen, aber auch ein Gegentor, was man in solchen Spielen nicht bekommen m\u00f6chte. Bitter sind die drei Verletzten. Wir wissen noch nichts genaueres, m\u00fcssen die Untersuchungen abwarten. Aber das braucht in so einem Spiel nat\u00fcrlich niemand\u201c.<\/p>\n<p>Nach dem Aufgalopp beim Verbandsligisten setzt der VfB seine <a href=\"https:\/\/www.stuttgarter-nachrichten.de\/thema\/Testspiel\" title=\"Testspiel\" class=\"art_thema\" target=\"_blank\" rel=\"noopener\">Testspiel<\/a>-Reihe am 26. Juli (15.30 Uhr) fort. Dann wartet mit dem spanischen Club Celta de Vigo ein anderes Kaliber. <\/p>\n<p>Hier gibt es den Liveticker zum Nachlesen: <\/p>\n","protected":false},"excerpt":{"rendered":"Jamie Leweling beim Testspiel gegen den SV Fellbach in Aktion\u00a0Foto: Baumann Der VfB Stuttgart hat seinen Testspielauftakt beim&hellip;\n","protected":false},"author":2,"featured_media":262906,"comment_status":"","ping_status":"","sticky":false,"template":"","format":"standard","meta":{"footnotes":""},"categories":[1830],"tags":[1634,3364,29,59123,30,28892,1441,21046,11460,2915],"class_list":{"0":"post-262905","1":"post","2":"type-post","3":"status-publish","4":"format-standard","5":"has-post-thumbnail","7":"category-stuttgart","8":"tag-baden-wuerttemberg","9":"tag-de","10":"tag-deutschland","11":"tag-finn-jeltsch","12":"tag-germany","13":"tag-justin-diehl","14":"tag-stuttgart","15":"tag-sv-fellbach","16":"tag-testspiel","17":"tag-vfb-stuttgart"},"share_on_mastodon":{"url":"https:\/\/pubeurope.com\/@de\/114841182793207501","error":""},"_links":{"self":[{"href":"https:\/\/www.europesays.com\/de\/wp-json\/wp\/v2\/posts\/262905","targetHints":{"allow":["GET"]}}],"collection":[{"href":"https:\/\/www.europesays.com\/de\/wp-json\/wp\/v2\/posts"}],"about":[{"href":"https:\/\/www.europesays.com\/de\/wp-json\/wp\/v2\/types\/post"}],"author":[{"embeddable":true,"href":"https:\/\/www.europesays.com\/de\/wp-json\/wp\/v2\/users\/2"}],"replies":[{"embeddable":true,"href":"https:\/\/www.europesays.com\/de\/wp-json\/wp\/v2\/comments?post=262905"}],"version-history":[{"count":0,"href":"https:\/\/www.europesays.com\/de\/wp-json\/wp\/v2\/posts\/262905\/revisions"}],"wp:featuredmedia":[{"embeddable":true,"href":"https:\/\/www.europesays.com\/de\/wp-json\/wp\/v2\/media\/262906"}],"wp:attachment":[{"href":"https:\/\/www.europesays.com\/de\/wp-json\/wp\/v2\/media?parent=262905"}],"wp:term":[{"taxonomy":"category","embeddable":true,"href":"https:\/\/www.europesays.com\/de\/wp-json\/wp\/v2\/categories?post=262905"},{"taxonomy":"post_tag","embeddable":true,"href":"https:\/\/www.europesays.com\/de\/wp-json\/wp\/v2\/tags?post=262905"}],"curies":[{"name":"wp","href":"https:\/\/api.w.org\/{rel}","templated":true}]}}