{"id":262924,"date":"2025-07-12T16:31:19","date_gmt":"2025-07-12T16:31:19","guid":{"rendered":"https:\/\/www.europesays.com\/de\/262924\/"},"modified":"2025-07-12T16:31:19","modified_gmt":"2025-07-12T16:31:19","slug":"feierende-versammeln-sich-trotz-regen","status":"publish","type":"post","link":"https:\/\/www.europesays.com\/de\/262924\/","title":{"rendered":"Feierende versammeln sich trotz Regen"},"content":{"rendered":"<p class=\"article_paragraph__hXYKJ\">In Berlin werden am Samstag Zehntausende zur Technoparade \u201eRave the Planet\u201c erwartet. Ab 14 Uhr beginnt die Parade, die tanzende Menge soll sich im Tiergarten auf der Stra\u00dfe des 17. Juni zwischen dem Brandenburger Tor und Siegess\u00e4ule auf den Spuren der Love Parade von Dr. Motte bewegen. Laut Veranstalter sind 35 Wagen sowie rund 290 K\u00fcnstlerinnen und K\u00fcnstler dabei, mehr als 50 Reden sind geplant.<\/p>\n<p>Die <a href=\"https:\/\/www.berliner-zeitung.de\/news\/wetter-berlin-aktuell-gewitter-und-starkregen-drohen-bei-lollapalooza-und-rave-the-planet-li.2339838\" rel=\"nofollow noopener\" target=\"_blank\">Wetter-Bedingungen<\/a> sind nicht optimal: Der Deutsche Wetterdienst warnt vor Starkregen mit 20 und 30 Litern auf den Quadratmeter innerhalb von wenigen Stunden. Zudem kann es auch gewittern. Die H\u00f6chstwerte liegen zudem nur zwischen 19 und 21 Grad.<\/p>\n<p class=\"article_paragraph__hXYKJ\">Trotzdem versammeln sich schon erste Feiernde nahe des Brandenburger Tors. Einige stehen unter den Schirmen der Bierst\u00e4nde oder suchen unter den B\u00e4umen Schutz. Viele haben sich in Regencapes geh\u00fcllt.<\/p>\n","protected":false},"excerpt":{"rendered":"In Berlin werden am Samstag Zehntausende zur Technoparade \u201eRave the Planet\u201c erwartet. Ab 14 Uhr beginnt die Parade,&hellip;\n","protected":false},"author":2,"featured_media":262925,"comment_status":"","ping_status":"","sticky":false,"template":"","format":"standard","meta":{"footnotes":""},"categories":[1825],"tags":[1941,1939,296,1937,29,30,1940,1938],"class_list":{"0":"post-262924","1":"post","2":"type-post","3":"status-publish","4":"format-standard","5":"has-post-thumbnail","7":"category-berlin","8":"tag-aktuelle-nachrichten-aus-berlin","9":"tag-aktuelle-news-aus-berlin","10":"tag-berlin","11":"tag-berlin-news","12":"tag-deutschland","13":"tag-germany","14":"tag-nachrichten-aus-berlin","15":"tag-news-aus-berlin"},"share_on_mastodon":{"url":"https:\/\/pubeurope.com\/@de\/114841222236687690","error":""},"_links":{"self":[{"href":"https:\/\/www.europesays.com\/de\/wp-json\/wp\/v2\/posts\/262924","targetHints":{"allow":["GET"]}}],"collection":[{"href":"https:\/\/www.europesays.com\/de\/wp-json\/wp\/v2\/posts"}],"about":[{"href":"https:\/\/www.europesays.com\/de\/wp-json\/wp\/v2\/types\/post"}],"author":[{"embeddable":true,"href":"https:\/\/www.europesays.com\/de\/wp-json\/wp\/v2\/users\/2"}],"replies":[{"embeddable":true,"href":"https:\/\/www.europesays.com\/de\/wp-json\/wp\/v2\/comments?post=262924"}],"version-history":[{"count":0,"href":"https:\/\/www.europesays.com\/de\/wp-json\/wp\/v2\/posts\/262924\/revisions"}],"wp:featuredmedia":[{"embeddable":true,"href":"https:\/\/www.europesays.com\/de\/wp-json\/wp\/v2\/media\/262925"}],"wp:attachment":[{"href":"https:\/\/www.europesays.com\/de\/wp-json\/wp\/v2\/media?parent=262924"}],"wp:term":[{"taxonomy":"category","embeddable":true,"href":"https:\/\/www.europesays.com\/de\/wp-json\/wp\/v2\/categories?post=262924"},{"taxonomy":"post_tag","embeddable":true,"href":"https:\/\/www.europesays.com\/de\/wp-json\/wp\/v2\/tags?post=262924"}],"curies":[{"name":"wp","href":"https:\/\/api.w.org\/{rel}","templated":true}]}}