{"id":262939,"date":"2025-07-12T16:41:17","date_gmt":"2025-07-12T16:41:17","guid":{"rendered":"https:\/\/www.europesays.com\/de\/262939\/"},"modified":"2025-07-12T16:41:17","modified_gmt":"2025-07-12T16:41:17","slug":"kid-cudi-und-lola-abecassis-sartore-maerchenhochzeit-in-suedfrankreich","status":"publish","type":"post","link":"https:\/\/www.europesays.com\/de\/262939\/","title":{"rendered":"Kid Cudi und Lola Abecassis Sartore: M\u00e4rchenhochzeit in S\u00fcdfrankreich"},"content":{"rendered":"<p>        Rapper<br \/>\n      Kid Cudi und Lola Abecassis Sartore feiern M\u00e4rchenhochzeit in S\u00fcdfrankreich<\/p>\n<p>            Kopiere den aktuellen Link<\/p>\n<p>          Zur Merkliste hinzuf\u00fcgen<\/p>\n<p>Musiker Kid Cudi und seine Partnerin Lola Abecassis Sartore haben sich das Jawort gegeben. Geheiratet hat das Paar vor malerischer Kulisse an der franz\u00f6sischen C\u00f4te d\u2019Azur.<\/p>\n<p class=\"typo-body-default is-initial\">Der US-amerikanische Rapper Kid Cudi hat seine Partnerin Lola Abecassis Sartore geheiratet. Die Hochzeit fand am 28. Juni im malerischen \u00c8ze, in Frankreich, statt, wie das frisch verm\u00e4hlte Paar <a class=\"link--external\" href=\"https:\/\/www.vogue.com\/slideshow\/kid-cudi-and-lola-abecassis-sartore-wedding\" rel=\"nofollow noopener\" target=\"_blank\">im Interview mit der &#8222;Vogue&#8220;<\/a> verr\u00e4t. &#8222;Es war das reinste Gl\u00fcck. Ein Moment au\u00dferhalb der Zeit, in dem die Welt stillstand und es nur uns beide gab. Wir verga\u00dfen alles um uns herum. Es gab nur uns und unsere Liebe, und es war der reinste Moment&#8220;, schw\u00e4rmt die Ehefrau des Rappers.<\/p>\n<p class=\"typo-body-default\">Das Paar schwebe im siebten Himmel. &#8222;Man m\u00f6chte, dass dieses Gef\u00fchl nie endet. Es war wirklich der perfekteste, makelloseste und friedlichste Tag&#8220;, erz\u00e4hlt sie weiter. Ein Beitrag <a class=\"link--external\" href=\"https:\/\/www.instagram.com\/p\/DL-WprpM4J2\/?img_index=1\" rel=\"nofollow noopener\" target=\"_blank\">auf dem offiziellen Instagram-Account<\/a> des Magazins zeigt zudem Eindr\u00fccke der Hochzeit sowie die Outfits des Paares.<\/p>\n<blockquote class=\"&quot;instagram-media&quot;\" data-instgrm-captioned=\"\" data-instgrm-permalink=\"&quot;https:\/\/www.instagram.com\/p\/DL-nchJSGlN\/?utm_source=ig_embed&amp;utm_campaign=loading&quot;\" data-instgrm-version=\"&quot;14&quot;\" style=\"&quot;\" background:=\"\" border:0=\"\" border-radius:3px=\"\" box-shadow:0=\"\" rgba=\"\" margin:=\"\" max-width:540px=\"\" min-width:326px=\"\" padding:0=\"\" width:99.375=\"\" width:-webkit-calc=\"\" width:calc=\"\"\/>\n<p>An dieser Stelle hat unsere Redaktion Inhalte von Instagram integriert.<\/p>\n<p>Aufgrund Ihrer Datenschutz-Einstellungen wurden diese Inhalte nicht geladen, um Ihre Privatsph\u00e4re zu sch\u00fctzen.<\/p>\n<p>    Diesen Inhalt einmalig anzeigen<\/p>\n<p class=\"typo-body-default\">F\u00fcr die Trauung trug der 41-J\u00e4hrige einen zweireihigen schwarzen Anzug mit Satinrevers, ein wei\u00dfes Hemd und eine Krawatte. Die Braut trug einen schlichten Traum in Wei\u00df mit XXL-Schleppe, der von dem Desginer Alain Paul kreiert wurde.<\/p>\n<p>    27. Mai 2025,23:46<\/p>\n<p><img decoding=\"async\" class=\"image\" src=\"https:\/\/www.europesays.com\/de\/wp-content\/uploads\/2025\/07\/p--diddy.jpg\"   loading=\"lazy\" fetchpriority=\"auto\" alt=\"Die Gerichtszeichnung zeigt Sean &quot;P. Diddy&quot; Combs, w\u00e4hrend der Er\u00f6ffnungspl\u00e4doyers am ersten Verhandlungstag\" title=\"Die Gerichtszeichnung zeigt Sean &quot;P. Diddy&quot; Combs, w\u00e4hrend der Er\u00f6ffnungspl\u00e4doyers am ersten Verhandlungstag\"\/><\/p>\n<p>      <a class=\"teaser__link\" href=\"https:\/\/www.stern.de\/panorama\/verbrechen\/ex-assistentin-sagt-aus--p--diddy-wollte-rapper-umbringen-35761366.html\" data-upscore-url=\"\" rel=\"nofollow noopener\" target=\"_blank\"><\/p>\n<p>            Prozess<br \/>\n                    Ex-Assistentin sagt aus: P. Diddy wollte Rapper Kid Cudi umbringen<\/p>\n<p>      <\/a><\/p>\n<p>  Kid Cudi und Lola Abecassis Sartore: Antrag in Japan, Hochzeit in Frankreich<\/p>\n<p class=\"typo-body-default\">Auch Scott Mescudi, wie der 41-J\u00e4hrige mit b\u00fcrgerlichem Namen hei\u00dft, teilte <a class=\"link--external\" href=\"https:\/\/www.instagram.com\/p\/DL-nchJSGlN\/?img_index=1\" rel=\"nofollow noopener\" target=\"_blank\">auf der Social-Media-Plattform<\/a> eigene Eindr\u00fccke von seinem Hochzeitstag \u2013 inklusive liebevoller Worte. &#8222;Auf diesen Moment habe ich mein ganzes Leben gewartet. Ein wahrhaft ganz besonderer Tag mit tollen Freunden und einer liebevollen Familie. Ich liebe diese Frau so sehr, und ich wei\u00df, sie liebt mich in derselben Weise&#8220;, schrieb der Musiker zu seinem Beitrag.\u00a0<\/p>\n<p class=\"typo-body-default\">Und weiter: &#8222;Auf den Beginn eines neuen Kapitels. Auf mein Baby Lola, uns steht eine wunderbare, fantastische gemeinsame Reise bevor. [&#8230;] Auf eine sch\u00f6ne gemeinsame Zukunft, Frau Mescudi.&#8220; Seine Frau hat also offenbar seinen Nachnamen angenommen.<\/p>\n<p class=\"typo-body-default\">Der Rapper und die Designerin lernten sich 2018 bei einer Modenschau kennen, wurden jedoch erst sp\u00e4ter ein Paar. Laut des Berichts machte Kid Cudi seiner Partnerin nach rund einem Jahr Beziehung im Dezember 2023 einen Heiratsantrag \u2013 kurz vor dem Jahreswechsel im japanischen Kyoto.<\/p>\n<p>\n    SpotOnNews\n  <\/p>\n<p>  <script async src=\"\/\/www.instagram.com\/embed.js\"><\/script><\/p>\n","protected":false},"excerpt":{"rendered":"Rapper Kid Cudi und Lola Abecassis Sartore feiern M\u00e4rchenhochzeit in S\u00fcdfrankreich Kopiere den aktuellen Link Zur Merkliste hinzuf\u00fcgen&hellip;\n","protected":false},"author":2,"featured_media":261106,"comment_status":"","ping_status":"","sticky":false,"template":"","format":"standard","meta":{"footnotes":""},"categories":[1772],"tags":[29,214,30,1779,810,215],"class_list":{"0":"post-262939","1":"post","2":"type-post","3":"status-publish","4":"format-standard","5":"has-post-thumbnail","7":"category-musik","8":"tag-deutschland","9":"tag-entertainment","10":"tag-germany","11":"tag-music","12":"tag-musik","13":"tag-unterhaltung"},"share_on_mastodon":{"url":"https:\/\/pubeurope.com\/@de\/114841261712048828","error":""},"_links":{"self":[{"href":"https:\/\/www.europesays.com\/de\/wp-json\/wp\/v2\/posts\/262939","targetHints":{"allow":["GET"]}}],"collection":[{"href":"https:\/\/www.europesays.com\/de\/wp-json\/wp\/v2\/posts"}],"about":[{"href":"https:\/\/www.europesays.com\/de\/wp-json\/wp\/v2\/types\/post"}],"author":[{"embeddable":true,"href":"https:\/\/www.europesays.com\/de\/wp-json\/wp\/v2\/users\/2"}],"replies":[{"embeddable":true,"href":"https:\/\/www.europesays.com\/de\/wp-json\/wp\/v2\/comments?post=262939"}],"version-history":[{"count":0,"href":"https:\/\/www.europesays.com\/de\/wp-json\/wp\/v2\/posts\/262939\/revisions"}],"wp:featuredmedia":[{"embeddable":true,"href":"https:\/\/www.europesays.com\/de\/wp-json\/wp\/v2\/media\/261106"}],"wp:attachment":[{"href":"https:\/\/www.europesays.com\/de\/wp-json\/wp\/v2\/media?parent=262939"}],"wp:term":[{"taxonomy":"category","embeddable":true,"href":"https:\/\/www.europesays.com\/de\/wp-json\/wp\/v2\/categories?post=262939"},{"taxonomy":"post_tag","embeddable":true,"href":"https:\/\/www.europesays.com\/de\/wp-json\/wp\/v2\/tags?post=262939"}],"curies":[{"name":"wp","href":"https:\/\/api.w.org\/{rel}","templated":true}]}}