{"id":262959,"date":"2025-07-12T16:52:13","date_gmt":"2025-07-12T16:52:13","guid":{"rendered":"https:\/\/www.europesays.com\/de\/262959\/"},"modified":"2025-07-12T16:52:13","modified_gmt":"2025-07-12T16:52:13","slug":"alemannia-gewinnt-knapp-gegen-bonner-sc","status":"publish","type":"post","link":"https:\/\/www.europesays.com\/de\/262959\/","title":{"rendered":"Alemannia gewinnt knapp gegen Bonner SC"},"content":{"rendered":"<p>Testspiel <\/p>\n<p>Alemannia gewinnt knapp gegen Bonner SC<\/p>\n<p>12.07.2025 &#8211; 18:22 UhrLesedauer: 1 Min.<\/p>\n<p><a href=\"#focus-0\" class=\"transition-colors duration-200 focus-within:text-magenta block text-current relative\" data-sctrack=\"FocusGalleryImage.Reference\"><img fetchpriority=\"high\" data-testid=\"Opener.Image\" style=\"--lqipURL:url('https:\/\/images.t-online.de\/2025\/07\/zZDCMKhNYpm2\/0x244:4000x2250\/fit-in\/150x0\/filters:blur(25)\/aachens-neuer-trainer-benedetto-muzzicato-archivbild-seine-mannschaft-siegte-knapp.jpg')\"   loading=\"eager\" src=\"https:\/\/www.europesays.com\/de\/wp-content\/uploads\/2025\/07\/aachens-neuer-trainer-benedetto-muzzicato-archivbild-seine-mannschaft-siegte-knapp.jpg\" alt=\"imago images 1063231563\" title=\"imago images 1063231563\" width=\"4000\" height=\"2250\" class=\"bg-[url:var(--lqipURL)] bg-cover bg-center flex h-full w-full max-w-full\" decoding=\"async\"\/><img style=\"--width:32;--height:32\" loading=\"lazy\" src=\"https:\/\/www.t-online.de\/s\/paper\/_next\/static\/media\/zoom-in.f7dae02f.svg\" alt=\"Vergr\u00f6\u00dfern des Bildes\" title=\"Vergr\u00f6\u00dfern des Bildes\" class=\"block h-[calc(var(--height)_\/_16_*_1rem)] w-[calc(var(--width)_\/_16_*_1rem)] max-w-none absolute bottom-8 right-8 rounded-4 bg-snow p-8\" decoding=\"async\"\/><\/a><\/p>\n<p>Aachens neuer Trainer Benedetto Muzzicato (Archivbild): Seine Mannschaft siegte knapp. (Quelle: IMAGO\/Eibner-Pressefoto\/Justin Deronde)<\/p>\n<p class=\"font-bold text-18 leading-17\">Die Alemannia setzt sich im f\u00fcnften Vorbereitungsspiel gegen den Regionalligisten Bonner SC durch. Testspieler Joselpho Barnes erzielt das entscheidende Tor per Kopf.<\/p>\n<p class=\"text-18 leading-17\">Alemannia <a class=\"transition-colors duration-200 cursor-pointer text-inherit no-underline text-salemsfur md:hover:text-magenta md:hover:border-magenta md:focus:text-magenta border-current border-b border-solid break-words\" href=\"https:\/\/www.t-online.de\/themen\/aachen\/\" data-sctrack=\"BodyAnchor\" target=\"_blank\" rel=\"noopener\">Aachen<\/a> hat sein f\u00fcnftes Testspiel der Saisonvorbereitung gewonnen. Nach Angaben des Vereins setzte sich die Mannschaft von Trainer Benedetto Muzzicato mit 1:0 gegen den Bonner SC aus der Regionalliga West durch.<\/p>\n<p class=\"text-18 leading-17\">Das entscheidende Tor erzielte Testspieler Joselpho Barnes per Kopf in der 23. Minute. Die Aachener zeigten zun\u00e4chst Schw\u00e4chen, was auf die hohe Belastung zur\u00fcckzuf\u00fchren sein k\u00f6nnte \u2013 erst am Vorabend hatte das Team beim niederl\u00e4ndischen Zweitligisten Roda JC Kerkrade gespielt.<\/p>\n<p class=\"text-18 leading-17\">In der Anfangsphase kam der Bonner SC zu mehreren Chancen. Adis Omerbasic verfehlte das Tor in der dritten Minute knapp und scheiterte drei Minuten sp\u00e4ter freistehend vor Aachens Torh\u00fcter Tom Hendriks. Danach fand die Alemannia besser ins Spiel und erarbeitete sich vor allem \u00fcber die linke Seite mit Sasa Strujic und Marc Richter eigene M\u00f6glichkeiten.<\/p>\n<p class=\"text-18 leading-17\">Nach der Pause pr\u00e4sentierten sich die Aachener wacher. Das Spieltempo lie\u00df in der zweiten Halbzeit sp\u00fcrbar nach, als beide Teams zahlreich wechselten. Bei der Alemannia kamen vor allem Spieler aus der eigenen Jugend zum Einsatz.<\/p>\n<p class=\"text-18 leading-17\">Das n\u00e4chste Testspiel bestreitet <a class=\"transition-colors duration-200 cursor-pointer text-inherit no-underline text-salemsfur md:hover:text-magenta md:hover:border-magenta md:focus:text-magenta border-current border-b border-solid break-words\" href=\"https:\/\/www.t-online.de\/themen\/alemannia-aachen\/\" data-sctrack=\"BodyAnchor\" target=\"_blank\" rel=\"noopener\">Alemannia Aachen<\/a> am kommenden Samstag (19. Juli) um 18 Uhr gegen Patro Eisden Maasmechelen in <a class=\"transition-colors duration-200 cursor-pointer text-inherit no-underline text-salemsfur md:hover:text-magenta md:hover:border-magenta md:focus:text-magenta border-current border-b border-solid break-words\" href=\"https:\/\/www.t-online.de\/themen\/belgien\/\" data-sctrack=\"BodyAnchor\" target=\"_blank\" rel=\"noopener\">Belgien<\/a>.<\/p>\n","protected":false},"excerpt":{"rendered":"Testspiel Alemannia gewinnt knapp gegen Bonner SC 12.07.2025 &#8211; 18:22 UhrLesedauer: 1 Min. Aachens neuer Trainer Benedetto Muzzicato&hellip;\n","protected":false},"author":2,"featured_media":262960,"comment_status":"","ping_status":"","sticky":false,"template":"","format":"standard","meta":{"footnotes":""},"categories":[1853],"tags":[722,17161,1424,999,72881,3842,3364,29,548,663,3934,30,13,79614,14,15,1209,58948,64361,12,11460,57305],"class_list":{"0":"post-262959","1":"post","2":"type-post","3":"status-publish","4":"format-standard","5":"has-post-thumbnail","7":"category-aachen","8":"tag-722","9":"tag-17161","10":"tag-aachen","11":"tag-alemannia-aachen","12":"tag-benedetto-muzzicato","13":"tag-bonner-sc","14":"tag-de","15":"tag-deutschland","16":"tag-eu","17":"tag-europa","18":"tag-europe","19":"tag-germany","20":"tag-headlines","21":"tag-joselpho-barnes","22":"tag-nachrichten","23":"tag-news","24":"tag-nordrhein-westfalen","25":"tag-regionalligist","26":"tag-saisonvorbereitung","27":"tag-schlagzeilen","28":"tag-testspiel","29":"tag-vorbereitungsspiel"},"share_on_mastodon":{"url":"https:\/\/pubeurope.com\/@de\/114841304899526886","error":""},"_links":{"self":[{"href":"https:\/\/www.europesays.com\/de\/wp-json\/wp\/v2\/posts\/262959","targetHints":{"allow":["GET"]}}],"collection":[{"href":"https:\/\/www.europesays.com\/de\/wp-json\/wp\/v2\/posts"}],"about":[{"href":"https:\/\/www.europesays.com\/de\/wp-json\/wp\/v2\/types\/post"}],"author":[{"embeddable":true,"href":"https:\/\/www.europesays.com\/de\/wp-json\/wp\/v2\/users\/2"}],"replies":[{"embeddable":true,"href":"https:\/\/www.europesays.com\/de\/wp-json\/wp\/v2\/comments?post=262959"}],"version-history":[{"count":0,"href":"https:\/\/www.europesays.com\/de\/wp-json\/wp\/v2\/posts\/262959\/revisions"}],"wp:featuredmedia":[{"embeddable":true,"href":"https:\/\/www.europesays.com\/de\/wp-json\/wp\/v2\/media\/262960"}],"wp:attachment":[{"href":"https:\/\/www.europesays.com\/de\/wp-json\/wp\/v2\/media?parent=262959"}],"wp:term":[{"taxonomy":"category","embeddable":true,"href":"https:\/\/www.europesays.com\/de\/wp-json\/wp\/v2\/categories?post=262959"},{"taxonomy":"post_tag","embeddable":true,"href":"https:\/\/www.europesays.com\/de\/wp-json\/wp\/v2\/tags?post=262959"}],"curies":[{"name":"wp","href":"https:\/\/api.w.org\/{rel}","templated":true}]}}