{"id":263001,"date":"2025-07-12T17:15:16","date_gmt":"2025-07-12T17:15:16","guid":{"rendered":"https:\/\/www.europesays.com\/de\/263001\/"},"modified":"2025-07-12T17:15:16","modified_gmt":"2025-07-12T17:15:16","slug":"ein-literarischer-sommer-in-suedfrankreich","status":"publish","type":"post","link":"https:\/\/www.europesays.com\/de\/263001\/","title":{"rendered":"Ein literarischer Sommer in S\u00fcdfrankreich"},"content":{"rendered":"<p class=\"font-sans font-medium\">Essen. Zikaden, Lavendel, C\u00f4te d\u2019Azur: Frankreich zieht Menschen in den Bann \u2013 auch literarisch. Zur Urlaubszeit gibt es neue Provence-Krimis.<\/p>\n<p>Das ewige Konzert der Zikaden, Pastis und Ros\u00e9wein, Lavendel und blauer Himmel, die frische Brise am Mittelmeer: Das und mehr zieht Millionen Touristen jedes Jahr nach <a href=\"https:\/\/www.waz.de\/panorama\/frankreich\/\" data-category-full-path=\"https:\/\/www.waz.de\/panorama\/\" data-paid-status=\"free\" data-article-publish-date=\"1656498979\" rel=\"nofollow noopener\" target=\"_blank\">Frankreich<\/a>. 100 Millionen ausl\u00e4ndische G\u00e4ste besuchten 2024 das Land, das Sehnsucht nach Licht weckt. \u201eZwischen kosmopolitischer Gesch\u00e4ftigkeit und mediterranem Laisser-faire ist es zweifelsohne das Licht, das gl\u00fccklich stimmt\u201c, beschreibt Autorin Jos\u00e9phine Nicolas alias Christiane Adlung ihre Liebe zu S\u00fcdfrankreich. Mit ihren Romanen \u201eTage mit Gatsby\u201c (2021) und \u201eDas Haus am Meeresufer\u201c (2023, beide Dumont) nimmt sie den Leser mit auf eine Reise in die Goldenen Zwanziger Jahre an die C\u00f4te d\u2019Azur. <\/p>\n<p>Die Provence mit ihrer azurblauen Mittelmeerk\u00fcste ist heute ein beliebtes Reiseziel der Deutschen \u2013 mit steigender Tendenz. Davon profitieren auch renommierte Buchverlage, die stets zum Beginn der <a href=\"https:\/\/www.waz.de\/rhein-und-ruhr\/article409388841\/grosseltern-koennten-ruhepol-sein-tipps-fuer-den-familienurlaub.html\" data-category-full-path=\"https:\/\/www.waz.de\/rhein-und-ruhr\/\" data-paid-status=\"premium\" data-article-publish-date=\"1751819160\" rel=\"nofollow noopener\" target=\"_blank\">Sommerurlaubszeit<\/a> neue Provence-Krimis beliebter Autoren auf den Markt bringen, die das so typisch franz\u00f6sische Savoir-vivre mit ein wenig Nervenkitzel w\u00fcrzen.<\/p>\n<p>   Sophie Bonnet: Bunte Stoffe und die Pariser Haute Couture  <\/p>\n<p>Sophie Bonnet entf\u00fchrt im elften Fall f\u00fcr Pierre Durand, \u201eProvenzalisches Licht\u201c (blanvalet), in die schillernde Welt der <a href=\"https:\/\/www.waz.de\/themen\/mode-lifestyle\/\" rel=\"nofollow noopener\" target=\"_blank\">Mode<\/a> und gew\u00e4hrt einen Einblick in die Fertigung der farbenfrohen traditionellen provenzalischen Stoffe. \u201eIch bin ein sehr visueller Mensch\u201c, sagt Sophie Bonnet und verr\u00e4t, dass sie das Thema Mode schon lange auf dem Block hatte. Die Hamburgerin, die viel Zeit in der Provence verbringt, hat selbst einmal in der Modebranche gearbeitet und kennt den Background dieser glamour\u00f6sen Welt. \u201eInzwischen hat sich viel ver\u00e4ndert. F\u00fcr die Modesch\u00f6pfer gestaltet sich die Situation immer schwieriger.\u201c In ihrem neuen Krimi \u00f6ffnet sie die T\u00fcr zu einer leuchtend bunten Welt, in der die traditionellen provenzalischen Stoffe und die Pariser Haute Couture eine Melange eingehen.<\/p>\n<p>Im kleinen Sainte-Val\u00e9rie im Luberon findet die Modenschau des Designers Cyril Fontanel statt, und der Chef de Police, Pierre Durand, hat alle H\u00e4nde voll damit zu tun, f\u00fcr die Sicherheit der illustren G\u00e4ste zu sorgen. Doch als Fontanel anonyme Morddrohungen erh\u00e4lt, wird die Sache heikel. Auf die glitzernde Welt der Mode f\u00e4llt ein Schatten. \u201eOhne Mord geht es nun mal nicht\u201c, sagt Bonnet. Die <a href=\"https:\/\/www.waz.de\/rhein-und-ruhr\/article409232013\/monster-von-florenz-das-raetsel-um-den-brutalen-serienmoerder.html\" data-category-full-path=\"https:\/\/www.waz.de\/rhein-und-ruhr\/\" data-paid-status=\"free\" data-article-publish-date=\"1749963600\" rel=\"nofollow noopener\" target=\"_blank\">Suche nach dem T\u00e4ter<\/a> f\u00fchrt Durand in das etwas abseits der Touristenstr\u00f6me gelegene Tarascon. <\/p>\n<p>Ein Besuch lohnt sich: Dort ist der Stammsitz der provenzalischen Stoff- und Modemanufaktur Soleiado mit Boutique und Museum. Ganz in der N\u00e4he in Saint-\u00c9tienne-du-Gr\u00e8s befindet sich die 1818 gegr\u00fcndete Stoffdruckerei Les Olivades (Name seit 1977), die als einzige die alte Kunst des Stoffdrucks in S\u00fcdfrankreich fortf\u00fchrt und weiterentwickelt. \u201eEs war faszinierend, dar\u00fcber vor Ort zu erfahren.\u201c<\/p>\n<p>   Cay Rademacher: Geheimnisvolle Suche in antiker St\u00e4tte  <\/p>\n<p>Cay Rademacher ger\u00e4t ins Schw\u00e4rmen, wenn er \u00fcber seinen neuen Provence-Krimi spricht: \u201eDie Alpilles sind eine wahnsinnig sch\u00f6ne Landschaft. Die Natur ist dort atemberaubend, die Stille, die T\u00e4ler, die Ausblicke.\u201c Die Kalksteinkette im S\u00fcdwesten der Provence zwischen Salon-de-Provence, Cavaillon und Arles hat es nicht nur ihm angetan. <a href=\"https:\/\/www.waz.de\/rhein-und-ruhr\/article409239582\/mit-der-mutter-auf-dem-jakobsweg-ein-gewagtes-experiment.html\" data-category-full-path=\"https:\/\/www.waz.de\/rhein-und-ruhr\/\" data-paid-status=\"premium\" data-article-publish-date=\"1750575600\" rel=\"nofollow noopener\" target=\"_blank\">Wanderer<\/a> und Naturliebhaber besuchen Jahr f\u00fcr Jahr diese Region. Dort liegt der Schauplatz des 12. Falls von Capitaine Roger Blanc. <\/p>\n<p>In \u201eR\u00e4tselhaftes Saint-R\u00e9my\u201c (Dumont) bringt der Autor seinen Lesern nicht nur die dortige Flora und Fauna n\u00e4her, sondern auch Glanum, das Pompeji der Provence. In den antiken Ruinen aus der R\u00f6merzeit f\u00fchrt ein junger Arch\u00e4ologe der Pariser Sorbonne Ausgrabungen durch. Doch bald wird der Forscher im Schacht einer Quelle, die den Kelten, Griechen und R\u00f6mern heilig war, ermordet aufgefunden.<\/p>\n<p>    <img decoding=\"async\" src=\"https:\/\/www.europesays.com\/de\/wp-content\/uploads\/2025\/07\/409406560_1751970321_v16_9_1200.jpeg\" class=\"block w-full aspect-[16\/9] \" alt=\"In \u201eR\u00e4tselhaftes Saint-R\u00e9my\u201c (Dumont) erleben die Leser Glanum, das Pompeji der Provence.\u00a0(Symbolbild)\" title=\"In \u201eR\u00e4tselhaftes Saint-R\u00e9my\u201c (Dumont) erleben die Leser Glanum, das Pompeji der Provence.\u00a0(Symbolbild)\" loading=\"lazy\"\/><\/p>\n<p>\n      In \u201eR\u00e4tselhaftes Saint-R\u00e9my\u201c (Dumont) erleben die Leser Glanum, das Pompeji der Provence.\u00a0(Symbolbild)<br \/>\n      \u00a9 Shutterstock \/ trabantos | trabantos\n    <\/p>\n<p>Die Spuren f\u00fchren auch in das sch\u00f6ne und bei Touristen so beliebte St\u00e4dtchen Saint-R\u00e9my. Rademacher: \u201eDer Leser wird die Orte wiedererkennen. Die Caf\u00e9s und <a href=\"https:\/\/www.waz.de\/ratgeber-wissen\/article409390215\/extreme-hitze-cool-bleiben-ist-jetzt-wichtiger-denn-je.html\" data-category-full-path=\"\/ratgeber-wissen\/\" data-paid-status=\"free\" data-article-publish-date=\"1751345825\" rel=\"nofollow noopener\" target=\"_blank\">schattigen Pl\u00e4tze<\/a>, das Hotel an der Avenue Pasteur Richtung Glanum. Nat\u00fcrlich spielt das Arch\u00e4ologische Museum, das H\u00f4tel de Sade, auch eine Rolle.\u201c Der Historiker spinnt den Faden von Glanum, zum alten Stadtpalais und der Familie de Sade. \u201eEs gibt viele Verd\u00e4chtige und ein Verbrechen, das vor Jahrzehnten geschehen war. Ein Cold Case. Solche F\u00e4lle faszinieren mich besonders.\u201c <\/p>\n<p>    Auch interessant<\/p>\n<p>    <img decoding=\"async\" src=\"https:\/\/www.europesays.com\/de\/wp-content\/uploads\/2025\/07\/409306350_1750675194_v1_1_200.jpeg\" class=\"block w-full aspect-[1\/1] \" alt=\"Der Herzenswunsch von Sieglinde: Einmal den Jakobsweg laufen. Ihr Sohn Tobias Schlegl begibt sich schlie\u00dflich mit ihr auf die Reise nach Spanien. \" title=\"Der Herzenswunsch von Sieglinde: Einmal den Jakobsweg laufen. Ihr Sohn Tobias Schlegl begibt sich schlie\u00dflich mit ihr auf die Reise nach Spanien. \" loading=\"lazy\"\/><\/p>\n<p>Rademacher, der mit seiner <a href=\"https:\/\/www.waz.de\/freizeit\/familie-in-nrw-alle-artikel-und-infos-auf-einen-blick\/\" data-category-full-path=\"https:\/\/www.waz.de\/freizeit\/\" data-paid-status=\"free\" data-article-publish-date=\"1736858180\" rel=\"nofollow noopener\" target=\"_blank\">Familie<\/a> seit vielen Jahren in der N\u00e4he von Salon-de-Provence lebt, will jetzt die n\u00f6rdliche Provence erkunden \u2013 in Wanderschuhen. Und weil es ihm Spa\u00df macht, Orte zu entdecken und zu beschreiben, darf sein Krimi-Held Roger Blanc 2026 im 13. Fall in einem gr\u00f6\u00dferen Radius ermitteln. \u201eEntspricht vielleicht nicht ganz den franz\u00f6sischen Polizeistrukturen, aber im Roman sicher legitim.\u201c<\/p>\n<p>  Pierre Martin: Partylaune mit fadem Beigeschmack  <\/p>\n<p>Die wahre Identit\u00e4t von Pierre Martin bleibt weiterhin ein Geheimnis. Der unbekannte Autor nimmt seine Fans in seinem 12. Provence-Krimi wieder mit auf die Halbinsel von Saint-Tropez, wo der Jetset sich im <a href=\"https:\/\/www.waz.de\/freizeit\/article409331137\/wetter-in-nrw-sommer-hitze-hitzewarnung.html\" data-category-full-path=\"https:\/\/www.waz.de\/freizeit\/\" data-paid-status=\"free\" data-article-publish-date=\"1751516400\" rel=\"nofollow noopener\" target=\"_blank\">Sommer<\/a> gerne in den teuren Strandklubs vergn\u00fcgt. In \u201eMadame le Commissaire und die gef\u00e4hrliche Begierde\u201c (Knaur) bekommt das ausschweifende Partyleben einen faden Beigeschmack. Isabelle Bonnets beste Freundin Clodine wird fr\u00fchmorgens v\u00f6llig nackt und verwirrt am Strand von Pampelonne aufgegriffen und kann sich an nichts mehr erinnern. Wurden ihr Drogen verabreicht? Isabelles Kollege, der etwas schrullige Apollinaire, st\u00f6\u00dft auf einen \u00e4hnlichen Fall \u2013 mit einer toten Frau.<\/p>\n<p>    <img decoding=\"async\" src=\"https:\/\/www.europesays.com\/de\/wp-content\/uploads\/2025\/07\/409406458_1751970324_v16_9_1200.jpeg\" class=\"block w-full aspect-[16\/9] \" alt=\"Der Provence-Krimi \u201eMadame le Commissaire und die gef\u00e4hrliche Begierde\u201c\u00a0spielt in Saint-Tropez. (Symbolbild)\" title=\"Der Provence-Krimi \u201eMadame le Commissaire und die gef\u00e4hrliche Begierde\u201c\u00a0spielt in Saint-Tropez. (Symbolbild)\" loading=\"lazy\"\/><\/p>\n<p>\n      Der Provence-Krimi \u201eMadame le Commissaire und die gef\u00e4hrliche Begierde\u201c\u00a0spielt in Saint-Tropez. (Symbolbild)<br \/>\n      \u00a9 Shutterstock \/ xbrchx | xbrchx\n    <\/p>\n<p>Der geheimnisvolle Pierre Martin hat f\u00fcr seine Fans noch eine gute Nachricht. Seine Krimi-Reihe um Monsieur le Comte wird fortgesetzt. Lucien Comte de Characasse tr\u00e4gt ein schweres Erbe: Das alte Adelsgeschlecht gibt seit Generationen die Kunst des T\u00f6tens an die Nachkommen weiter. Doch Auftragsmorde liegen dem Frauenliebhaber und Weinkenner nun mal \u00fcberhaupt nicht. Der dritte Band Monsieur le Comte und die Kunst der Entf\u00fchrung erscheint im November.<\/p>\n<p>   Marcel Pagnol: Eine literarische Reise in die Provence  <\/p>\n<p>Es geht auch ohne Krimi: Marcel Pagnols Kindheitserinnerungen an die Provence sind ein hinrei\u00dfendes Lesevergn\u00fcgen und zeitlos sch\u00f6n. Die Romane aus den 1950er Jahren verspr\u00fchen den Zauber des Midi. Die Kindheitserinnerungen des Schriftstellers sind eine Hommage an das Land des Lavendels und wecken Reiselust.<\/p>\n<p>    <img decoding=\"async\" src=\"https:\/\/www.europesays.com\/de\/wp-content\/uploads\/2025\/07\/409406457_1751970322_v16_9_1200.jpeg\" class=\"block w-full aspect-[16\/9] \" alt=\"Lavendel bl\u00fcht auf einem Feld vor dem Kloster S\u00e9nanque im S\u00fcden Frankreichs. (Symbolbild)\" title=\"Lavendel bl\u00fcht auf einem Feld vor dem Kloster S\u00e9nanque im S\u00fcden Frankreichs. (Symbolbild)\" loading=\"lazy\"\/><\/p>\n<p>\n      Lavendel bl\u00fcht auf einem Feld vor dem Kloster S\u00e9nanque im S\u00fcden Frankreichs. (Symbolbild)<br \/>\n      \u00a9 Shutterstock \/ Boris Stroujko | Boris Stroujko\n    <\/p>\n<p>Wir verlie\u00dfen das Dorf, nun begann der Zauber, und ich f\u00fchlte das Erwachen einer Liebe, die mein Leben lang dauern sollte. So erinnert sich Marcel Pagnol im Alter von 62 Jahren an den Beginn seiner ersten <a href=\"https:\/\/www.waz.de\/rhein-und-ruhr\/article407612873\/familienurlaub-2025-so-teuer-wird-er-und-so-kann-man-sparen.html\" data-category-full-path=\"https:\/\/www.waz.de\/rhein-und-ruhr\/\" data-paid-status=\"premium\" data-article-publish-date=\"1745413863\" rel=\"nofollow noopener\" target=\"_blank\">Ferien<\/a> im Sommer 1904. Zusammen mit seiner Familie begibt sich der Neunj\u00e4hrige auf die beschwerliche Reise von Marseille in die nur knapp zwanzig Kilometer entfernte La Bastide Neuve. Mit Pferdekarren, Trambahn und vor allem zu Fu\u00df f\u00fchrt der Weg ins Dorf La Treille \u2013 heute ein Stadtteil von Marseille. <\/p>\n<p>Ein Sommer voller Entdeckungen und Erfahrungen liegt vor Marcel. In seinen Jugenderinnerungen \u201eEine Kindheit in der Provence\u201c, ver\u00f6ffentlicht 1957, beschreibt er die Einzigartigkeit dieser Landschaft, in der sich eine leichte Brise erhob und pl\u00f6tzlich Lavendel- und Thymianduft entfachte. Noch im selben Jahr setzt er die Geschichte mit dem Roman Das Schloss meiner Mutter fort. Mit Marcel und Isabelle, der Erz\u00e4hlung des Sommers 1905, beendet er die Trilogie 1959. In diesem dritten Buch bringt das M\u00e4dchen Isabelle Unordnung in sein Kindheitsparadies, das letztendlich aber seine Magie bewahrt.<\/p>\n<p><strong>+++ Die Digitale Sonntagszeitung ist f\u00fcr alle Zeitungsabonnenten kostenfrei.<\/strong> <a href=\"https:\/\/www.waz.de\/freischalten\" rel=\"nofollow noopener\" target=\"_blank\">Hier k\u00f6nnen Sie sich freischalten lassen.<\/a> <strong>Sie sind noch kein Abonnent?<\/strong> <a href=\"https:\/\/www.waz.de\/abo\" rel=\"nofollow noopener\" target=\"_blank\">Hier geht es zu unseren Angeboten.<\/a><strong> +++<\/strong><\/p>\n<p>Eine Liebeserkl\u00e4rung an die Provence in drei Teilen in der \u00dcbersetzung von Pamela Wedekind erschienen im Piper Verlag. Marcel Pagnols Kindheitserinnerungen an die Provence wecken auf jeden Fall Reiselust. Dass die Erlebnisse und die Ber\u00fchrung mit <a href=\"https:\/\/www.waz.de\/rhein-und-ruhr\/article409275037\/tipps-fuer-anfaenger-diese-orchideen-sind-besonders-pflegeleicht.html\" data-category-full-path=\"https:\/\/www.waz.de\/rhein-und-ruhr\/\" data-paid-status=\"free\" data-article-publish-date=\"1750674840\" rel=\"nofollow noopener\" target=\"_blank\">Flora und Fauna<\/a> des Neunj\u00e4hrigen beinahe 120 Jahre zur\u00fcckliegen, vergisst der Leser schnell.<\/p>\n","protected":false},"excerpt":{"rendered":"Essen. Zikaden, Lavendel, C\u00f4te d\u2019Azur: Frankreich zieht Menschen in den Bann \u2013 auch literarisch. Zur Urlaubszeit gibt es&hellip;\n","protected":false},"author":2,"featured_media":263002,"comment_status":"","ping_status":"","sticky":false,"template":"","format":"standard","meta":{"footnotes":""},"categories":[3974],"tags":[331,332,548,663,3934,3980,156,13,14,15,12],"class_list":{"0":"post-263001","1":"post","2":"type-post","3":"status-publish","4":"format-standard","5":"has-post-thumbnail","7":"category-frankreich","8":"tag-aktuelle-nachrichten","9":"tag-aktuelle-news","10":"tag-eu","11":"tag-europa","12":"tag-europe","13":"tag-france","14":"tag-frankreich","15":"tag-headlines","16":"tag-nachrichten","17":"tag-news","18":"tag-schlagzeilen"},"share_on_mastodon":{"url":"https:\/\/pubeurope.com\/@de\/114841395277408315","error":""},"_links":{"self":[{"href":"https:\/\/www.europesays.com\/de\/wp-json\/wp\/v2\/posts\/263001","targetHints":{"allow":["GET"]}}],"collection":[{"href":"https:\/\/www.europesays.com\/de\/wp-json\/wp\/v2\/posts"}],"about":[{"href":"https:\/\/www.europesays.com\/de\/wp-json\/wp\/v2\/types\/post"}],"author":[{"embeddable":true,"href":"https:\/\/www.europesays.com\/de\/wp-json\/wp\/v2\/users\/2"}],"replies":[{"embeddable":true,"href":"https:\/\/www.europesays.com\/de\/wp-json\/wp\/v2\/comments?post=263001"}],"version-history":[{"count":0,"href":"https:\/\/www.europesays.com\/de\/wp-json\/wp\/v2\/posts\/263001\/revisions"}],"wp:featuredmedia":[{"embeddable":true,"href":"https:\/\/www.europesays.com\/de\/wp-json\/wp\/v2\/media\/263002"}],"wp:attachment":[{"href":"https:\/\/www.europesays.com\/de\/wp-json\/wp\/v2\/media?parent=263001"}],"wp:term":[{"taxonomy":"category","embeddable":true,"href":"https:\/\/www.europesays.com\/de\/wp-json\/wp\/v2\/categories?post=263001"},{"taxonomy":"post_tag","embeddable":true,"href":"https:\/\/www.europesays.com\/de\/wp-json\/wp\/v2\/tags?post=263001"}],"curies":[{"name":"wp","href":"https:\/\/api.w.org\/{rel}","templated":true}]}}