{"id":263081,"date":"2025-07-12T17:59:11","date_gmt":"2025-07-12T17:59:11","guid":{"rendered":"https:\/\/www.europesays.com\/de\/263081\/"},"modified":"2025-07-12T17:59:11","modified_gmt":"2025-07-12T17:59:11","slug":"guido-kasmann-als-neuer-noerdlinger-stadtschreiber-ein-autor-mit-lehrerfahrung","status":"publish","type":"post","link":"https:\/\/www.europesays.com\/de\/263081\/","title":{"rendered":"Guido Kasmann als neuer N\u00f6rdlinger Stadtschreiber: Ein Autor mit Lehrerfahrung"},"content":{"rendered":"<p class=\"mb-6 text-xs md:text-m lg:text-l font-serif group-[.font-sans]:font-sans \">\n    <strong class=\"font-bold\"><strong class=\"font-bold\">Herr Kasmann, Sie werden als neuer Stadtschreiber von Fr\u00fchjahr bis Sommer 2026 in <a href=\"https:\/\/www.augsburger-allgemeine.de\/noerdlingen\/ort\/noerdlingen\" target=\"_self\" class=\"underline \" rel=\"nofollow noopener\">N\u00f6rdlingen<\/a> sein. K\u00fcrzlich waren Sie zur Vertragsunterzeichnung in N\u00f6rdlingen und haben bereits an Grundschulen vorgelesen. Was sind Ihre ersten Eindr\u00fccke von Ihrem neuen Wirkungsort?<\/strong><\/strong><br \/><strong class=\"font-bold font-sans\">KASMANN:<\/strong> Mein neuer Wirkungsort ist gar nicht neu f\u00fcr mich. Ich war das erste Mal 2008 in N\u00f6rdlingen, eingeladen von Frau H\u00e4ffner von der Stadtbibliothek, und ich bin seither \u2013 bis auf die Pandemie-Zeit \u2014 <a href=\"https:\/\/www.augsburger-allgemeine.de\/wertingen\/Kulturtage-Autor-begeistert-Schulkinder-id55730881.html\" target=\"_self\" class=\"underline \" rel=\"nofollow noopener\">jedes Jahr mindestens einmal in N\u00f6rdlingen gewesen.<\/a> Ich betrete n\u00e4chstes Jahr also sehr vertrautes Terrain. Das bezieht sich auf den Ort, aber vor allen Dingen auch darauf, dass ich einige Menschen in N\u00f6rdlingen bereits gut kenne und zu meinen Freunden z\u00e4hle.\n  <\/p>\n<ul data-module-id=\"DragDropModule\" class=\"flex flex-wrap justify-start group-[.no-bookmarks]:hidden\">\n<li class=\"mb-3 mr-3\">\n    Matthias Link<\/p>\n<p>      Icon Haken im Kreis gesetzt<\/p>\n<p>      Icon Plus im Kreis<\/p>\n<\/li>\n<li class=\"mb-3 mr-3\">\n    N\u00f6rdlingen<\/p>\n<p>      Icon Haken im Kreis gesetzt<\/p>\n<p>      Icon Plus im Kreis<\/p>\n<\/li>\n<li class=\"mb-3 mr-3\">\n    K\u00f6ln<\/p>\n<p>      Icon Haken im Kreis gesetzt<\/p>\n<p>      Icon Plus im Kreis<\/p>\n<\/li>\n<\/ul>\n","protected":false},"excerpt":{"rendered":"Herr Kasmann, Sie werden als neuer Stadtschreiber von Fr\u00fchjahr bis Sommer 2026 in N\u00f6rdlingen sein. K\u00fcrzlich waren Sie&hellip;\n","protected":false},"author":2,"featured_media":263082,"comment_status":"","ping_status":"","sticky":false,"template":"","format":"standard","meta":{"footnotes":""},"categories":[1774],"tags":[1784,1785,29,214,30,215],"class_list":{"0":"post-263081","1":"post","2":"type-post","3":"status-publish","4":"format-standard","5":"has-post-thumbnail","7":"category-buecher","8":"tag-books","9":"tag-buecher","10":"tag-deutschland","11":"tag-entertainment","12":"tag-germany","13":"tag-unterhaltung"},"share_on_mastodon":{"url":"https:\/\/pubeurope.com\/@de\/114841568180156605","error":""},"_links":{"self":[{"href":"https:\/\/www.europesays.com\/de\/wp-json\/wp\/v2\/posts\/263081","targetHints":{"allow":["GET"]}}],"collection":[{"href":"https:\/\/www.europesays.com\/de\/wp-json\/wp\/v2\/posts"}],"about":[{"href":"https:\/\/www.europesays.com\/de\/wp-json\/wp\/v2\/types\/post"}],"author":[{"embeddable":true,"href":"https:\/\/www.europesays.com\/de\/wp-json\/wp\/v2\/users\/2"}],"replies":[{"embeddable":true,"href":"https:\/\/www.europesays.com\/de\/wp-json\/wp\/v2\/comments?post=263081"}],"version-history":[{"count":0,"href":"https:\/\/www.europesays.com\/de\/wp-json\/wp\/v2\/posts\/263081\/revisions"}],"wp:featuredmedia":[{"embeddable":true,"href":"https:\/\/www.europesays.com\/de\/wp-json\/wp\/v2\/media\/263082"}],"wp:attachment":[{"href":"https:\/\/www.europesays.com\/de\/wp-json\/wp\/v2\/media?parent=263081"}],"wp:term":[{"taxonomy":"category","embeddable":true,"href":"https:\/\/www.europesays.com\/de\/wp-json\/wp\/v2\/categories?post=263081"},{"taxonomy":"post_tag","embeddable":true,"href":"https:\/\/www.europesays.com\/de\/wp-json\/wp\/v2\/tags?post=263081"}],"curies":[{"name":"wp","href":"https:\/\/api.w.org\/{rel}","templated":true}]}}