{"id":263093,"date":"2025-07-12T18:05:18","date_gmt":"2025-07-12T18:05:18","guid":{"rendered":"https:\/\/www.europesays.com\/de\/263093\/"},"modified":"2025-07-12T18:05:18","modified_gmt":"2025-07-12T18:05:18","slug":"pedro-pascal-darum-schlaegt-sein-herz-so-fuer-seine-schwester-unterhaltung","status":"publish","type":"post","link":"https:\/\/www.europesays.com\/de\/263093\/","title":{"rendered":"Pedro Pascal: Darum schl\u00e4gt sein Herz so f\u00fcr seine Schwester | Unterhaltung"},"content":{"rendered":"<p>Los Angeles \u2013 <b>Er ist Action-Held, Frauenschwarm und nicht nur auf der Kino-Leinwand ein echter \u201eMr. Fantastic\u201c. Hollywoodstar Pedro Pascal wird im neuen Marvel-Blockbuster \u201eFantastic Four\u201c (ab 24. Juli im Kino) zum Superhelden. Privat ist er vor allem f\u00fcr iein Held: Schwester Lux, die 1992 als Pedros kleiner Bruder Lucas zur Welt kam.<\/b><\/p>\n<p><img decoding=\"async\" width=\"992\" height=\"1178\" alt=\"Pedro Pascal (r.) mit seiner Schwester Lux bei einer Veranstaltung im Jahr 2022. Beide kommen gerne zusammen zu Film- und gro\u00dfen Serien-Premieren\" src=\"https:\/\/www.europesays.com\/de\/wp-content\/uploads\/2025\/07\/4115a067ca0ebd50e49777544fe73f73,37ae2fd7\"   class=\"portrait\" loading=\"lazy\"\/><\/p>\n<p class=\"fig__caption__text\">Pedro Pascal (r.) mit seiner Schwester Lux bei einer Veranstaltung im Jahr 2022. Beide kommen gerne zusammen zu Film- und gro\u00dfen Serien-Premieren<\/p>\n<p>Foto: WireImage<\/p>\n<p>Sein Besch\u00fctzerinstinkt ist seine wahre Superkraft! Als Lux 2021 ihr Coming-out als Transfrau hatte, stand Pedro Pascal fest an ihrer Seite. Auf Instagram schrieb er liebevoll: \u201eMeine Schwester, mein Herz, unsere Lux.\u201c Und betonte in einem Interview mit dem \u201eEsquire\u201c-Magazin: \u201eMeine besch\u00fctzende Seite ist t\u00f6dlich.\u201c<\/p>\n<p><img decoding=\"async\" width=\"992\" height=\"1178\" alt=\"Als gro\u00dfer Krieger Oberyn Martell wurde Pedro Pascal in der Kul-Serie \u201eGame of Thrones\u201c weltber\u00fchmt. Er spielte die Rolle bis zu seinem spektakul\u00e4ren Serientod 2014 f\u00fcr mehrere Jahre\" src=\"https:\/\/www.europesays.com\/de\/wp-content\/uploads\/2025\/07\/4d0844d207377a8d867318f12457dbe3,c5367bf5\"   class=\"portrait\" loading=\"lazy\"\/><\/p>\n<p class=\"fig__caption__text\">Als gro\u00dfer Krieger Oberyn Martell wurde Pedro Pascal in der Kult-Serie \u201eGame of Thrones\u201c weltber\u00fchmt. Er spielte die Rolle bis zu seinem spektakul\u00e4ren Serientod 2014 f\u00fcr mehrere Jahre<\/p>\n<p>Foto: akg-images \/ Album \/ Hbo<\/p>\n<p>Zugleich ist er mit Blick auf Lux \u00fcberzeugt: \u201eIch brauche sie mehr, als sie mich braucht.\u201c Sie habe zu Hause seit jeher das Sagen gehabt. <\/p>\n<p>Lux arbeitet als Model und Schauspielerin<\/p>\n<p>Pascals kleine Schwester arbeitet als Model und Schauspielerin, drehte 2017 mit<a href=\"https:\/\/www.bild.de\/unterhaltung\/stars-und-leute\/the-last-of-us-pedro-pascal-begeistert-als-gestiefelter-gladiator-67e3ab0300c11e0c50d2ce90\" class=\"text-link\" rel=\"nofollow noopener\" target=\"_blank\"> Pedro<\/a> gemeinsam f\u00fcr die Serie \u201eNarcos\u201c. Sie ist die einzige gro\u00dfe Liebe, zu der der geb\u00fcrtige Chilene \u00f6ffentlich steht. Gerade weil er sein Privatleben wie ein L\u00f6we  sch\u00fctzt, ist die Verbindung zu Lux f\u00fcr Fans weltweit ganz gro\u00dfes Kino.<\/p>\n<p>Lesen Sie auch<img decoding=\"async\" width=\"992\" height=\"714\" alt=\"Absoluter Hingucker: Lux Pascal bei den diesj\u00e4hrigen Internationalen Filmfestpielen Cannes\" src=\"https:\/\/www.europesays.com\/de\/wp-content\/uploads\/2025\/07\/5d6fa95bcbdfeb75788cccd2d0f65676,693ab57a\"   class=\"dynamic\" loading=\"lazy\"\/><\/p>\n<p class=\"fig__caption__text\">Lux Pascal bei den diesj\u00e4hrigen Internationalen Filmfestspielen Cannes<\/p>\n<p>Foto: Getty Images<\/p>\n<p>Der Schauspieler, neben \u201eGame of Thrones\u201c auch weltber\u00fchmt geworden als <a href=\"https:\/\/www.bild.de\/unterhaltung\/tv\/tv\/the-mandalorian-auf-disney-fuer-anfaenger-erklaert-69665172.bild.html\" class=\"text-link\" rel=\"nofollow noopener\" target=\"_blank\">Mandalorianer im Star-Wars-Universum<\/a> und in der Endzeit-Serie \u201eThe Last of Us\u201c, gilt als einer der nettesten Stars im Business. Seine Authentizit\u00e4t und sein Engagement f\u00fcr die<a href=\"https:\/\/www.bild.de\/lgbt\/startseite\/lgbt\/queer-63157860.bild.html\" class=\"text-link\" rel=\"nofollow noopener\" target=\"_blank\"> LGBTQ-Community<\/a> machen ihn zu einem Vorbild.<\/p>\n<p><img decoding=\"async\" width=\"992\" height=\"558\" alt=\"Immer gut gekleidet, total beliebt bei den Fans: Hollywoodstar Pedro Pascal bei der \u201eFantastic Four\u201c-Party in Berlin\" src=\"https:\/\/www.europesays.com\/de\/wp-content\/uploads\/2025\/07\/a26413225d50e74d83b19bd0f729b2be,914551ee\"   class=\"landscape\" loading=\"lazy\"\/><\/p>\n<p class=\"fig__caption__text\">Immer elegant, bei den Fans beliebt: Hollywoodstar Pedro Pascal bei der \u201eFantastic Four\u201c-Party in Berlin<\/p>\n<p>Foto: Getty Images<\/p>\n<p>Lux sagte \u00fcber ihn: \u201eWas ihn so fabelhaft macht, ist, dass er seine ganze Menschlichkeit offen zeigt und nicht versteckt, wer er ist.\u201c Er stellt sich in Interviews vor Kollegen und Kolleginnen, sprang zum Beispiel seiner Kino-Ehefrau <a href=\"https:\/\/www.bild.de\/unterhaltung\/stars-und-leute\/fantastic-four-vanessa-kirby-zeigt-ihren-babybauch-686e150bd1592e395c9d51f9\" class=\"text-link\" rel=\"nofollow noopener\" target=\"_blank\">Vanessa Kirby <\/a>(37) zur Seite, als es um pers\u00f6nliche Fragen nach Schwangerschaften ging.<\/p>\n<p><img decoding=\"async\" width=\"992\" height=\"1462\" alt=\"Als Teil der \u201eFantastic Four\u201c steigt Pedo Pascal (l.) jetzt ins Marvel-Superhelden-Universum ein\" src=\"https:\/\/www.europesays.com\/de\/wp-content\/uploads\/2025\/07\/4be57d9615f856cb1b76a130bebe102f,694f0770\"   class=\"dynamic\" loading=\"lazy\"\/><\/p>\n<p class=\"fig__caption__text\">Als Teil der \u201eFantastic Four\u201c steigt Pedro Pascal (l.) jetzt ins Marvel-Superhelden-Universum ein und rettet im Auftrag von Disney die Welt<\/p>\n<p>Foto: picture alliance \/ Everett Collection<\/p>\n<p> An dieser Stelle findest du Inhalte aus YouTube <\/p>\n<p> Um mit Inhalten aus YouTube und anderen sozialen Netzwerken zu interagieren oder diese darzustellen, brauchen wir deine Zustimmung. <\/p>\n<p> soziale Netzwerke aktivieren  Um eingebettete Inhalte anzuzeigen, ist Ihre jederzeit widerrufliche Einwilligung (\u00fcber den Schalter oder \u00fcber &#8220; <a class=\"embed-placeholder__text-link\" href=\"#\" rel=\"noopener noreferrer\" title=\"Tracking widerrufen\"> Widerruf Tracking und Cookies<\/a> &#8220; am Seitenende) zur Verarbeitung personenbezogener Daten n\u00f6tig.  Dabei k\u00f6nnen Daten in Drittl\u00e4nder wie die USA \u00fcbermittelt werden (Art. 49 Abs. 1 lit. a DSGVO). Mit dem Aktivieren des Inhalts stimmen Sie zu. Weitere Infos finden Sie <a class=\"embed-placeholder__text-link\" href=\"#\" rel=\"noopener noreferrer\" title=\"Zu den Privatsph\u00e4re Einstellungen\"> hier<\/a>. Der \u201eGladiator\u201c-Star ist f\u00fcr immer ihr Besch\u00fctzer<\/p>\n<p>Doch am wohlsten f\u00fchlt er sich an der Seite von Lux. Die Geschwister teilen nicht nur famili\u00e4re Bande, sondern auch den roten Teppich. Bei der Premiere von Pedros Film \u201e<a href=\"https:\/\/www.bild.de\/unterhaltung\/film-kino\/gladiator-fortsetzung-warum-hollywood-star-ralf-moeller-etwas-skeptisch-ist-668bc40fc22da971a1737972\" class=\"text-link\" rel=\"nofollow noopener\" target=\"_blank\">Gladiator II\u201c<\/a> im November 2024 stahl Lux in einem eleganten schwarzen Kleid die Show. Der Filmstar strahlte w\u00e4hrenddessen vor Stolz an ihrer Seite.<\/p>\n<p><img decoding=\"async\" width=\"992\" height=\"558\" alt=\"In \u201eGladiator II\u201c lieferte Pedro Pascal ein Action-Feuerwerk im alten Rom\" src=\"https:\/\/www.europesays.com\/de\/wp-content\/uploads\/2025\/07\/5d3b6a1ec0c5fe829975a9ce576b0f74,3073dde2\"   class=\"landscape\" loading=\"lazy\"\/><\/p>\n<p class=\"fig__caption__text\">In \u201eGladiator II\u201c lieferte Pedro Pascal ein Action-Feuerwerk im alten Rom<\/p>\n<p>Foto: Aidan Monaghan\/Paramount Pictures<\/p>\n<p>Der Schwarm so vieler Fans zeigt, dass wahre Gr\u00f6\u00dfe nicht nur in der Schauspielkunst liegt, sondern im Herzen. Seine bedingungslose Unterst\u00fctzung f\u00fcr Lux und sein Engagement f\u00fcr Gleichberechtigung machen ihn zu einem echten Helden \u2013 auf und abseits der Leinwand.<\/p>\n<p>K\u00fcnftig wird er mit seinen superelastischen Gliedma\u00dfen und seiner Kino-Familie, den <a href=\"https:\/\/www.bild.de\/unterhaltung\/film-kino\/the-fantastic-four-first-steps-alle-infos-zum-neuen-marvel-film-686bab62a23e357ee08e7844\" class=\"text-link\" rel=\"nofollow noopener\" target=\"_blank\">\u201eFantastic Four\u201c<\/a>, die Welt retten. <\/p>\n","protected":false},"excerpt":{"rendered":"Los Angeles \u2013 Er ist Action-Held, Frauenschwarm und nicht nur auf der Kino-Leinwand ein echter \u201eMr. Fantastic\u201c. Hollywoodstar&hellip;\n","protected":false},"author":2,"featured_media":263094,"comment_status":"","ping_status":"","sticky":false,"template":"","format":"standard","meta":{"footnotes":""},"categories":[155],"tags":[22816,29,214,11651,30,683,95,8321,3339,79623,471,29729,3342,45,72310,215],"class_list":{"0":"post-263093","1":"post","2":"type-post","3":"status-publish","4":"format-standard","5":"has-post-thumbnail","7":"category-unterhaltung","8":"tag-action-film","9":"tag-deutschland","10":"tag-entertainment","11":"tag-game-of-thrones","12":"tag-germany","13":"tag-hollywood","14":"tag-kino","15":"tag-liebe","16":"tag-marvel","17":"tag-pascal-pedro","18":"tag-serien","19":"tag-star-wars-filme","20":"tag-superhelden","21":"tag-texttospeech","22":"tag-the-walt-disney-company","23":"tag-unterhaltung"},"share_on_mastodon":{"url":"https:\/\/pubeurope.com\/@de\/114841592103486165","error":""},"_links":{"self":[{"href":"https:\/\/www.europesays.com\/de\/wp-json\/wp\/v2\/posts\/263093","targetHints":{"allow":["GET"]}}],"collection":[{"href":"https:\/\/www.europesays.com\/de\/wp-json\/wp\/v2\/posts"}],"about":[{"href":"https:\/\/www.europesays.com\/de\/wp-json\/wp\/v2\/types\/post"}],"author":[{"embeddable":true,"href":"https:\/\/www.europesays.com\/de\/wp-json\/wp\/v2\/users\/2"}],"replies":[{"embeddable":true,"href":"https:\/\/www.europesays.com\/de\/wp-json\/wp\/v2\/comments?post=263093"}],"version-history":[{"count":0,"href":"https:\/\/www.europesays.com\/de\/wp-json\/wp\/v2\/posts\/263093\/revisions"}],"wp:featuredmedia":[{"embeddable":true,"href":"https:\/\/www.europesays.com\/de\/wp-json\/wp\/v2\/media\/263094"}],"wp:attachment":[{"href":"https:\/\/www.europesays.com\/de\/wp-json\/wp\/v2\/media?parent=263093"}],"wp:term":[{"taxonomy":"category","embeddable":true,"href":"https:\/\/www.europesays.com\/de\/wp-json\/wp\/v2\/categories?post=263093"},{"taxonomy":"post_tag","embeddable":true,"href":"https:\/\/www.europesays.com\/de\/wp-json\/wp\/v2\/tags?post=263093"}],"curies":[{"name":"wp","href":"https:\/\/api.w.org\/{rel}","templated":true}]}}