{"id":263210,"date":"2025-07-12T19:12:13","date_gmt":"2025-07-12T19:12:13","guid":{"rendered":"https:\/\/www.europesays.com\/de\/263210\/"},"modified":"2025-07-12T19:12:13","modified_gmt":"2025-07-12T19:12:13","slug":"brandenburg-csd-in-bernau-verlaeuft-trotz-rechtsextremer-gegendemo-friedlich","status":"publish","type":"post","link":"https:\/\/www.europesays.com\/de\/263210\/","title":{"rendered":"Brandenburg: CSD in Bernau verl\u00e4uft trotz rechtsextremer Gegendemo friedlich"},"content":{"rendered":"<p class=\"metatextline\">Stand: 12.07.2025 20:38 Uhr<\/p>\n<p class=\"textabsatz columns twelve  m-ten  m-offset-one l-eight l-offset-two\">\n        <strong>&#8222;Queer bleibt hier&#8220; &#8211; unter diesem Motto zogen am Samstag etwa 600 Menschen beim Christopher Street Day durch Bernau. Rechtsextreme versammelten sich zum Gegenprotest, blieben aber deutlich in der Unterzahl.<\/strong>\n    <\/p>\n<p class=\"textabsatz m-ten m-offset-one l-eight l-offset-two columns twelve\">\nDer Christopher Street Day in Bernau (Landkreis Barnim) am Samstag ist friedlich verlaufen.<br \/>\u00a0<br \/>Nach Informationen eines rbb-Reporters zogen mehr als 600 Menschen mit dem CSD vom Bahnhof aus durch die Stadt. An einer rechtsextremen Gegendemonstration nahmen etwa 40 Personen teil. Die Gegendemonstranten hatten ein Transparent mit der Aufschrift &#8222;Deutsche Jugend voran&#8220; dabei. Die Gruppierung wird laut Verfassungssch\u00fctzern als rechtsextremistisch und gewaltorientiert eingestuft.<\/p>\n<p>            <img loading=\"lazy\" decoding=\"async\" class=\"ts-image\" src=\"https:\/\/www.europesays.com\/de\/wp-content\/uploads\/2025\/07\/rbb-audio-antenne-brandenburg-11-07-2025-georg-stefan-russew-100.jpg\" alt=\"Flyers f\u00fcr den Bernauer CSD beim CSD in Eberswalde (Quelle: imago images\/Emmanuele Contini)\" title=\"Audio: Antenne Brandenburg | 11.07.2025 | Georg-Stefan Russew  | imago images\/Emmanuele Contini\"\/><\/p>\n<p>CSD zieht am Samstag unter erh\u00f6htem Polizeischutz durch Bernau<\/p>\n<p>            Der Bernauer CSD soll am Samstag stattfinden trotz Protest-Aufrufen durch Rechtsextreme. Die Polizei hat starke Pr\u00e4senz angek\u00fcndigt. Stadt und Organisatoren bekennen sich zum Schutz der queeren Gemeinschaft.<a href=\"https:\/\/www.rbb24.de\/panorama\/beitrag\/2025\/07\/csd-bernau-brandenburg-gegenprotest.html\" title=\"mehr\" class=\"textlink--extern\" target=\"_blank\" rel=\"noopener nofollow\">mehr<\/a><\/p>\n<p>    Ermittlungen gegen zwei Gegendemonstranten<\/p>\n<p class=\"textabsatz m-ten m-offset-one l-eight l-offset-two columns twelve\">\nDer B\u00fcrgermeister von Bernau, Andr\u00e9 Stahl (Linke), sagte rbb|24, er freue sich, &#8222;dass es friedlich geblieben ist, dass trotz Regens so viele Menschen gekommen sind und dass Bernau f\u00fcr Toleranz und Vielfalt auf die Stra\u00dfe gegangen ist&#8220;.<br \/>\u00a0<br \/>Auch die Polizei zog eine positive Bilanz: &#8222;Es gab keinerlei Auseinandersetzungen zwischen den Versammlungsteilnehmern&#8220;, sagte Sprecher Roland Kamenz dem rbb. Allerdings ermittle die Polizei gegen zwei Teilnehmer der Gegendemonstration und habe von diesen die Personalien aufgenommen, weil beide eine &#8222;verbotene Symbolik&#8220; an ihrer Kleidung hatten, so Kamenz. Laut Deutscher Presse-Agentur handelte es sich in einem Fall um SS-Runen an einem G\u00fcrtel.<\/p>\n<p>            <img loading=\"lazy\" decoding=\"async\" class=\"ts-image\" src=\"https:\/\/www.europesays.com\/de\/wp-content\/uploads\/2025\/07\/rbb-angriff-auf-besucher-der-vielfaltsveranstaltung-in-bad-freinewalde-am-15-06-2025-quelle-rbb-100..jpeg\" alt=\"Angriff auf Besucher der Vielfaltsveranstaltung in Bad Freinewalde am 15.06.2025. (Quelle: rbb)\" title=\"Video: rbb24 Brandenburg Aktuell | 17.06.2025 | R. Schwa\u00df \/ O. Sundermeyer | rbb\"\/><\/p>\n<p>Woher kommt der Hass junger Rechtsextremer auf queere Menschen?<\/p>\n<p>            In Bad Freienwalde griffen am Wochenende mutma\u00dflich Rechte eine Veranstaltung f\u00fcr Vielfalt an. Immer wieder attackieren junge Rechte queere Menschen oder Veranstaltungen. Das liegt tief in ihrer Ideologie begr\u00fcndet. Von Yasser Speck<a href=\"https:\/\/www.rbb24.de\/politik\/beitrag\/2025\/06\/berlin-brandenburg-queer-queerfeindlichkeit-rechtsextremismus-badfreienwalde-csd-rechts.html\" title=\"mehr\" class=\"textlink--extern\" target=\"_blank\" rel=\"noopener nofollow\">mehr<\/a><\/p>\n<p>    Hunderte bei CSDs in Neuruppin, Bad Belzig und Luckenwalde<\/p>\n<p class=\"textabsatz m-ten m-offset-one l-eight l-offset-two columns twelve\">\nDie Organisatoren des Bernauer CSD unter dem Motto &#8222;Queer bleibt hier&#8220; zeigten sich auf rbb|24-Anfrage &#8222;hochzufrieden&#8220;. <a href=\"https:\/\/www.rbb24.de\/panorama\/beitrag\/2025\/07\/csd-bernau-brandenburg-gegenprotest.html\" title=\"Sie hatten rund 500 Teilnehmende erwartet\" class=\"textlink--extern\" target=\"_blank\" rel=\"noopener nofollow\">Sie hatten rund 500 Teilnehmende erwartet<\/a>, die h\u00e4tten sie auf jeden Fall erreicht. &#8222;Es waren deutlich mehr, und zwar nicht nur queere Menschen, sondern auch viele Unterst\u00fctzer aus der Gesellschaft&#8220;, so Mareike aus dem Organisations-Team, die ihren Nachnamen aus Sicherheitsgr\u00fcnden nicht nennen m\u00f6chte.<br \/>\u00a0<br \/>Auch in Bad Belzig (Kreis Potsdam-Mittelmark) und <a href=\"https:\/\/www.rbb24.de\/panorama\/beitrag\/2025\/07\/csd-teltow-flaeming-brandenburg-luckenwalde-pride.html\" title=\"Luckenwalde (Teltow-Fl\u00e4ming)\" class=\"textlink--extern\" target=\"_blank\" rel=\"noopener nofollow\">Luckenwalde (Teltow-Fl\u00e4ming)<\/a> gab es am Samstagnachmittag CSD-Paraden. In Bad Belzig kamen laut Polizei etwa 180 Teilnehmende, in Luckenwalde zogen rund 70 Menschen durch die Stadt. Beide Veranstaltungen verliefen nach Polizeiangaben st\u00f6rungsfrei. An einem weiteren CSD-Umzug in Neuruppin (Ostprignitz-Ruppin) nahmen laut Polizei bis zu 150 Personen teil.<br \/>\u00a0<br \/>Die Polizei sicherte die Demonstrationen, weil die rechtsextreme Szene immer wieder zu Aktionen gegen CSDs aufrief. Im Juni war es zu einem <a href=\"https:\/\/www.rbb24.de\/panorama\/beitrag\/2025\/06\/brandenburg-bad-freienwalde-angriff-bunt-vielfalt-taeter-ermittelt-polizei.html\" title=\"gewaltsamen Angriff einer Gruppe teils Vermummter auf ein Fest f\u00fcr Vielfalt in Bad Freienwalde\" class=\"textlink--extern\" target=\"_blank\" rel=\"noopener nofollow\">gewaltsamen Angriff einer Gruppe teils Vermummter auf ein Fest f\u00fcr Vielfalt in Bad Freienwalde<\/a> gekommen &#8211; laut Brandenburgs Innenminister Wilke gibt es <a href=\"https:\/\/www.rbb24.de\/politik\/beitrag\/2025\/07\/angriff-badfreienwalde-extremismus-vielfalt-dritterweg-innenminister-wilke.html\" title=\"Hinweise auf rechtsextreme T\u00e4ter\" class=\"textlink--extern\" target=\"_blank\" rel=\"noopener nofollow\">Hinweise auf rechtsextreme T\u00e4ter<\/a>. Am vergangenen Wochenende hatte es <a href=\"https:\/\/www.rbb24.de\/panorama\/beitrag\/2025\/07\/brandenburg-falkensee-csd-queer-demonstration-pride.html\" title=\"beim CSD in Falkensee (Kreis Havelland) eine rechtsextreme Gegendemo gegeben\" class=\"textlink--extern\" target=\"_blank\" rel=\"noopener nofollow\">beim CSD in Falkensee (Kreis Havelland) eine rechtsextreme Gegendemo gegeben<\/a>.<\/p>\n<p class=\"textabsatz m-ten m-offset-one l-eight l-offset-two columns twelve\">\nSendung: rbb24 Inforadio, 12.07.2025, 16 Uhr<\/p>\n<p>                                        <a class=\"backlink__link\" href=\"https:\/\/www.rbb24.de\/panorama\/beitrag\/2025\/07\/csd-bernau-friedlich-christopher-street-day-pride.html\" rel=\"nofollow noopener\" target=\"_blank\"><\/p>\n<p>                                                <img decoding=\"async\" src=\"https:\/\/images.tagesschau.de\/image\/898f19c3-6760-4be2-a33f-1fa765216ec2\/AAABlap_olM\/AAABkZLrr6A\/original\/lra-rbb-logo-100.svg\" alt=\"Rundfunk Berlin-Brandenburg\"\/><\/p>\n<p>                                        <\/a><\/p>\n","protected":false},"excerpt":{"rendered":"Stand: 12.07.2025 20:38 Uhr &#8222;Queer bleibt hier&#8220; &#8211; unter diesem Motto zogen am Samstag etwa 600 Menschen beim&hellip;\n","protected":false},"author":2,"featured_media":263211,"comment_status":"","ping_status":"","sticky":false,"template":"","format":"standard","meta":{"footnotes":""},"categories":[1816],"tags":[1960,1958,1959,1957,1956,1890,29,30,2239],"class_list":{"0":"post-263210","1":"post","2":"type-post","3":"status-publish","4":"format-standard","5":"has-post-thumbnail","7":"category-brandenburg","8":"tag-aktuelle-nachrichten-aus-berlin-und-brandenburg","9":"tag-aktuelle-nachrichten-aus-brandenburg","10":"tag-aktuelle-news-aus-berlin-und-brandenburg","11":"tag-aktuelle-news-aus-brandenburg","12":"tag-berlin-und-brandenburg","13":"tag-brandenburg","14":"tag-deutschland","15":"tag-germany","16":"tag-rbb"},"share_on_mastodon":{"url":"https:\/\/pubeurope.com\/@de\/114841855653809844","error":""},"_links":{"self":[{"href":"https:\/\/www.europesays.com\/de\/wp-json\/wp\/v2\/posts\/263210","targetHints":{"allow":["GET"]}}],"collection":[{"href":"https:\/\/www.europesays.com\/de\/wp-json\/wp\/v2\/posts"}],"about":[{"href":"https:\/\/www.europesays.com\/de\/wp-json\/wp\/v2\/types\/post"}],"author":[{"embeddable":true,"href":"https:\/\/www.europesays.com\/de\/wp-json\/wp\/v2\/users\/2"}],"replies":[{"embeddable":true,"href":"https:\/\/www.europesays.com\/de\/wp-json\/wp\/v2\/comments?post=263210"}],"version-history":[{"count":0,"href":"https:\/\/www.europesays.com\/de\/wp-json\/wp\/v2\/posts\/263210\/revisions"}],"wp:featuredmedia":[{"embeddable":true,"href":"https:\/\/www.europesays.com\/de\/wp-json\/wp\/v2\/media\/263211"}],"wp:attachment":[{"href":"https:\/\/www.europesays.com\/de\/wp-json\/wp\/v2\/media?parent=263210"}],"wp:term":[{"taxonomy":"category","embeddable":true,"href":"https:\/\/www.europesays.com\/de\/wp-json\/wp\/v2\/categories?post=263210"},{"taxonomy":"post_tag","embeddable":true,"href":"https:\/\/www.europesays.com\/de\/wp-json\/wp\/v2\/tags?post=263210"}],"curies":[{"name":"wp","href":"https:\/\/api.w.org\/{rel}","templated":true}]}}