{"id":263212,"date":"2025-07-12T19:13:16","date_gmt":"2025-07-12T19:13:16","guid":{"rendered":"https:\/\/www.europesays.com\/de\/263212\/"},"modified":"2025-07-12T19:13:16","modified_gmt":"2025-07-12T19:13:16","slug":"maurice-krattenmacher-soll-bei-hertha-bsc-den-naechsten-schritt-machen","status":"publish","type":"post","link":"https:\/\/www.europesays.com\/de\/263212\/","title":{"rendered":"Maurice Krattenmacher soll bei Hertha BSC den n\u00e4chsten Schritt machen"},"content":{"rendered":"<p class=\"tspAMht\">F\u00fcr Maurice Krattenmacher war die letzte Etappe auf dem Weg ins <a href=\"https:\/\/www.tagesspiegel.de\/sport\/probleme-vor-dem-doppel-am-sonntag-bestreitet-hertha-bsc-gleich-zwei-testspiele-14012819.html?icid=in-text-link_14013692\" class=\"link link--internal\" data-gtm-class=\"article-text-link\" data-gtm-val=\"internal\" rel=\"nofollow noopener\" target=\"_blank\">Trainingslager von Hertha BSC<\/a> wie eine Reise in die eigene Vergangenheit. Aus Berlin kommend landete die Mannschaft am Freitagmittag auf dem Flughafen M\u00fcnchen \u2013 in der Stadt also, in der er vor knapp 20 Jahren geboren wurde.<\/p>\n<p class=\"tspAMht\">Mit dem Bus ging es anschlie\u00dfend weiter Richtung S\u00fcden, \u00fcber die A8 und vorbei an der Ausfahrt 100a, die nach Bad Aibling f\u00fchrt, in Krattenmachers eigentliche Heimat. Als er vier Jahre alt war, zog die Familie von M\u00fcnchen hierher. In Bad Aibling ist er aufgewachsen und zur Schule gegangen; seine Eltern leben dort immer noch.<\/p>\n<p class=\"tspAMht\">Nicht mal 80 Kilometer sind es von Bad Aibling bis Kitzb\u00fchel, wo Maurice Krattenmacher sich bis Freitag kommender Woche mit Hertha auf die Saison in der Zweiten Liga vorbereitet. Am Samstag wechselte das Team im Stadion des FC Kitzb\u00fchel f\u00fcr die anstrengende Vormittagseinheit auf den Nebenplatz. Auch den kennt Krattenmacher schon. <\/p>\n<blockquote class=\"tspA4ju\">\n<p>Es ist sinnvoll, noch mal einen kleinen Zwischenstep zu machen, damit ich im besten Fall \u2013 wenn alles gut l\u00e4uft \u2013 fr\u00fcher oder sp\u00e4ter ganz oben angreifen kann.<\/p>\n<\/blockquote>\n<p class=\"tspA4jv\"><strong>Maurice Krattenmacher <\/strong>von Hertha BSC<\/p>\n<p class=\"tspAMht\">Auf genau diesem Platz hat er vor einigen Jahren mit der U 15 der Spielvereinigung Unterhaching beim Cordial-Cup gespielt, einem gro\u00dfen Nachwuchsturnier. Wie sein Team damals abgeschnitten hat, wei\u00df Krattenmacher nicht mehr. \u201eIch glaube, es war nicht so erfolgreich\u201c, sagt er. \u201eWeil ich mich nicht mehr daran erinnern kann.\u201c <\/p>\n<p class=\"tspAMht\">Auf den ersten Blick war auch die vergangene Saison f\u00fcr den offensiven Mittelfeldspieler keine allzu erfolgreiche. Vom<a href=\"https:\/\/www.tagesspiegel.de\/sport\/themen\/fc-bayern-munchen?icid=in-text-link_14013692\" class=\"link link--internal\" data-gtm-class=\"article-text-link\" data-gtm-val=\"internal\" rel=\"nofollow noopener\" target=\"_blank\"> FC Bayern M\u00fcnchen<\/a> war er an den Zweitligaaufsteiger SSV Ulm ausgeliehen, der sich letztlich vergeblich um den Klassenerhalt m\u00fchte und als Tabellenvorletzter gleich wieder abgestiegen ist. Krattenmachers pers\u00f6nlichem Fortkommen aber hat das offensichtlich nicht geschadet. <\/p>\n<p><img decoding=\"async\" src=\"https:\/\/www.europesays.com\/de\/wp-content\/uploads\/2025\/07\/hertha-bsc.jpeg\"   alt=\"\" aria-labelledby=\"caption-14013665\" width=\"440\" height=\"330\" loading=\"lazy\" class=\"tspA5jw\"\/> Harmonisches Duo. Das Zusammenspiel zwischen Maurice Krattenmacher (hinten) und Fabian Reese klappte schon auffallend gut.  <\/p>\n<p class=\"tspAPh6\"> \u00a9 dpa\/Soeren Stache <\/p>\n<p class=\"tspAMht\">\u201eIch hab\u2018 auf jeden Fall viel mitnehmen k\u00f6nnen\u201c, sagt der Neue von <a href=\"https:\/\/www.tagesspiegel.de\/sport\/themen\/hertha-bsc?icid=in-text-link_14013692\" class=\"link link--internal\" data-gtm-class=\"article-text-link\" data-gtm-val=\"internal\" rel=\"nofollow noopener\" target=\"_blank\">Hertha BSC<\/a> in einer Medienrunde w\u00e4hrend des Trainingslagers \u00fcber seine Zeit in Ulm. In der vergangenen Saison habe er gelernt, \u201eauch mit schlechten Phasen umzugehen\u201c, erz\u00e4hlt er. \u201eIch bin mir sicher, dass sich das fr\u00fcher oder sp\u00e4ter auszahlt.\u201c<\/p>\n<p><a href=\"https:\/\/www.tagesspiegel.de\/sport\/die-deutsche-bilanz-der-klub-wm-aber-finanziell-hat-es-sich-doch-gelohnt-13978586.html?icid=single-topic_14013692___\" data-gtm-class=\"article-mzt-link\" class=\"tspBJk9\" rel=\"nofollow noopener\" target=\"_blank\">Die deutsche Bilanz der Klub-WM Aber finanziell hat es sich doch gelohnt <\/a><\/p>\n<p class=\"tspAMht\">Bei Maurice Krattenmacher scheint das eher fr\u00fcher als sp\u00e4ter der Fall zu sein. Dem Abstieg aus der Zweiten Liga folgte umgehend ein gewaltiger Karrieresprung: Krattenmacher durfte mit den Bayern zur <a href=\"https:\/\/www.tagesspiegel.de\/sport\/als-der-fussball-noch-naiv-und-unschuldig-war-das-finale-um-den-weltpokal-als-bessere-saisonvorbereitung-13831330.html?icid=in-text-link_14013692\" class=\"link link--internal\" data-gtm-class=\"article-text-link\" data-gtm-val=\"internal\" rel=\"nofollow noopener\" target=\"_blank\">Klub-WM in die USA<\/a> reisen. \u201eDie Erfahrung war unbeschreiblich\u201c, sagt er. \u201eIch werde niemals vergessen, wie gut ich aufgenommen worden bin und dass ich mit den Besten der Besten trainieren durfte. Es war ein sch\u00f6nes Erlebnis.\u201c<\/p>\n<p class=\"tspAMht\">Zum Einsatz kam Krattenmacher w\u00e4hrend des Turniers zwar nicht; aber schon das Training mit Leuten wie Joshua Kimmich, Harry Kane oder vor allem <a href=\"https:\/\/www.tagesspiegel.de\/sport\/nach-der-verletzung-bei-der-klub-wm-diese-falle-konnen-jamal-musiala-hoffnung-machen-13983053.html?icid=in-text-link_14013692\" class=\"link link--internal\" data-gtm-class=\"article-text-link\" data-gtm-val=\"internal\" rel=\"nofollow noopener\" target=\"_blank\">Jamal Musiala<\/a> hat ihn nach eigener Einsch\u00e4tzung bereits ein gutes St\u00fcck vorangebracht. \u201eJamal ist schon ein krasser Spieler\u201c, sagt er. \u201eZu ihm kann man schon hochschauen. Wenn man auch mal ann\u00e4hernd so gut wird, dann hat man viel erreicht.\u201c<\/p>\n<p class=\"tspAMht\">Dass auch Maurice Krattenmacher \u00fcber viel Talent verf\u00fcgt, ist offenkundig. Bereits mit 16 hat ihn Trainer Sandro Wagner in der Regionalliga f\u00fcr die Spielvereinigung Unterhaching bei den Profis deb\u00fctieren lassen. Seit der U 17 ist er in allen U-Nationalmannschaften des Deutschen Fu\u00dfball-Bundes zum Einsatz gekommen. <\/p>\n<p> Schon in der Jugend machte er einen Schritt zur\u00fcck <\/p>\n<p class=\"tspAMht\">Ob dieses Talent allerdings irgendwann auch einmal f\u00fcr einen festen Platz bei den Bayern reichen wird, ist eine andere Frage. Die Erfahrungen<a href=\"https:\/\/www.tagesspiegel.de\/sport\/der-urknall-fur-den-fussball-in-den-usa-vor-50-jahren-heuerte-pele-bei-cosmos-in-new-york-an-13819540.html?icid=in-text-link_14013692\" class=\"link link--internal\" data-gtm-class=\"article-text-link\" data-gtm-val=\"internal\" rel=\"nofollow noopener\" target=\"_blank\"> in den USA <\/a>haben Krattenmacher zumindest nicht entmutigt. \u201eWenn ich das im Nachhinein betrachte, dann ist das auch ein bisschen Gew\u00f6hnungssache\u201c, sagt er. <\/p>\n<p class=\"tspAMht\">Das Tempo, nicht zuletzt im Kopf, sei im Training der Bayern nat\u00fcrlich ungleich h\u00f6her gewesen als alles, was er zuvor kennengelernt hat. Aber wenn er den Maurice Krattenmacher aus dem ersten Training in den USA mit dem im letzten Training vergleiche, \u201edann war ich ein anderer Spieler\u201c. Einer, der dank seiner fu\u00dfballerischen Qualit\u00e4t in der Lage war, sich den h\u00f6heren Anforderungen anzupassen.<\/p>\n<p> Krattenmacher w\u00fcrde alles wieder so machen <\/p>\n<p class=\"tspAMht\">Diese Entwicklung soll nun in Berlin seine Fortsetzung finden. Idealerweise wird Krattenmacher in der neuen Saison nicht wie mit Ulm gegen den Abstieg k\u00e4mpfen, sondern <a href=\"https:\/\/www.tagesspiegel.de\/sport\/es-muss-das-ziel-sein-um-den-aufstieg-zu-spielen-was-stefan-leitl-als-trainer-von-hertha-bsc-vorhat-13728217.html?icid=in-text-link_14013692\" class=\"link link--internal\" data-gtm-class=\"article-text-link\" data-gtm-val=\"internal\" rel=\"nofollow noopener\" target=\"_blank\">mit Hertha BSC um den Aufstieg spielen<\/a>. \u201eEs ist sinnvoll, noch mal einen kleinen Zwischenstep zu machen, damit ich im besten Fall \u2013 wenn alles gut l\u00e4uft \u2013 fr\u00fcher oder sp\u00e4ter ganz oben angreifen kann\u201c, sagt er.<\/p>\n<p class=\"tspAMht\">Eine \u00e4hnliche Erfahrung hat Maurice Krattenmacher schon in der Jugend gemacht. Mit knapp zw\u00f6lf Jahren wechselte er aus dem Nachwuchs des gro\u00dfen FC Bayern zur kleinen Spielvereinigung nach Unterhaching. \u201eIm Nachhinein habe ich alles richtig gemacht\u201c, erkl\u00e4rt er. \u201eWenn ich die Zeit zur\u00fcckdrehen k\u00f6nnte, w\u00fcrde ich es genauso wieder machen. Der Weg war nicht allzu schlecht.\u201c<\/p>\n<p> Mehr zu Hertha BSC <a href=\"https:\/\/www.tagesspiegel.de\/sport\/es-muss-das-ziel-sein-um-den-aufstieg-zu-spielen-was-stefan-leitl-als-trainer-von-hertha-bsc-vorhat-13728217.html?icid=topic-list_14013692___\" data-gtm-class=\"article-mzt-link\" class=\"tspBJk9\" rel=\"nofollow noopener\" target=\"_blank\">\u201eEs muss das Ziel sein, um den Aufstieg zu spielen\u201c Was Stefan Leitl als Trainer von Hertha BSC vorhat <\/a><a href=\"https:\/\/www.tagesspiegel.de\/sport\/ibrahim-maza-ist-der-massstab-maurice-krattenmacher-und-seine-aufgabe-bei-hertha-bsc-13988639.html?icid=topic-list_14013692___\" data-gtm-class=\"article-mzt-link\" class=\"tspBJk9\" rel=\"nofollow noopener\" target=\"_blank\">Ibrahim Maza ist der Ma\u00dfstab Maurice Krattenmacher macht bei Hertha BSC Lust auf mehr <\/a><a href=\"https:\/\/www.tagesspiegel.de\/sport\/als-hertha-bsc-in-der-us-profiliga-spielte-vor-55-jahren-fullten-die-berliner-die-nasl-auf-13801090.html?icid=topic-list_14013692___\" data-gtm-class=\"article-mzt-link\" class=\"tspBJk9\" rel=\"nofollow noopener\" target=\"_blank\">Als Hertha BSC in der US-Profiliga spielte Vor 55 Jahren f\u00fcllten die Berliner die NASL auf <\/a><\/p>\n<p class=\"tspAMht\">F\u00fcr ein Jahr ist Krattenmacher nun vom FC Bayern an Hertha BSC ausgeliehen, im Moment noch abl\u00f6sefrei. Eine Leihgeb\u00fchr w\u00fcrde f\u00fcr die Berliner nur f\u00e4llig werden, falls er in der kommenden Saison nicht ausreichend bei ihnen zum Einsatz k\u00e4me. <a href=\"https:\/\/www.tagesspiegel.de\/sport\/ibrahim-maza-ist-der-massstab-maurice-krattenmacher-und-seine-aufgabe-bei-hertha-bsc-13988639.html?icid=in-text-link_14013692\" class=\"link link--internal\" data-gtm-class=\"article-text-link\" data-gtm-val=\"internal\" rel=\"nofollow noopener\" target=\"_blank\">Nach den ersten Eindr\u00fccken<\/a>, die Maurice Krattenmacher sowohl im Training als auch den Testspielen hinterlassen hat, scheint diese Variante allerdings eher unwahrscheinlich zu sein.<\/p>\n","protected":false},"excerpt":{"rendered":"F\u00fcr Maurice Krattenmacher war die letzte Etappe auf dem Weg ins Trainingslager von Hertha BSC wie eine Reise&hellip;\n","protected":false},"author":2,"featured_media":263213,"comment_status":"","ping_status":"","sticky":false,"template":"","format":"standard","meta":{"footnotes":""},"categories":[1825],"tags":[1941,1939,296,1937,531,29,458,485,30,1088,1940,1938,64],"class_list":{"0":"post-263212","1":"post","2":"type-post","3":"status-publish","4":"format-standard","5":"has-post-thumbnail","7":"category-berlin","8":"tag-aktuelle-nachrichten-aus-berlin","9":"tag-aktuelle-news-aus-berlin","10":"tag-berlin","11":"tag-berlin-news","12":"tag-charlottenburg-wilmersdorf","13":"tag-deutschland","14":"tag-fc-bayern-muenchen","15":"tag-fussball-bundesliga","16":"tag-germany","17":"tag-hertha-bsc","18":"tag-nachrichten-aus-berlin","19":"tag-news-aus-berlin","20":"tag-usa"},"share_on_mastodon":{"url":"https:\/\/pubeurope.com\/@de\/114841859434638388","error":""},"_links":{"self":[{"href":"https:\/\/www.europesays.com\/de\/wp-json\/wp\/v2\/posts\/263212","targetHints":{"allow":["GET"]}}],"collection":[{"href":"https:\/\/www.europesays.com\/de\/wp-json\/wp\/v2\/posts"}],"about":[{"href":"https:\/\/www.europesays.com\/de\/wp-json\/wp\/v2\/types\/post"}],"author":[{"embeddable":true,"href":"https:\/\/www.europesays.com\/de\/wp-json\/wp\/v2\/users\/2"}],"replies":[{"embeddable":true,"href":"https:\/\/www.europesays.com\/de\/wp-json\/wp\/v2\/comments?post=263212"}],"version-history":[{"count":0,"href":"https:\/\/www.europesays.com\/de\/wp-json\/wp\/v2\/posts\/263212\/revisions"}],"wp:featuredmedia":[{"embeddable":true,"href":"https:\/\/www.europesays.com\/de\/wp-json\/wp\/v2\/media\/263213"}],"wp:attachment":[{"href":"https:\/\/www.europesays.com\/de\/wp-json\/wp\/v2\/media?parent=263212"}],"wp:term":[{"taxonomy":"category","embeddable":true,"href":"https:\/\/www.europesays.com\/de\/wp-json\/wp\/v2\/categories?post=263212"},{"taxonomy":"post_tag","embeddable":true,"href":"https:\/\/www.europesays.com\/de\/wp-json\/wp\/v2\/tags?post=263212"}],"curies":[{"name":"wp","href":"https:\/\/api.w.org\/{rel}","templated":true}]}}