{"id":263220,"date":"2025-07-12T19:17:24","date_gmt":"2025-07-12T19:17:24","guid":{"rendered":"https:\/\/www.europesays.com\/de\/263220\/"},"modified":"2025-07-12T19:17:24","modified_gmt":"2025-07-12T19:17:24","slug":"feuerwehr-loescht-brennendes-zimmer-in-berlin-gesundbrunnen","status":"publish","type":"post","link":"https:\/\/www.europesays.com\/de\/263220\/","title":{"rendered":"Feuerwehr l\u00f6scht brennendes Zimmer in Berlin-Gesundbrunnen"},"content":{"rendered":"<p class=\"tspAMht tspAMhu\">Bei einem Brand in einem Wohnhaus in Gesundbrunnen ist am Sonnabend eine Person leicht verletzt worden. Das teilte die Berliner Feuerwehr am Sonnabend mit. Nach einer not\u00e4rztlichen Behandlung konnte die Person in ihrer Wohnung an der Schwedenstra\u00dfe bleiben.<\/p>\n<p>Bezirke-Newsletter: Mitte<\/p>\n<p><img decoding=\"async\" src=\"https:\/\/www.europesays.com\/de\/wp-content\/uploads\/2025\/04\/icon-mitte.png\" alt=\"\" class=\"tspAShw\"\/><\/p>\n<p class=\"tspASiu\"> Mehr Neuigkeiten zum Bezirk gibt es in unserem Newsletter \u2014 jede Woche per E-Mail. <\/p>\n<p class=\"tspAMht\">Als die Einsatzkr\u00e4fte der Feuerwehr eintrafen, stand ein Zimmer im ersten Obergeschoss eines Hinterhauses bereits vollst\u00e4ndig in Flammen. Mehr als 30 Rettungskr\u00e4ften l\u00f6schten von innen und au\u00dfen. Ein \u00dcbergreifen der Flammen auf andere Teile des Geb\u00e4udes konnte so verhindert werden.<\/p>\n<p class=\"tspAMht\">Nach Abschluss der L\u00f6scharbeiten und umfangreichen Bel\u00fcftungsma\u00dfnahmen \u00fcbergab die Feuerwehr den Einsatzort an die Polizei. Im Einsatz waren neben vier L\u00f6schfahrzeugen auch eine Drehleiter, ein Rettungswagen, ein Notarzteinsatzfahrzeug und der F\u00fchrungsdienst. (Tsp)<\/p>\n<p> Quiz: K\u00f6rperverletzung, Einbruch, Raub \u2013 wo ist Berlin am gef\u00e4hrlichsten? <\/p>\n","protected":false},"excerpt":{"rendered":"Bei einem Brand in einem Wohnhaus in Gesundbrunnen ist am Sonnabend eine Person leicht verletzt worden. Das teilte&hellip;\n","protected":false},"author":2,"featured_media":263221,"comment_status":"","ping_status":"","sticky":false,"template":"","format":"standard","meta":{"footnotes":""},"categories":[1825],"tags":[296,29,985,30,525],"class_list":{"0":"post-263220","1":"post","2":"type-post","3":"status-publish","4":"format-standard","5":"has-post-thumbnail","7":"category-berlin","8":"tag-berlin","9":"tag-deutschland","10":"tag-feuerwehr","11":"tag-germany","12":"tag-mitte"},"share_on_mastodon":{"url":"https:\/\/pubeurope.com\/@de\/114841875036953870","error":""},"_links":{"self":[{"href":"https:\/\/www.europesays.com\/de\/wp-json\/wp\/v2\/posts\/263220","targetHints":{"allow":["GET"]}}],"collection":[{"href":"https:\/\/www.europesays.com\/de\/wp-json\/wp\/v2\/posts"}],"about":[{"href":"https:\/\/www.europesays.com\/de\/wp-json\/wp\/v2\/types\/post"}],"author":[{"embeddable":true,"href":"https:\/\/www.europesays.com\/de\/wp-json\/wp\/v2\/users\/2"}],"replies":[{"embeddable":true,"href":"https:\/\/www.europesays.com\/de\/wp-json\/wp\/v2\/comments?post=263220"}],"version-history":[{"count":0,"href":"https:\/\/www.europesays.com\/de\/wp-json\/wp\/v2\/posts\/263220\/revisions"}],"wp:featuredmedia":[{"embeddable":true,"href":"https:\/\/www.europesays.com\/de\/wp-json\/wp\/v2\/media\/263221"}],"wp:attachment":[{"href":"https:\/\/www.europesays.com\/de\/wp-json\/wp\/v2\/media?parent=263220"}],"wp:term":[{"taxonomy":"category","embeddable":true,"href":"https:\/\/www.europesays.com\/de\/wp-json\/wp\/v2\/categories?post=263220"},{"taxonomy":"post_tag","embeddable":true,"href":"https:\/\/www.europesays.com\/de\/wp-json\/wp\/v2\/tags?post=263220"}],"curies":[{"name":"wp","href":"https:\/\/api.w.org\/{rel}","templated":true}]}}