{"id":263408,"date":"2025-07-12T21:01:12","date_gmt":"2025-07-12T21:01:12","guid":{"rendered":"https:\/\/www.europesays.com\/de\/263408\/"},"modified":"2025-07-12T21:01:12","modified_gmt":"2025-07-12T21:01:12","slug":"sippel-ueber-neuhaus-video-traurig-das-heimlich-zu-filmen","status":"publish","type":"post","link":"https:\/\/www.europesays.com\/de\/263408\/","title":{"rendered":"Sippel \u00fcber Neuhaus-Video: \u201eTraurig, das heimlich zu filmen\u201c"},"content":{"rendered":"<p><a href=\"https:\/\/www.onetz.de\/f\/ic\/ga-large\/articlemedia\/2025\/07\/12\/83c28cd9-d145-40a3-b37f-3b8d4b2137eb.jpg\" class=\"ps-item\" data-psg=\"https:\/\/www.onetz.de\/sport\/1\" data-size=\"960x640\" data-caption=\"&lt;div&gt;Bild: Fabian Strauch\/dpa&lt;\/div&gt;Kritisiert die Neuhaus-Worte, beklagt aber auch die Ver\u00f6ffentlichung des heimlich mitgefilmten Videos im Internet: Gladbachs Torwart Tobias Sippel.\" rel=\"nofollow noopener\" target=\"_blank\"><img loading=\"lazy\" decoding=\"async\" src=\"https:\/\/www.europesays.com\/de\/wp-content\/uploads\/2025\/07\/83c28cd9-d145-40a3-b37f-3b8d4b2137eb.jpg\" alt=\"Kritisiert die Neuhaus-Worte, beklagt aber auch die Ver\u00f6ffentlichung des heimlich mitgefilmten Videos im Internet: Gladbachs Torwart Tobias Sippel. Bild: Fabian Strauch\/dpa\" title=\"\" width=\"805\" height=\"453\" class=\"img-responsive\"\/><\/a><\/p>\n<p>Kritisiert die Neuhaus-Worte, beklagt aber auch die Ver\u00f6ffentlichung des heimlich mitgefilmten Videos im Internet: Gladbachs Torwart Tobias Sippel.<\/p>\n<p>Bild: Fabian Strauch\/dpa<\/p>\n<p>Torwart Tobias Sippel (37) vom Fu\u00dfball-Bundesligisten Borussia M\u00f6nchengladbach findet es bedauerlich, dass private \u00c4u\u00dferungen des Teamkollegen Florian Neuhaus im Urlaub auf Mallorca gegen\u00fcber Fans als zehnsek\u00fcndige Videosequenz \u00fcberhaupt ins Internet gelangt sind.<\/p>\n<p>In dem Ausschnitt war zun\u00e4chst eine despektierliche Aussage \u00fcber den Borussia-Sportgesch\u00e4ftsf\u00fchrer Roland Virkus nur zu h\u00f6ren, ehe Neuhaus ins Bild kam und sein eigenes Gehalt von demnach \u201evier Millionen\u201c Euro verriet. Gladbach verh\u00e4ngte \u00fcber Neuhaus daraufhin eine sechsstellige Geldstrafe sowie eine vierw\u00f6chige Versetzung in die U23-Mannschaft.<\/p>\n<p>\u201eKlar, die Worte, die Flo gew\u00e4hlt hat, gehen gar nicht\u201c, sagte Sippel nun bei Sport1, \u201eaber diese Aussagen wurden in einem vermeintlich privaten Moment get\u00e4tigt und es ist auch traurig, das heimlich zu filmen und online zu stellen.\u201c<\/p>\n<p>Ersatzkeeper Sippel hat seinen Vertrag bei der Borussia f\u00fcr die n\u00e4chste Saison noch einmal verl\u00e4ngert. Er bleibt Teil des Torwartteams und wird dar\u00fcber hinaus an seine k\u00fcnftige Aufgabe als Jugend-Torwarttrainer herangef\u00fchrt.<\/p>\n<p>\u00a9 dpa-infocom, dpa:250712-930-789741\/1<\/p>\n","protected":false},"excerpt":{"rendered":"Kritisiert die Neuhaus-Worte, beklagt aber auch die Ver\u00f6ffentlichung des heimlich mitgefilmten Videos im Internet: Gladbachs Torwart Tobias Sippel.&hellip;\n","protected":false},"author":2,"featured_media":263409,"comment_status":"","ping_status":"","sticky":false,"template":"","format":"standard","meta":{"footnotes":""},"categories":[1849],"tags":[815,299,3364,29,7488,548,663,3934,347,30,13,4455,14,15,1209,12,265],"class_list":{"0":"post-263408","1":"post","2":"type-post","3":"status-publish","4":"format-standard","5":"has-post-thumbnail","7":"category-moenchengladbach","8":"tag-borussia-moenchengladbach","9":"tag-bundesliga","10":"tag-de","11":"tag-deutschland","12":"tag-dpa","13":"tag-eu","14":"tag-europa","15":"tag-europe","16":"tag-fussball","17":"tag-germany","18":"tag-headlines","19":"tag-moenchengladbach","20":"tag-nachrichten","21":"tag-news","22":"tag-nordrhein-westfalen","23":"tag-schlagzeilen","24":"tag-sport"},"share_on_mastodon":{"url":"https:\/\/pubeurope.com\/@de\/114842283849351657","error":""},"_links":{"self":[{"href":"https:\/\/www.europesays.com\/de\/wp-json\/wp\/v2\/posts\/263408","targetHints":{"allow":["GET"]}}],"collection":[{"href":"https:\/\/www.europesays.com\/de\/wp-json\/wp\/v2\/posts"}],"about":[{"href":"https:\/\/www.europesays.com\/de\/wp-json\/wp\/v2\/types\/post"}],"author":[{"embeddable":true,"href":"https:\/\/www.europesays.com\/de\/wp-json\/wp\/v2\/users\/2"}],"replies":[{"embeddable":true,"href":"https:\/\/www.europesays.com\/de\/wp-json\/wp\/v2\/comments?post=263408"}],"version-history":[{"count":0,"href":"https:\/\/www.europesays.com\/de\/wp-json\/wp\/v2\/posts\/263408\/revisions"}],"wp:featuredmedia":[{"embeddable":true,"href":"https:\/\/www.europesays.com\/de\/wp-json\/wp\/v2\/media\/263409"}],"wp:attachment":[{"href":"https:\/\/www.europesays.com\/de\/wp-json\/wp\/v2\/media?parent=263408"}],"wp:term":[{"taxonomy":"category","embeddable":true,"href":"https:\/\/www.europesays.com\/de\/wp-json\/wp\/v2\/categories?post=263408"},{"taxonomy":"post_tag","embeddable":true,"href":"https:\/\/www.europesays.com\/de\/wp-json\/wp\/v2\/tags?post=263408"}],"curies":[{"name":"wp","href":"https:\/\/api.w.org\/{rel}","templated":true}]}}